{"id":10747,"date":"2023-03-08T11:36:11","date_gmt":"2023-03-08T16:36:11","guid":{"rendered":"https:\/\/www.amchambaq.com\/?p=10747"},"modified":"2023-03-08T11:36:11","modified_gmt":"2023-03-08T16:36:11","slug":"liderazgos-femeninos-que-dejan-huella-en-el-atlantico","status":"publish","type":"post","link":"https:\/\/www.amchambaq.com\/es_co\/liderazgos-femeninos-que-dejan-huella-en-el-atlantico\/","title":{"rendered":"Liderazgos femeninos que dejan huella en el Atl\u00e1ntico"},"content":{"rendered":"<p>En este 8 de marzo, cuando se conmemora el D\u00eda Internacional de la Mujer, EL HERALDO hace un reconocimiento a aquellas l\u00edderes que trabajan en las diferentes localidades.<\/p>\n<p>La<strong>\u00a0igualdad de g\u00e9nero<\/strong>\u00a0es un acto de justicia social que nos compromete a todos. Su promoci\u00f3n o defensa no debe ser considerada una competencia exclusiva de gobernantes o autoridades que, por supuesto, est\u00e1n en la obligaci\u00f3n de esforzarse mucho m\u00e1s en la incesante b\u00fasqueda para reducir las odiosas brechas que condenan a\u00a0<strong>ni\u00f1as y mujeres\u00a0<\/strong>a unas vidas anodinas plagadas de discriminaci\u00f3n e inequidad. En tributo a las incontables v\u00edctimas que ha dejado la lucha en favor de una sociedad libre de exclusiones, pero sobre todo para que en el futuro no pervivan las inaceptables pr\u00e1cticas machistas que han causado da\u00f1o, cada ciudadano tiene que convertirse en garante de los derechos femeninos en los \u00e1mbitos familiares, laborales, sociales y jur\u00eddicos.<\/p>\n<p>Hasta ahora lo que se ha ganado en la equiparaci\u00f3n entre g\u00e9neros suma, pero todav\u00eda no es suficiente para que los estamentos sociales asuman, de una vez por todas, que la<strong>\u00a0reivindicaci\u00f3n\u00a0<\/strong>de la bandera del feminismo, al margen de que trate de ser monopolizada por algunos sectores pol\u00edticos e ideol\u00f3gicos, es una cuesti\u00f3n impostergable. Cerrarles el paso a ni\u00f1as y mujeres no solo resulta una afrenta moral, tambi\u00e9n pisotea la\u00a0<strong>dignidad\u00a0<\/strong>de m\u00e1s de la mitad de la poblaci\u00f3n. Basta de creer que la protecci\u00f3n de sus derechos civiles, pol\u00edticos, econ\u00f3micos, sociales y culturales corresponde a una concesi\u00f3n. Esta es una obligaci\u00f3n irrenunciable, cada vez m\u00e1s urgente, a tenor de la espantosa amenaza mis\u00f3gina que ha desatado un intolerable aumento de las violencias ensa\u00f1adas contra ellas. Tanto el machismo como su negacionismo c\u00f3mplice son inaceptables.<\/p>\n<p>En\u00a0<a href=\"https:\/\/www.elheraldo.co\/\" rel=\"nofollow\">EL HERALDO<\/a>, donde ratificamos nuestro compromiso diario con la construcci\u00f3n de una sociedad libre de\u00a0<strong>discriminaci\u00f3n y desigualdad<\/strong>, reconocemos avances. Pero, insistimos en que el\u00a0<strong>empoderamiento femenino\u00a0<\/strong>exige un gran trabajo individual y colectivo hasta que seamos capaces de erradicar la violencia de g\u00e9nero, asegurar la paridad en empresas e instituciones o derrumbar los sesgos machistas en la educaci\u00f3n.<\/p>\n<div class=\"field-item odd\">\n<div class=\"entity entity-paragraphs-item paragraphs-item-descripcion\">\n<div class=\"content\">\n<div class=\"field field-name-field-descripcion field-type-text-long field-label-hidden\">\n<div class=\"field-items\">\n<div class=\"field-item even\">\n<p>Todo un cambio social que no puede circunscribirse a una fecha en particular. Lo hacemos a lo largo del a\u00f1o y, especialmente, en esta ocasi\u00f3n queremos visibilizar la invaluable labor de lideresas sociales que en<strong>\u00a0Barranquilla y Puerto Colombia\u00a0<\/strong>dejan huella. Son sus acciones por mejorar la calidad de vida de sus comunidades, buscando sociedades m\u00e1s estables y justas las que marcan el camino que nos hemos fijado en esta casa editorial.<\/p>\n<p>Nuestro absoluto reconocimiento, que tambi\u00e9n extendemos a las v\u00edctimas de violencia de g\u00e9nero, como Milena Altamar y Rosa G\u00f3mez Collante, que nos contaron sus historias publicadas esta semana. Su valent\u00eda\u00a0<strong>nos inspira.\u00a0<\/strong>De su mano avanzamos, porque cuando se trata de mujeres sabemos que debemos hablar a diario, cada d\u00eda del a\u00f1o, para hacernos escuchar.<\/p>\n<\/div>\n<\/div>\n<\/div>\n<\/div>\n<\/div>\n<\/div>\n<div class=\"field-item even\">\n<div class=\"box-title\">\n<div class=\"field-item odd\">\n<div class=\"content-titulo\">\n<div class=\"titulo\">Eventos en la ciudad: movilizaciones, exposiciones y conversatorios por el D\u00eda Internacional de la Mujer<\/div>\n<\/div>\n<\/div>\n<div class=\"field-item even\">\n<div class=\"entity entity-paragraphs-item paragraphs-item-descripcion\">\n<div class=\"content\">\n<div class=\"field field-name-field-descripcion field-type-text-long field-label-hidden\">\n<div class=\"field-items\">\n<div class=\"field-item even\">\n<p>En el<strong>\u00a0D\u00eda Internacional de la Mujer,<\/strong>\u00a0la academia y organizaciones sociales han organizado una serie de actividades y movilizaciones para conmemorar esta fecha.<\/p>\n<p>El bloque Feminista en la capital del\u00a0<strong>Atl\u00e1ntico<\/strong>\u00a0lidera para este mi\u00e9rcoles una movilizaci\u00f3n, que recibe el nombre de \u2018Las mujeres del Caribe, marchamos por una vida libre de violencia\u2019, que tendr\u00e1 como punto de encuentro el monumento Esthercita Forero en la calle 74 con carrera 42F a las 3:00 p. m. y como punto de finalizaci\u00f3n el Monumento a la Bandera en la carrera 54 con calle 52 a las 5:00 p. m.<\/p>\n<p>Por su parte, la Universidad Sim\u00f3n Bol\u00edvar organiz\u00f3 el conversatorio \u2018Mujeres sobresalientes, por un\u00a0<strong>mundo digital inclusivo\u201d<\/strong>: innovaci\u00f3n y tecnolog\u00eda para la igualdad de g\u00e9nero\u2019, en el Auditorio Jorge Artel, de 8:00 de la ma\u00f1ana a 12:00 del mediod\u00eda.<\/p>\n<\/div>\n<\/div>\n<\/div>\n<\/div>\n<\/div>\n<\/div>\n<div class=\"field-item odd\">\n<div class=\"box-title\">\n<div class=\"field-item even\">\n<div class=\"entity entity-paragraphs-item paragraphs-item-descripcion\">\n<div class=\"content\">\n<div class=\"field field-name-field-descripcion field-type-text-long field-label-hidden\">\n<div class=\"field-items\">\n<div class=\"field-item even\">\n<p>La instituci\u00f3n educativa tambi\u00e9n organiz\u00f3 una exposici\u00f3n llamada\u00a0<strong>Musas\u00a0<\/strong>en la que participan ocho artistas como Roberto Angulo, Rafael Bar\u00f3n, Joaqu\u00edn Botero, Carla Celia, Alex de la Torre, Rosario Heins, Andr\u00e9s Pupo y Jorge Serrano.<\/p>\n<p>Esta se inaugura este mi\u00e9rcoles a las 7:00 de la noche en la Casa de la Cultura La Perla (calle 68#53-56). En esta actividad tambi\u00e9n participan Musa Galer\u00eda de Arte y Galer\u00eda Elsa Pi\u00f1eres.<\/p>\n<\/div>\n<\/div>\n<\/div>\n<\/div>\n<\/div>\n<\/div>\n<div class=\"field-item odd\">\n<div class=\"content-imagen\">\n<div class=\"image\" data-bg-desk=\"https:\/\/www.elheraldo.co\/sites\/default\/files\/styles\/width_1180\/public\/infografia_pagina_10.jpg?itok=MulySgYq\" data-bg-mob=\"https:\/\/www.elheraldo.co\/sites\/default\/files\/styles\/414x780\/public\/infografia_pagina_10.jpg?itok=c28BxPeh\"><picture><source srcset=\"https:\/\/www.elheraldo.co\/sites\/default\/files\/styles\/width_820\/public\/infografia_pagina_10.jpg?itok=bH05pgxj\" media=\"(min-width: 1180px)\" \/><source srcset=\"https:\/\/www.elheraldo.co\/sites\/default\/files\/styles\/width_768\/public\/infografia_pagina_10.jpg?itok=EK0bKcYk\" media=\"(min-width: 768px)\" \/><source srcset=\"https:\/\/www.elheraldo.co\/sites\/default\/files\/styles\/width_414\/public\/infografia_pagina_10.jpg?itok=FdqI3TNP\" media=\"(max-width: 767px)\" \/><\/picture><\/div>\n<div data-bg-desk=\"https:\/\/www.elheraldo.co\/sites\/default\/files\/styles\/width_1180\/public\/infografia_pagina_10.jpg?itok=MulySgYq\" data-bg-mob=\"https:\/\/www.elheraldo.co\/sites\/default\/files\/styles\/414x780\/public\/infografia_pagina_10.jpg?itok=c28BxPeh\">Tomado de: El Heraldo<\/div>\n<\/div>\n<\/div>\n<\/div>\n<\/div>\n<\/div>\n<\/div>\n","protected":false},"excerpt":{"rendered":"<p>En este 8 de marzo, cuando se conmemora el D\u00eda Internacional de la Mujer, EL HERALDO hace un reconocimiento a aquellas l\u00edderes que trabajan en las diferentes localidades. La\u00a0igualdad de g\u00e9nero\u00a0es un acto de justicia social que nos compromete a todos. Su promoci\u00f3n o defensa no debe ser considerada una competencia exclusiva de gobernantes o<\/p>\n","protected":false},"author":1,"featured_media":10748,"comment_status":"closed","ping_status":"closed","sticky":false,"template":"","format":"standard","meta":{"footnotes":""},"categories":[342,181],"tags":[],"class_list":["post-10747","post","type-post","status-publish","format-standard","has-post-thumbnail","hentry","category-news","category-noticias"],"views":89,"_links":{"self":[{"href":"https:\/\/www.amchambaq.com\/es_co\/wp-json\/wp\/v2\/posts\/10747","targetHints":{"allow":["GET"]}}],"collection":[{"href":"https:\/\/www.amchambaq.com\/es_co\/wp-json\/wp\/v2\/posts"}],"about":[{"href":"https:\/\/www.amchambaq.com\/es_co\/wp-json\/wp\/v2\/types\/post"}],"author":[{"embeddable":true,"href":"https:\/\/www.amchambaq.com\/es_co\/wp-json\/wp\/v2\/users\/1"}],"replies":[{"embeddable":true,"href":"https:\/\/www.amchambaq.com\/es_co\/wp-json\/wp\/v2\/comments?post=10747"}],"version-history":[{"count":1,"href":"https:\/\/www.amchambaq.com\/es_co\/wp-json\/wp\/v2\/posts\/10747\/revisions"}],"predecessor-version":[{"id":10749,"href":"https:\/\/www.amchambaq.com\/es_co\/wp-json\/wp\/v2\/posts\/10747\/revisions\/10749"}],"wp:featuredmedia":[{"embeddable":true,"href":"https:\/\/www.amchambaq.com\/es_co\/wp-json\/wp\/v2\/media\/10748"}],"wp:attachment":[{"href":"https:\/\/www.amchambaq.com\/es_co\/wp-json\/wp\/v2\/media?parent=10747"}],"wp:term":[{"taxonomy":"category","embeddable":true,"href":"https:\/\/www.amchambaq.com\/es_co\/wp-json\/wp\/v2\/categories?post=10747"},{"taxonomy":"post_tag","embeddable":true,"href":"https:\/\/www.amchambaq.com\/es_co\/wp-json\/wp\/v2\/tags?post=10747"}],"curies":[{"name":"wp","href":"https:\/\/api.w.org\/{rel}","templated":true}]}}