{"id":10728,"date":"2023-03-06T11:11:09","date_gmt":"2023-03-06T16:11:09","guid":{"rendered":"https:\/\/www.amchambaq.com\/?p=10728"},"modified":"2023-03-06T11:11:09","modified_gmt":"2023-03-06T16:11:09","slug":"la-agencia-de-viajes-aviatur-s-a-s-se-certifica-como-la-primera-agencia-de-viajes-carbono-neutral-de-colombia","status":"publish","type":"post","link":"https:\/\/www.amchambaq.com\/es_co\/la-agencia-de-viajes-aviatur-s-a-s-se-certifica-como-la-primera-agencia-de-viajes-carbono-neutral-de-colombia\/","title":{"rendered":"La Agencia de Viajes Aviatur S. A. S. se certifica como la primera agencia de viajes carbono neutral de Colombia"},"content":{"rendered":"<p>Como habitantes del planeta Tierra tenemos la responsabilidad de esforzarnos en\u00a0mantener un medio ambiente apto y propicio para que todas las formas de vida puedan cohabitarla sin ver su existencia amenazada por las acciones del ser humano,\u00a0especialmente las que se relacionan con el calentamiento global.<\/p>\n<p>Frente a esto, es nuestro deber\u00a0como sociedad\u00a0cumplir y reforzar el pacto para encarar estos estragos a partir de nosotros mismos y\u00a0escalando los esfuerzos a nuestras\u00a0familias\u00a0y\u00a0entornos laborales.\u00a0Fue con este objetivo que\u00a0en la Agencia de Viajes Aviatur S. A. S. nos comprometimos a reducir y equilibrar\u00a0nuestras emisiones de gases de efecto invernadero para dirigirnos hacia un camino\u00a0de carbono neutralidad,\u00a0apoyar las estrategias y\u00a0acciones\u00a0que buscan contrarrestar\u00a0el\u00a0cambio clim\u00e1tico\u00a0que enfrentamos actualmente.<\/p>\n<p>Hoy nos sentimos orgullosos de compartir que la Agencia de Viajes Aviatur S. A. S. obtuvo la\u00a0Certificaci\u00f3n de carbono neutro\u00a0por parte de\u00a0Icontec\u00a0al cumplir con los requisitos para la cuantificaci\u00f3n e informe de emisi\u00f3n y remoci\u00f3n de gases de efecto invernadero a nivel de la organizaci\u00f3n\u00a0de acuerdo con la norma ISO 14064-1.<\/p>\n<p>Este certificado reconoce el compromiso que adquirimos y las acciones ejecutadas frente al cambio clim\u00e1tico, la emergencia planetaria y la p\u00e9rdida de biodiversidad. Es un compromiso que nace como empresa y que\u00a0quiere llegar a cada individuo que hace parte de \u00e9sta para que\u00a0con la conciencia del cambio se vuelva una realidad. Esto es coherencia con lo que se dice y se hace.<\/p>\n<p>No se trata solamente de compensar nuestra huella de carbono. Se trata de empezar a hacer una reducci\u00f3n en nuestros consumos, elaborar planes de trabajo que nos ayuden a minimizar los impactos que tenemos como empresa para mantener el esfuerzo a lo largo del tiempo y, a trav\u00e9s de la constancia, dar ejemplo, inspirar y motivar al sector turismo, empresarial y a toda nuestra cadena de valor a salir de la zona de confort para asumir las responsabilidades que tenemos como seres que habitan este planeta.\u00a0No olvidemos que el presente y el futuro de las empresas est\u00e1n en la sostenibilidad y que es un cambio inevitable. Es dif\u00edcil comenzar, pero la acci\u00f3n real y valiente es mantener el compromiso.<\/p>\n<p>Queremos extender la invitaci\u00f3n para que otras\u00a0agencias y\u00a0empresas\u00a0del sector turismo\u00a0se unan a este esfuerzo\u00a0global\u00a0que cada vez toma m\u00e1s fuerza\u00a0para\u00a0combatir el cambio clim\u00e1tico\u00a0en un esfuerzo conjunto.<\/p>\n<p>AVIATUR AGENCIA DE VIAJES S.A.S<\/p>\n<p>&#8212;<br \/>\nAviatur S.A.S. RNT 438. La explotaci\u00f3n y el abuso sexual de menores de edad son<br \/>\nsancionados con pena privativa de la libertad, Ley 679 de 2001 y la Ley 1336 de 2009. Para<br \/>\nmayor informaci\u00f3n consulta con el asesor de viajes o en la p\u00e1gina web\u00a0<a href=\"http:\/\/www.aviatur.com\/\" data-attribute-index=\"5\">www.aviatur.com<\/a><\/p>\n","protected":false},"excerpt":{"rendered":"<p>Como habitantes del planeta Tierra tenemos la responsabilidad de esforzarnos en\u00a0mantener un medio ambiente apto y propicio para que todas las formas de vida puedan cohabitarla sin ver su existencia amenazada por las acciones del ser humano,\u00a0especialmente las que se relacionan con el calentamiento global. Frente a esto, es nuestro deber\u00a0como sociedad\u00a0cumplir y reforzar el<\/p>\n","protected":false},"author":1,"featured_media":10729,"comment_status":"closed","ping_status":"closed","sticky":false,"template":"","format":"standard","meta":{"footnotes":""},"categories":[342,181],"tags":[],"class_list":["post-10728","post","type-post","status-publish","format-standard","has-post-thumbnail","hentry","category-news","category-noticias"],"views":55,"_links":{"self":[{"href":"https:\/\/www.amchambaq.com\/es_co\/wp-json\/wp\/v2\/posts\/10728","targetHints":{"allow":["GET"]}}],"collection":[{"href":"https:\/\/www.amchambaq.com\/es_co\/wp-json\/wp\/v2\/posts"}],"about":[{"href":"https:\/\/www.amchambaq.com\/es_co\/wp-json\/wp\/v2\/types\/post"}],"author":[{"embeddable":true,"href":"https:\/\/www.amchambaq.com\/es_co\/wp-json\/wp\/v2\/users\/1"}],"replies":[{"embeddable":true,"href":"https:\/\/www.amchambaq.com\/es_co\/wp-json\/wp\/v2\/comments?post=10728"}],"version-history":[{"count":1,"href":"https:\/\/www.amchambaq.com\/es_co\/wp-json\/wp\/v2\/posts\/10728\/revisions"}],"predecessor-version":[{"id":10730,"href":"https:\/\/www.amchambaq.com\/es_co\/wp-json\/wp\/v2\/posts\/10728\/revisions\/10730"}],"wp:featuredmedia":[{"embeddable":true,"href":"https:\/\/www.amchambaq.com\/es_co\/wp-json\/wp\/v2\/media\/10729"}],"wp:attachment":[{"href":"https:\/\/www.amchambaq.com\/es_co\/wp-json\/wp\/v2\/media?parent=10728"}],"wp:term":[{"taxonomy":"category","embeddable":true,"href":"https:\/\/www.amchambaq.com\/es_co\/wp-json\/wp\/v2\/categories?post=10728"},{"taxonomy":"post_tag","embeddable":true,"href":"https:\/\/www.amchambaq.com\/es_co\/wp-json\/wp\/v2\/tags?post=10728"}],"curies":[{"name":"wp","href":"https:\/\/api.w.org\/{rel}","templated":true}]}}