{"id":10724,"date":"2023-03-06T09:42:40","date_gmt":"2023-03-06T14:42:40","guid":{"rendered":"https:\/\/www.amchambaq.com\/?p=10724"},"modified":"2023-03-06T09:42:40","modified_gmt":"2023-03-06T14:42:40","slug":"dos-fases-del-ecoparque-mallorquin-listas-en-el-segundo-semestre","status":"publish","type":"post","link":"https:\/\/www.amchambaq.com\/es_co\/dos-fases-del-ecoparque-mallorquin-listas-en-el-segundo-semestre\/","title":{"rendered":"Dos fases del ecoparque Mallorqu\u00edn, listas en el segundo semestre"},"content":{"rendered":"<p>La administraci\u00f3n distrital indic\u00f3 que el ingreso a este espacio ser\u00e1 con aforo controlado. Trabajan de la mano con comunidades para que se beneficien con este megaproyecto.<\/p>\n<p>El ecoparque<strong>\u00a0Ci\u00e9naga de Mallorqu\u00edn\u00a0<\/strong>es una realidad que podr\u00e1 ser disfrutada dentro de poco por propios y visitantes. En el segundo semestre del a\u00f1o, las primeras fases de este\u00a0<strong>m\u00e1gico espacio\u00a0<\/strong>abrir\u00e1n sus puertas y permitir\u00e1 sumergirse en una experiencia \u00fanica de contemplaci\u00f3n de zonas verdes y\u00a0<strong>especies nativa<\/strong>.<\/p>\n<p>Para el alcalde Jaime Pumarejo, el desarrollo de este proyecto es clave para<strong>\u00a0jalonar el turismo<\/strong>\u00a0y generar empleo en la ciudad, mejorando la calidad de vida de los habitantes de las zonas cercanas y de todos los barranquilleros, aline\u00e1ndose al objetivo de convertir a Barranquilla en una\u00a0<strong>biodiverciudad.<\/strong><\/p>\n<p>\u201cVa a ser un ecoparque que va a ayudar a\u00a0<strong>preservar\u00a0<\/strong>cada d\u00eda m\u00e1s\u00a0<strong>los mangles\u00a0<\/strong>y a conservar este ecosistema y la playa de Puerto Mocho, que vamos a protegerla para que no sea sometida al embate del mar\u201d, sostuvo el mandatario distrital.<\/p>\n<p>Desde la administraci\u00f3n distrital se estima que cuente con\u00a0 un control de aforo, de acuerdo con la capacidad de carga del\u00a0<strong>ecosistema<\/strong>. De esta manera, las visitas a este tesoro natural se podr\u00e1n desarrollar en un horario de lunes a domingo de 6:00 a. m. a 6:00 p. m.<\/p>\n<div class=\"field-item odd\">\n<div class=\"content-titulo\">\n<div class=\"titulo\">UF1: las obras contempladas<\/div>\n<\/div>\n<\/div>\n<div class=\"field-item even\">\n<div class=\"entity entity-paragraphs-item paragraphs-item-descripcion\">\n<div class=\"content\">\n<div class=\"field field-name-field-descripcion field-type-text-long field-label-hidden\">\n<div class=\"field-items\">\n<div class=\"field-item even\">\n<p>En la primera unidad funcional del ecoparque, que cuenta con un\u00a0<strong>avance del 47 %<\/strong>, se habilitar\u00e1n las \u00e1reas palaf\u00edticas en las que se podr\u00e1 caminar por encima de la ci\u00e9naga. De acuerdo con el Distrito, en este punto se ha logrado la intervenci\u00f3n de 15.616 metros lineales, en los cuales se ubicaron\u00a0<strong>1.384 pilotes.<\/strong><\/p>\n<p>En esta fase se ha logrado la habilitaci\u00f3n de\u00a0<strong>4.853 metros cuadrados\u00a0<\/strong>de pasarela, 7.316 metros lineales de vigas instaladas para la pasarela y 235 metros lineales de columnas instaladas para las edificaciones en madera.<\/p>\n<p>Una de los atractivos de esta fase son las grader\u00edas, que se han visionado como un espacio para realizar\u00a0<strong>presentaciones o conciertos\u00a0<\/strong>de baja escala. Adem\u00e1s se habilitar\u00e1 una ciclorruta que se incorpora en la ci\u00e9naga, rodeada de mangles flotantes.<\/p>\n<div class=\"field-item even\">\n<div class=\"content-titulo\">\n<div class=\"titulo\">La segunda fase<\/div>\n<\/div>\n<\/div>\n<div class=\"field-item odd\">\n<div class=\"entity entity-paragraphs-item paragraphs-item-descripcion\">\n<div class=\"content\">\n<div class=\"field field-name-field-descripcion field-type-text-long field-label-hidden\">\n<div class=\"field-items\">\n<div class=\"field-item even\">\n<p>Con relaci\u00f3n a la segunda\u00a0<strong>unidad funcional<\/strong>, cuyo avance se encuentra en el 44 %, cuenta con 2.8 kil\u00f3metros de senderos nuevos entre paseos peatonales y ciclorrutas. De igual manera, contar\u00e1 con playa y piscina natural, distintos muelles para acceder al agua, equipamiento con puntos comerciales para el consumo de\u00a0<strong>alimentos\u00a0<\/strong>y parqueadero para carros, motos, bicicletas y buses.<\/p>\n<p>En esta fase ha desarrollado, 28.979 metros c\u00fabicos de material en\u00a0<strong>movimientos de tierra\u00a0<\/strong>para el parqueadero, 27.270 metros lineales de pilotes instalados equivalente a 2135 unidades de pilotes, 2.634 metros cuadrados de pasarela, 3.900 metros lineales de vigas instaladas para la pasarela y se encuentra finalizada la estructura de\u00a0<strong>concreto del edificio\u00a0<\/strong>administrativo de 214 metros cuadrados.<\/p>\n<p>Seg\u00fan la administraci\u00f3n distrital, pronto se dar\u00e1 inicio a las\u00a0<strong>instalaciones hidrosanitarias\u00a0<\/strong>y el\u00e9ctricas, adem\u00e1s de las edificaciones de la unidad funcional 2.<\/p>\n<div class=\"field-item odd\">\n<div class=\"content-titulo\">\n<div class=\"titulo\">Trabajo con la comunidad<\/div>\n<\/div>\n<\/div>\n<div class=\"field-item even\">\n<div class=\"entity entity-paragraphs-item paragraphs-item-descripcion\">\n<div class=\"content\">\n<div class=\"field field-name-field-descripcion field-type-text-long field-label-hidden\">\n<div class=\"field-items\">\n<div class=\"field-item even\">\n<p>El Centro de Oportunidades ha estado trabajando de la mano con<strong>\u00a019 asociaciones de pescadores\u00a0<\/strong>en la Ci\u00e9naga de Mallorqu\u00edn, adelantando sensibilizaci\u00f3n y socializaci\u00f3n acerca de la ruta del proyecto.<\/p>\n<p>\u201cEstamos tratando de involucrarlos para que las personas que han vivido cerca a la ci\u00e9naga o de este ecosistema, y han padecido, puedan ser los que se\u00a0<strong>beneficien\u00a0<\/strong>ahora en conjunto\u201d, sostuvo el alcalde\u00a0<strong>Pumarejo\u00a0<\/strong>durante una inspecci\u00f3n realizada en marzo del a\u00f1o anterior.<\/p>\n<p>De esta forma se ha verificado el\u00a0<strong>acompa\u00f1amiento\u00a0<\/strong>en la formalizaci\u00f3n para que puedan seguir llevando a cabo sus labores productivas de manera \u00f3ptima.<\/p>\n<p>\u201cEste proyecto ha sido un gran paso hacia el desarrollo sostenible de la ciudad, y esperamos continuar apoyando a las\u00a0<strong>comunidades\u00a0<\/strong>locales en su crecimiento econ\u00f3mico y social\u201d, sostuvo el Distrito.<\/p>\n<div class=\"field-item even\">\n<div class=\"content-titulo\">\n<div class=\"titulo\">La inversi\u00f3n<\/div>\n<\/div>\n<\/div>\n<div class=\"field-item odd\">\n<div class=\"entity entity-paragraphs-item paragraphs-item-descripcion\">\n<div class=\"content\">\n<div class=\"field field-name-field-descripcion field-type-text-long field-label-hidden\">\n<div class=\"field-items\">\n<div class=\"field-item even\">\n<p>En la primera fase del ecoparque se invierten\u00a0<strong>$113 mil millones,<\/strong>\u00a0que corresponden a recursos de cr\u00e9ditos internacionales. Por su parte, en la unidad funcional 2 se destinaron $82 mil millones, los cuales fueron aportados por el Gobierno nacional y el\u00a0<strong>Distrito\u00a0<\/strong><strong>de Barranquilla<\/strong>.<\/p>\n<\/div>\n<\/div>\n<\/div>\n<\/div>\n<\/div>\n<\/div>\n<div class=\"field-item even\">\n<div id=\"relacionado-body\">\n<div class=\"box-title\">\n<div class=\"field-item odd\">\n<div class=\"content-titulo\">\n<div class=\"titulo\">Descontaminaci\u00f3n de la Ci\u00e9naga<\/div>\n<\/div>\n<\/div>\n<div class=\"field-item even\">\n<div class=\"entity entity-paragraphs-item paragraphs-item-descripcion\">\n<div class=\"content\">\n<div class=\"field field-name-field-descripcion field-type-text-long field-label-hidden\">\n<div class=\"field-items\">\n<div class=\"field-item even\">\n<p>De acuerdo con Ayari Rojano, bi\u00f3loga de la\u00a0<strong>Corporaci\u00f3n Aut\u00f3noma Regional del Atl\u00e1ntico (CRA)<\/strong>, la ci\u00e9naga actualmente, desde el punto de vista microbiol\u00f3gico, se encuentra saneada. Los datos arrojados en el primer monitoreo realizado en el mes de diciembre mostraron buenos indicadores de recuperaci\u00f3n de este cuerpo de agua.<\/p>\n<p>\u201cObtuvimos un aumento del ox\u00edgeno disuelto, ya no hay presencia de cianotoxinas y no hay detecci\u00f3n de coliformes fecales ni\u00a0<strong>coliformes totales<\/strong>\u201d, dijo Rojano, quien agreg\u00f3 que gracias a estos avances se ha evitado que\u00a0<strong>nuevamente\u00a0<\/strong>se presente una mortandad de peces. Sostuvo que hay unos retos en los que se deben trabajar para evitar mayores tensores a este ecosistema.<\/p>\n<\/div>\n<\/div>\n<\/div>\n<\/div>\n<\/div>\n<\/div>\n<div class=\"field-item odd\">\n<div class=\"content-imagen\">\n<div class=\"image\" data-bg-desk=\"https:\/\/www.elheraldo.co\/sites\/default\/files\/styles\/width_1180\/public\/6_principal.jpg?itok=zmslmTTd\" data-bg-mob=\"https:\/\/www.elheraldo.co\/sites\/default\/files\/styles\/414x780\/public\/6_principal.jpg?itok=KaDJSOan\"><picture><source srcset=\"https:\/\/www.elheraldo.co\/sites\/default\/files\/styles\/width_820\/public\/6_principal.jpg?itok=jPtq3omp\" media=\"(min-width: 1180px)\" \/><source srcset=\"https:\/\/www.elheraldo.co\/sites\/default\/files\/styles\/width_768\/public\/6_principal.jpg?itok=nNYY07D3\" media=\"(min-width: 768px)\" \/><source srcset=\"https:\/\/www.elheraldo.co\/sites\/default\/files\/styles\/width_414\/public\/6_principal.jpg?itok=RrUAFW4t\" media=\"(max-width: 767px)\" \/><\/picture><\/div>\n<div data-bg-desk=\"https:\/\/www.elheraldo.co\/sites\/default\/files\/styles\/width_1180\/public\/6_principal.jpg?itok=zmslmTTd\" data-bg-mob=\"https:\/\/www.elheraldo.co\/sites\/default\/files\/styles\/414x780\/public\/6_principal.jpg?itok=KaDJSOan\">Tomado de: El Heraldo<\/div>\n<\/div>\n<\/div>\n<\/div>\n<\/div>\n<\/div>\n<\/div>\n<\/div>\n<\/div>\n<\/div>\n<\/div>\n<\/div>\n<\/div>\n<\/div>\n<\/div>\n<\/div>\n<\/div>\n<\/div>\n<\/div>\n<\/div>\n<\/div>\n<\/div>\n<\/div>\n<\/div>\n","protected":false},"excerpt":{"rendered":"<p>La administraci\u00f3n distrital indic\u00f3 que el ingreso a este espacio ser\u00e1 con aforo controlado. Trabajan de la mano con comunidades para que se beneficien con este megaproyecto. El ecoparque\u00a0Ci\u00e9naga de Mallorqu\u00edn\u00a0es una realidad que podr\u00e1 ser disfrutada dentro de poco por propios y visitantes. En el segundo semestre del a\u00f1o, las primeras fases de este\u00a0m\u00e1gico<\/p>\n","protected":false},"author":1,"featured_media":10725,"comment_status":"closed","ping_status":"closed","sticky":false,"template":"","format":"standard","meta":{"footnotes":""},"categories":[342,181],"tags":[],"class_list":["post-10724","post","type-post","status-publish","format-standard","has-post-thumbnail","hentry","category-news","category-noticias"],"views":109,"_links":{"self":[{"href":"https:\/\/www.amchambaq.com\/es_co\/wp-json\/wp\/v2\/posts\/10724","targetHints":{"allow":["GET"]}}],"collection":[{"href":"https:\/\/www.amchambaq.com\/es_co\/wp-json\/wp\/v2\/posts"}],"about":[{"href":"https:\/\/www.amchambaq.com\/es_co\/wp-json\/wp\/v2\/types\/post"}],"author":[{"embeddable":true,"href":"https:\/\/www.amchambaq.com\/es_co\/wp-json\/wp\/v2\/users\/1"}],"replies":[{"embeddable":true,"href":"https:\/\/www.amchambaq.com\/es_co\/wp-json\/wp\/v2\/comments?post=10724"}],"version-history":[{"count":1,"href":"https:\/\/www.amchambaq.com\/es_co\/wp-json\/wp\/v2\/posts\/10724\/revisions"}],"predecessor-version":[{"id":10726,"href":"https:\/\/www.amchambaq.com\/es_co\/wp-json\/wp\/v2\/posts\/10724\/revisions\/10726"}],"wp:featuredmedia":[{"embeddable":true,"href":"https:\/\/www.amchambaq.com\/es_co\/wp-json\/wp\/v2\/media\/10725"}],"wp:attachment":[{"href":"https:\/\/www.amchambaq.com\/es_co\/wp-json\/wp\/v2\/media?parent=10724"}],"wp:term":[{"taxonomy":"category","embeddable":true,"href":"https:\/\/www.amchambaq.com\/es_co\/wp-json\/wp\/v2\/categories?post=10724"},{"taxonomy":"post_tag","embeddable":true,"href":"https:\/\/www.amchambaq.com\/es_co\/wp-json\/wp\/v2\/tags?post=10724"}],"curies":[{"name":"wp","href":"https:\/\/api.w.org\/{rel}","templated":true}]}}