{"id":10702,"date":"2023-03-02T09:33:45","date_gmt":"2023-03-02T14:33:45","guid":{"rendered":"https:\/\/www.amchambaq.com\/?p=10702"},"modified":"2023-03-02T09:33:45","modified_gmt":"2023-03-02T14:33:45","slug":"7-de-marzo-eleccion-de-la-nueva-junta-directiva-de-triple-a","status":"publish","type":"post","link":"https:\/\/www.amchambaq.com\/es_co\/7-de-marzo-eleccion-de-la-nueva-junta-directiva-de-triple-a\/","title":{"rendered":"7 de marzo, elecci\u00f3n de la nueva Junta Directiva de Triple A"},"content":{"rendered":"<p>Ser\u00e1 la primera reuni\u00f3n de accionistas que se desarrolla luego de que el Distrito recupere la mayor\u00eda accionaria\u00a0Fenalco pide garantizar prestaci\u00f3n del servicio.<\/p>\n<p>A las 8:00 a. m. del pr\u00f3ximo martes fue convocada una reuni\u00f3n extraordinaria de la\u00a0<strong>Asamblea General de Accionistas de la\u00a0empresa\u00a0<\/strong>Triple A para la escogencia y nombramiento de la nueva Junta Directiva.<\/p>\n<p>Esta reuni\u00f3n, que se llevar\u00e1 a cabo de forma virtual, ser\u00e1 la primera que se realice tras la\u00a0<strong>entrega\u00a0<\/strong>del 82,16 % de las acciones de dicha empresa por parte de la Sociedad de Activos Especiales (SAE) a la\u00a0<strong>compa\u00f1\u00eda\u00a0<\/strong>K<strong>-yena<\/strong>.<\/p>\n<p>\u201cLa Junta Directiva simplemente refleja el cambio accionario\u201d, sostuvo recientemente el alcalde\u00a0<strong>Jaime Pumarejo Heins.<\/strong><\/p>\n<p>De acuerdo con el mandatario distrital, con el control de la empresa se pone en marcha un proceso de planeaci\u00f3n para garantizar el bienestar de los usuarios en Barranquilla y 14 municipios del Atl\u00e1ntico.<\/p>\n<p>\u201cAdem\u00e1s donde utilicemos esos recursos para mejorar el\u00a0<strong>servicio<\/strong>, generar eficiencia y luego para invertir los excedentes en programas sociales y de\u00a0<strong>infraestructura\u00a0<\/strong>y que no solo dependamos de los impuesto de los barranquilleros\u201d, asegur\u00f3.<\/p>\n<div class=\"field-item odd\">\n<div class=\"content-titulo\">\n<div class=\"titulo\">\u200bLa composici\u00f3n accionaria<\/div>\n<\/div>\n<\/div>\n<div class=\"field-item even\">\n<div class=\"entity entity-paragraphs-item paragraphs-item-descripcion\">\n<div class=\"content\">\n<div class=\"field field-name-field-descripcion field-type-text-long field-label-hidden\">\n<div class=\"field-items\">\n<div class=\"field-item even\">\n<p>Cabe recordar que el Distrito de Barranquilla cuenta con el\u00a0<strong>74,9 %<\/strong>\u00a0de las acciones de Triple A.<\/p>\n<p>Este porcentaje corresponde al 14,50 % que le ha pertenecido hist\u00f3ricamente, que se suma el 53,40 % que maneja al hacer parte de la empresa\u00a0<strong>K-yena,<\/strong>\u00a0as\u00ed como el\u00a0 7 % de las acciones que fueron donadas por la empresa Alutrafic LED S.A.S. en agosto del a\u00f1o anterior.<\/p>\n<p>Es decir, el 21,8 % de las acciones quedan en\u00a0<strong>poder\u00a0<\/strong>del socio privado de K-yena y debe ser objeto de venta a otra entidad p\u00fablica.<\/p>\n<\/div>\n<\/div>\n<\/div>\n<\/div>\n<\/div>\n<\/div>\n<div class=\"field-item odd\">\n<div id=\"relacionado-body\">\n<div class=\"field-item even\">\n<div class=\"content-titulo\">\n<div class=\"titulo\">Fenalco respalda entrada de Gobernaci\u00f3n del Atl\u00e1ntico como accionista<\/div>\n<\/div>\n<\/div>\n<div class=\"field-item odd\">\n<div class=\"entity entity-paragraphs-item paragraphs-item-descripcion\">\n<div class=\"content\">\n<div class=\"field field-name-field-descripcion field-type-text-long field-label-hidden\">\n<div class=\"field-items\">\n<div class=\"field-item even\">\n<p>La Federaci\u00f3n Nacional de Comerciantes (Fenalco) en el Atl\u00e1ntico expres\u00f3 su respaldo a la\u00a0<strong>posibilidad\u00a0<\/strong>de que la Gobernaci\u00f3n tenga participaci\u00f3n en la empresa Triple A, teniendo en cuenta que presta sus servicios en 14 municipios del departamento.<\/p>\n<p>De acuerdo con el gremio, dicha participaci\u00f3n se debe dar \u201ca trav\u00e9s de acciones donadas por el Estado\u201d. Dicha donaci\u00f3n deber\u00eda tambi\u00e9n beneficiar al\u00a0<strong>Distrito de Barranquilla<\/strong>, con el principal objetivo de la protecci\u00f3n de los usuarios.<\/p>\n<p>\u201cConsideramos que la cesi\u00f3n de\u00a0<strong>acciones\u00a0<\/strong>debi\u00f3 realizarse en el marco de una donaci\u00f3n o cesi\u00f3n a t\u00edtulo gratuito del Gobierno al Distrito de Barranquilla, restableciendo as\u00ed los derechos de la ciudad sobre una empresa que siempre ha debido pertenecerle\u201d, agreg\u00f3 Fenalco.<\/p>\n<p>Adem\u00e1s, el gremio fue enf\u00e1tico al sostener que todas las actuaciones alrededor de la compa\u00f1\u00eda deben ser transparentes y respetar los\u00a0<strong>marcos legales<\/strong>, brindando confianza a la ciudadan\u00eda sobre las gestiones efectuadas.<\/p>\n<p>\u201cLos derechos de los usuarios deben prevalecer y en\u00a0<strong>consecuencia<\/strong>, las decisiones tomadas deber\u00e1n siempre garantizar la adecuada prestaci\u00f3n del servicio y la posibilidad de mantener una mejora continua, aportando a la competitividad del departamento\u201d, agreg\u00f3.<\/p>\n<p>Tomado de : El Heraldo<\/p>\n<\/div>\n<\/div>\n<\/div>\n<\/div>\n<\/div>\n<\/div>\n<\/div>\n<\/div>\n","protected":false},"excerpt":{"rendered":"<p>Ser\u00e1 la primera reuni\u00f3n de accionistas que se desarrolla luego de que el Distrito recupere la mayor\u00eda accionaria\u00a0Fenalco pide garantizar prestaci\u00f3n del servicio. A las 8:00 a. m. del pr\u00f3ximo martes fue convocada una reuni\u00f3n extraordinaria de la\u00a0Asamblea General de Accionistas de la\u00a0empresa\u00a0Triple A para la escogencia y nombramiento de la nueva Junta Directiva. Esta<\/p>\n","protected":false},"author":1,"featured_media":10703,"comment_status":"closed","ping_status":"closed","sticky":false,"template":"","format":"standard","meta":{"footnotes":""},"categories":[342,181],"tags":[],"class_list":["post-10702","post","type-post","status-publish","format-standard","has-post-thumbnail","hentry","category-news","category-noticias"],"views":88,"_links":{"self":[{"href":"https:\/\/www.amchambaq.com\/es_co\/wp-json\/wp\/v2\/posts\/10702","targetHints":{"allow":["GET"]}}],"collection":[{"href":"https:\/\/www.amchambaq.com\/es_co\/wp-json\/wp\/v2\/posts"}],"about":[{"href":"https:\/\/www.amchambaq.com\/es_co\/wp-json\/wp\/v2\/types\/post"}],"author":[{"embeddable":true,"href":"https:\/\/www.amchambaq.com\/es_co\/wp-json\/wp\/v2\/users\/1"}],"replies":[{"embeddable":true,"href":"https:\/\/www.amchambaq.com\/es_co\/wp-json\/wp\/v2\/comments?post=10702"}],"version-history":[{"count":1,"href":"https:\/\/www.amchambaq.com\/es_co\/wp-json\/wp\/v2\/posts\/10702\/revisions"}],"predecessor-version":[{"id":10704,"href":"https:\/\/www.amchambaq.com\/es_co\/wp-json\/wp\/v2\/posts\/10702\/revisions\/10704"}],"wp:featuredmedia":[{"embeddable":true,"href":"https:\/\/www.amchambaq.com\/es_co\/wp-json\/wp\/v2\/media\/10703"}],"wp:attachment":[{"href":"https:\/\/www.amchambaq.com\/es_co\/wp-json\/wp\/v2\/media?parent=10702"}],"wp:term":[{"taxonomy":"category","embeddable":true,"href":"https:\/\/www.amchambaq.com\/es_co\/wp-json\/wp\/v2\/categories?post=10702"},{"taxonomy":"post_tag","embeddable":true,"href":"https:\/\/www.amchambaq.com\/es_co\/wp-json\/wp\/v2\/tags?post=10702"}],"curies":[{"name":"wp","href":"https:\/\/api.w.org\/{rel}","templated":true}]}}