{"id":10682,"date":"2023-02-28T08:42:14","date_gmt":"2023-02-28T13:42:14","guid":{"rendered":"https:\/\/www.amchambaq.com\/?p=10682"},"modified":"2023-02-28T08:42:14","modified_gmt":"2023-02-28T13:42:14","slug":"los-retos-de-la-movilidad-sostenible","status":"publish","type":"post","link":"https:\/\/www.amchambaq.com\/es_co\/los-retos-de-la-movilidad-sostenible\/","title":{"rendered":"Los retos de la movilidad sostenible"},"content":{"rendered":"<p>De los 6.6 millones de veh\u00edculos que hay en Colombia, solo 7.995 son 100% el\u00e9ctricos.<\/p>\n<p>Para llegar a la meta de cero emisiones el pa\u00eds a\u00fan debe enfrentar algunos retos, sobre todo en la transici\u00f3n de veh\u00edculos de combusti\u00f3n a otras fuentes de energ\u00eda, asegur\u00f3 Oliverio Garc\u00eda, presidente de la Asociaci\u00f3n Nacional de Movilidad Sostenible (Andemos).<\/p>\n<p>El dirigente gremial destac\u00f3 que lideran reuniones con el Ministerio de Transporte para trabajar en programas que permitan viabilizar estas tecnolog\u00edas alternas y de transici\u00f3n que son una oportunidad para el pa\u00eds, mientras desarrollan la infraestructura necesaria para llegar a veh\u00edculos 100 % el\u00e9ctricos.<\/p>\n<p>Cifras del gremio indican de los cerca de los 6,6 millones de veh\u00edculos que conforman el parque automotor de Colombia, solo 7.995 son 100 % el\u00e9ctricos (0,1 %) y 50.027 son h\u00edbridos el\u00e9ctricos (0,8 %). En el caso del parque de motos, hay 11.1 millones de las cuales 12.843 son el\u00e9ctricas (0,1%).<\/p>\n<p>Se calcula que el sector transporte, es la principal fuente de emisiones del sector energ\u00e9tico (42%), por eso el gremio considera positivo que en la pol\u00edtica de industrializaci\u00f3n del Gobierno nacional se incluyan mecanismos que impulsen en la industria nacional automotriz los mecanismos que permitan fabricar y ensamblar componentes para veh\u00edculos el\u00e9ctricos. Esto pondr\u00eda a Colombia a la vanguardia de la tendencia mundial en movilidad de migrar a veh\u00edculos de cero emisiones.<\/p>\n<p>\u201cLa descarbonizaci\u00f3n debe ser una transici\u00f3n y en ese proceso deben entrar diferentes fuentes de energ\u00eda, que adem\u00e1s reciban incentivos en t\u00e9rminos de pol\u00edtica p\u00fablica\u201d, dijo Oliverio Garc\u00eda.<\/p>\n<p>Indic\u00f3 que para el gremio, las tecnolog\u00edas h\u00edbridas el\u00e9ctricas son la estrategia adecuada en las aspiraciones de cero emisiones, entendiendo que, por la diferencia de precios y las condiciones actuales de infraestructura, es m\u00e1s probable que un consumidor de un veh\u00edculo de combusti\u00f3n interna primero pase a un h\u00edbrido que directamente a uno el\u00e9ctrico.<\/p>\n<p>Garc\u00eda mencion\u00f3 que dentro de las tecnolog\u00edas que contribuyen a la transformaci\u00f3n de la matriz energ\u00e9tica est\u00e1n los veh\u00edculos h\u00edbridos el\u00e9ctricos que por su precio y autonom\u00eda pueden sustituir los veh\u00edculos de combusti\u00f3n en el corto y mediano plazo, y por eso es importante que los gobiernos promuevan su uso.<\/p>\n<p>Para Andemos, una de las limitaciones que se debe resolver el Ministerio de Comercio, Industria y Turismo en el corto plazo es la de los cupos de los veh\u00edculos h\u00edbridos establecidos en el Decreto 1116 de 2017 que para el 2023 corresponden a tres mil unidades que ya se agotaron.<\/p>\n<p>El gas natural tambi\u00e9n requiere la ampliaci\u00f3n de la red nacional para que los veh\u00edculos de carga puedan acceder a este combustible, mientras se habilitan alternativas como el hidr\u00f3geno vehicular.<\/p>\n<p>En cuanto a los biocombustibles, para que funcionen como energ\u00eda de transici\u00f3n se requiere que los productores garanticen un abastecimiento para las mezclas m\u00e1ximas obligatorias de 10% y se implemente un programa de mezclas voluntarias.<\/p>\n<p>Tomado de : El Heraldo<\/p>\n","protected":false},"excerpt":{"rendered":"<p>De los 6.6 millones de veh\u00edculos que hay en Colombia, solo 7.995 son 100% el\u00e9ctricos. Para llegar a la meta de cero emisiones el pa\u00eds a\u00fan debe enfrentar algunos retos, sobre todo en la transici\u00f3n de veh\u00edculos de combusti\u00f3n a otras fuentes de energ\u00eda, asegur\u00f3 Oliverio Garc\u00eda, presidente de la Asociaci\u00f3n Nacional de Movilidad Sostenible<\/p>\n","protected":false},"author":1,"featured_media":10683,"comment_status":"closed","ping_status":"closed","sticky":false,"template":"","format":"standard","meta":{"footnotes":""},"categories":[342,181],"tags":[],"class_list":["post-10682","post","type-post","status-publish","format-standard","has-post-thumbnail","hentry","category-news","category-noticias"],"views":81,"_links":{"self":[{"href":"https:\/\/www.amchambaq.com\/es_co\/wp-json\/wp\/v2\/posts\/10682","targetHints":{"allow":["GET"]}}],"collection":[{"href":"https:\/\/www.amchambaq.com\/es_co\/wp-json\/wp\/v2\/posts"}],"about":[{"href":"https:\/\/www.amchambaq.com\/es_co\/wp-json\/wp\/v2\/types\/post"}],"author":[{"embeddable":true,"href":"https:\/\/www.amchambaq.com\/es_co\/wp-json\/wp\/v2\/users\/1"}],"replies":[{"embeddable":true,"href":"https:\/\/www.amchambaq.com\/es_co\/wp-json\/wp\/v2\/comments?post=10682"}],"version-history":[{"count":1,"href":"https:\/\/www.amchambaq.com\/es_co\/wp-json\/wp\/v2\/posts\/10682\/revisions"}],"predecessor-version":[{"id":10684,"href":"https:\/\/www.amchambaq.com\/es_co\/wp-json\/wp\/v2\/posts\/10682\/revisions\/10684"}],"wp:featuredmedia":[{"embeddable":true,"href":"https:\/\/www.amchambaq.com\/es_co\/wp-json\/wp\/v2\/media\/10683"}],"wp:attachment":[{"href":"https:\/\/www.amchambaq.com\/es_co\/wp-json\/wp\/v2\/media?parent=10682"}],"wp:term":[{"taxonomy":"category","embeddable":true,"href":"https:\/\/www.amchambaq.com\/es_co\/wp-json\/wp\/v2\/categories?post=10682"},{"taxonomy":"post_tag","embeddable":true,"href":"https:\/\/www.amchambaq.com\/es_co\/wp-json\/wp\/v2\/tags?post=10682"}],"curies":[{"name":"wp","href":"https:\/\/api.w.org\/{rel}","templated":true}]}}