{"id":10672,"date":"2023-02-27T10:08:22","date_gmt":"2023-02-27T15:08:22","guid":{"rendered":"https:\/\/www.amchambaq.com\/?p=10672"},"modified":"2023-02-27T10:08:22","modified_gmt":"2023-02-27T15:08:22","slug":"la-mineria-seguira-siendo-protagonista-de-la-agenda-global-acm","status":"publish","type":"post","link":"https:\/\/www.amchambaq.com\/es_co\/la-mineria-seguira-siendo-protagonista-de-la-agenda-global-acm\/","title":{"rendered":"\u201cLa miner\u00eda seguir\u00e1 siendo protagonista de la agenda global\u201d: ACM"},"content":{"rendered":"<p>El 2022 fue un a\u00f1o r\u00e9cord para las exportaciones de carb\u00f3n y se espera que persista la tendencia en el presente.\u00a0Inflaci\u00f3n y recesi\u00f3n econ\u00f3mica son factores de incertidumbre para el sector.<\/p>\n<div id=\"body\" class=\"content-article size-m\">\n<p>El 2022 fue un a\u00f1o r\u00e9cord para las<strong>\u00a0exportaciones mineras<\/strong>\u00a0de<strong>\u00a0Colombia<\/strong>, aumentaron 52 % respecto al valor registrado en 2021 y llegaron a USD20.387 millones. La participaci\u00f3n de la\u00a0<strong>miner\u00eda<\/strong>\u00a0en las ventas externas a nivel nacional fue del 36 %, y el carb\u00f3n se mantuvo como un mineral con alta demanda internacional.<\/p>\n<\/div>\n<div id=\"paragraphs\" class=\"content-article paragraphs size-m\">\n<div class=\"field-collection-container clearfix\">\n<div class=\"field field-name-field-contenido-articulos-2 field-type-field-collection field-label-hidden\">\n<div class=\"field-item even\">\n<div class=\"field-collection-view clearfix view-mode-full field-collection-view-final\">\n<div>\n<div class=\"content\">\n<div class=\"paragraphs-items paragraphs-items-field-campos paragraphs-items-field-campos-full paragraphs-items-full\">\n<div class=\"field field-name-field-campos field-type-paragraphs field-label-hidden\">\n<div class=\"field-item even\">\n<div class=\"box-title\">\n<p>Seg\u00fan los datos de la\u00a0<strong>Asociaci\u00f3n Colombiana de Miner\u00eda<\/strong>\u00a0(ACM), en 2022 se exportaron 54,63 millones de toneladas, lo que represent\u00f3 0,3 % m\u00e1s que el a\u00f1o anterior.<\/p>\n<p>\u201cSi bien la demanda mundial por carb\u00f3n se increment\u00f3 gracias a la necesidad de tener una<strong>\u00a0seguridad energ\u00e9tica<\/strong>\u00a0en Europa \u2013y otros pa\u00edses del mundo\u2013 que depend\u00edan de Rusia para su abastecimiento de minerales, la cantidad exportada de carb\u00f3n t\u00e9rmico fue apenas superior al ocurrido en 2021\u201d, explic\u00f3 Juan Sebasti\u00e1n Mart\u00ednez, director econ\u00f3mico de la ACM.<\/p>\n<div class=\"field-item odd\">\n<div class=\"entity entity-paragraphs-item paragraphs-item-descripcion\">\n<div class=\"content\">\n<div class=\"field field-name-field-descripcion field-type-text-long field-label-hidden\">\n<div class=\"field-items\">\n<div class=\"field-item even\">\n<p>No obstante, las\u00a0<strong>exportaciones de carb\u00f3n metal\u00fargico<\/strong>\u00a0alcanzaron una cifra hist\u00f3rica de 1,93 millones de toneladas exportadas, 67,3 % m\u00e1s que en 2021.<\/p>\n<p>\u201cEn un a\u00f1o en el que la tasa de cambio igualmente alcanz\u00f3 su m\u00e1ximo valor hist\u00f3rico, la estabilizaci\u00f3n de la balanza comercial por cuenta de las<strong>\u00a0exportaciones mineras<\/strong>\u00a0jug\u00f3, sin duda alguna, un papel fundamental en mantener en cierto nivel la\u00a0<strong>Tasa Representativa del Mercado<\/strong>\u00a0(TRM) y, por supuesto, en evitar que la inflaci\u00f3n siguiera el acelerado camino al alza que tuvo el\u00a0a\u00f1o anterior por cuenta de los distintos factores externos asociados con la oferta de energ\u00eda, la de alimentos y los desequilibrios en las cadenas de abastecimiento\u201d, detall\u00f3 Mart\u00ednez.<\/p>\n<\/div>\n<\/div>\n<\/div>\n<\/div>\n<\/div>\n<\/div>\n<div class=\"field-item even\">\n<div class=\"shares\"><\/div>\n<div class=\"content-titulo\">\n<div class=\"titulo\">Cumplieron el objetivo<\/div>\n<\/div>\n<\/div>\n<div class=\"field-item odd\">\n<div class=\"entity entity-paragraphs-item paragraphs-item-descripcion\">\n<div class=\"content\">\n<div class=\"field field-name-field-descripcion field-type-text-long field-label-hidden\">\n<div class=\"field-items\">\n<div class=\"field-item even\">\n<p>Las empresas del pa\u00eds que se encargan de la producci\u00f3n y exportaci\u00f3n de carb\u00f3n manifestaron que en 2022 cumplieron con el objetivo trazado, y prev\u00e9n que este 2023 siga se mantenga la tendencia de crecimiento.<\/p>\n<p>\u201cEn el 2022 nos fue bien, cumplimos con nuestras expectativas de negocio, nosotros ten\u00edamos proyectado una producci\u00f3n entre 28 y 30 millones de toneladas y de esta manera logramos el tope de 28 millones\u201d, detall\u00f3 Pablo Urrutia, vicepresidente de\u00a0Asuntos P\u00fablicos y Comunicaciones de<strong>\u00a0Drummond<\/strong>\u00a0en di\u00e1logo con\u00a0<a href=\"https:\/\/www.elheraldo.co\/\" target=\"_blank\" rel=\"nofollow noopener\">EL HERALDO<\/a>.<\/p>\n<div class=\"field-item odd\">\n<div class=\"entity entity-paragraphs-item paragraphs-item-descripcion\">\n<div class=\"content\">\n<div class=\"field field-name-field-descripcion field-type-text-long field-label-hidden\">\n<div class=\"field-items\">\n<div class=\"field-item even\">\n<p>Agreg\u00f3 que en particular, la compa\u00f1\u00eda no pudo producir m\u00e1s de lo esperado por un tema de lluvias excesivas durante el a\u00f1o.<\/p>\n<p>\u201cCuando hay mucha lluvia, la operaci\u00f3n tiene que parar por cuestiones de seguridad industrial. Si hacemos la comparaci\u00f3n con 2021, la producci\u00f3n fue de 31 millones, luego en 2022 bajamos a 28 millones, pero fue por el tema de lluvias, sin embargo, pudimos cumplir con el objetivo y con los inventarios de carb\u00f3n tanto en mina como en el puerto\u201d, manifest\u00f3 el dirigente.<\/p>\n<\/div>\n<\/div>\n<\/div>\n<\/div>\n<\/div>\n<\/div>\n<div class=\"field-item even\">\n<div class=\"shares\"><\/div>\n<div class=\"content-titulo\">\n<div class=\"titulo\">Hay incertidumbre<\/div>\n<\/div>\n<\/div>\n<div class=\"field-item odd\">\n<div class=\"entity entity-paragraphs-item paragraphs-item-descripcion\">\n<div class=\"content\">\n<div class=\"field field-name-field-descripcion field-type-text-long field-label-hidden\">\n<div class=\"field-items\">\n<div class=\"field-item even\">\n<p>Seg\u00fan Juan Sebasti\u00e1n Mart\u00ednez, la din\u00e1mica de las exportaciones mineras durante los a\u00f1os siguientes seguir\u00e1 estando marcada por los distintos riesgos globales que de una u otra manera tienen un impacto en la miner\u00eda.<\/p>\n<p>\u201cLa incertidumbre, la recesi\u00f3n econ\u00f3mica, la inflaci\u00f3n, los conflictos geopol\u00edticos, la seguridad energ\u00e9tica y la\u00a0<strong>transici\u00f3n energ\u00e9tica<\/strong>\u00a0son algunos de los temas que necesariamente mantienen\u00a0a la miner\u00eda como protagonista de la agenda global\u201d, expres\u00f3 el director econ\u00f3mico de la ACM.<\/p>\n<div class=\"field-item odd\">\n<div class=\"entity entity-paragraphs-item paragraphs-item-descripcion\">\n<div class=\"content\">\n<div class=\"field field-name-field-descripcion field-type-text-long field-label-hidden\">\n<div class=\"field-items\">\n<div class=\"field-item even\">\n<p>A\u00f1adi\u00f3 que pese a esto, Colombia tiene la oportunidad de aprovechar la coyuntura mundial para desarrollar su potencial minero.<\/p>\n<p>\u201cEl desarrollo de un plan minero que incremente la producci\u00f3n requiere de\u00a0<strong>inversiones<\/strong>\u00a0y permisos que no responden a las coyunturas de precios sino m\u00e1s bien a la confianza o certidumbre sobre un plan de mediano plazo\u201d, dijo Mart\u00ednez.<\/p>\n<\/div>\n<\/div>\n<\/div>\n<\/div>\n<\/div>\n<\/div>\n<div class=\"field-item even\">\n<div class=\"shares\"><\/div>\n<div class=\"content-titulo\">\n<div class=\"titulo\">Seguir la producci\u00f3n<\/div>\n<\/div>\n<\/div>\n<div class=\"field-item odd\">\n<div class=\"entity entity-paragraphs-item paragraphs-item-descripcion\">\n<div class=\"content\">\n<div class=\"field field-name-field-descripcion field-type-text-long field-label-hidden\">\n<div class=\"field-items\">\n<div class=\"field-item even\">\n<p>Pablo Urrutia indic\u00f3 que para 2023 se debe mantener la producci\u00f3n, sin importar las condiciones que puedan generar incertidumbre, como es el caso de la desaceleraci\u00f3n econ\u00f3mica.<\/p>\n<p>\u201cPara 2023 esperamos mantener un nivel de producci\u00f3n entre los 30 millones de toneladas, tenemos tres minas en operaci\u00f3n como la mina Pribbenow, El Descanso y El Corozo, y con las tres esperamos mantener ese nivel de producci\u00f3n\u201d, destac\u00f3.<\/p>\n<\/div>\n<\/div>\n<\/div>\n<\/div>\n<\/div>\n<\/div>\n<div class=\"field-item even\">\n<div class=\"shares\"><\/div>\n<div class=\"content-titulo\">\n<div class=\"titulo\">Mantener la empleabilidad<\/div>\n<\/div>\n<\/div>\n<div class=\"field-item odd\">\n<div class=\"entity entity-paragraphs-item paragraphs-item-descripcion\">\n<div class=\"content\">\n<div class=\"field field-name-field-descripcion field-type-text-long field-label-hidden\">\n<div class=\"field-items\">\n<div class=\"field-item even\">\n<p>Uno de los retos para las empresas mineras es mantener el empleo, ya que este sector es amplio y de su operaci\u00f3n, claramente depende que la empleabilidad se mantenga.<\/p>\n<p>\u201cEstamos trabajando en la capacidad de lo que podemos tener, y eso genera m\u00e1s o menos entre 10 mil y 11 mil empleos directos, y eso a su vez, entre 44 mil y 50 mil empleos indirectos, y ese es el nivel que por ahora tenemos en capacidad\u201d, dijo el directivo de Drummond.<\/p>\n<\/div>\n<\/div>\n<\/div>\n<\/div>\n<\/div>\n<\/div>\n<div class=\"field-item even\">\n<div class=\"shares\"><\/div>\n<div class=\"content-titulo\">\n<div class=\"titulo\">El carb\u00f3n, clave en la matriz energ\u00e9tica<\/div>\n<\/div>\n<\/div>\n<div class=\"field-item odd\">\n<div class=\"entity entity-paragraphs-item paragraphs-item-descripcion\">\n<div class=\"content\">\n<div class=\"field field-name-field-descripcion field-type-text-long field-label-hidden\">\n<div class=\"field-items\">\n<div class=\"field-item even\">\n<p>Los representantes de la miner\u00eda del carb\u00f3n destacan la importancia de este mineral para la transici\u00f3n energ\u00e9tica, y dicen que la matriz tanto de Colombia como de otros pa\u00edses tambi\u00e9n se basa en carb\u00f3n y en combustibles f\u00f3siles.<\/p>\n<p>\u201cSin duda hay una tendencia de energ\u00eda e\u00f3lica y solar, pero todav\u00eda eso no garantiza la demanda para la matriz energ\u00e9tica. Hemos visto que b\u00e1sicamente los pa\u00edses dependen mucho de los combustibles f\u00f3siles (carb\u00f3n, gas y petr\u00f3leo) para su matriz energ\u00e9tica\u201d, manifest\u00f3 a<a href=\"https:\/\/www.elheraldo.co\/\" target=\"_blank\" rel=\"nofollow noopener\">\u00a0EL HERALDO<\/a>\u00a0Jos\u00e9 Luis Vel\u00e1squez, gerente de operaciones de Puerto Drummond.<\/p>\n<p>A\u00f1adi\u00f3 que los problemas sociopol\u00edticos por la guerra entre\u00a0<strong>Rusia<\/strong>\u00a0y\u00a0<strong>Ucrania<\/strong>\u00a0son un gran indicador. \u201cEn el momento en que Rusia dej\u00f3 de suministrar gas a Europa, se vio una gran demanda por carb\u00f3n y gas\u201d<\/p>\n<p>Tomado de: El Heraldo<\/p>\n<\/div>\n<\/div>\n<\/div>\n<\/div>\n<\/div>\n<\/div>\n<\/div>\n<\/div>\n<\/div>\n<\/div>\n<\/div>\n<\/div>\n<\/div>\n<\/div>\n<\/div>\n<\/div>\n<\/div>\n<\/div>\n<\/div>\n<\/div>\n<\/div>\n<\/div>\n<\/div>\n<\/div>\n<\/div>\n<\/div>\n<\/div>\n<\/div>\n<\/div>\n","protected":false},"excerpt":{"rendered":"<p>El 2022 fue un a\u00f1o r\u00e9cord para las exportaciones de carb\u00f3n y se espera que persista la tendencia en el presente.\u00a0Inflaci\u00f3n y recesi\u00f3n econ\u00f3mica son factores de incertidumbre para el sector. El 2022 fue un a\u00f1o r\u00e9cord para las\u00a0exportaciones mineras\u00a0de\u00a0Colombia, aumentaron 52 % respecto al valor registrado en 2021 y llegaron a USD20.387 millones. La<\/p>\n","protected":false},"author":1,"featured_media":10673,"comment_status":"closed","ping_status":"closed","sticky":false,"template":"","format":"standard","meta":{"footnotes":""},"categories":[342,181],"tags":[],"class_list":["post-10672","post","type-post","status-publish","format-standard","has-post-thumbnail","hentry","category-news","category-noticias"],"views":103,"_links":{"self":[{"href":"https:\/\/www.amchambaq.com\/es_co\/wp-json\/wp\/v2\/posts\/10672","targetHints":{"allow":["GET"]}}],"collection":[{"href":"https:\/\/www.amchambaq.com\/es_co\/wp-json\/wp\/v2\/posts"}],"about":[{"href":"https:\/\/www.amchambaq.com\/es_co\/wp-json\/wp\/v2\/types\/post"}],"author":[{"embeddable":true,"href":"https:\/\/www.amchambaq.com\/es_co\/wp-json\/wp\/v2\/users\/1"}],"replies":[{"embeddable":true,"href":"https:\/\/www.amchambaq.com\/es_co\/wp-json\/wp\/v2\/comments?post=10672"}],"version-history":[{"count":2,"href":"https:\/\/www.amchambaq.com\/es_co\/wp-json\/wp\/v2\/posts\/10672\/revisions"}],"predecessor-version":[{"id":10675,"href":"https:\/\/www.amchambaq.com\/es_co\/wp-json\/wp\/v2\/posts\/10672\/revisions\/10675"}],"wp:featuredmedia":[{"embeddable":true,"href":"https:\/\/www.amchambaq.com\/es_co\/wp-json\/wp\/v2\/media\/10673"}],"wp:attachment":[{"href":"https:\/\/www.amchambaq.com\/es_co\/wp-json\/wp\/v2\/media?parent=10672"}],"wp:term":[{"taxonomy":"category","embeddable":true,"href":"https:\/\/www.amchambaq.com\/es_co\/wp-json\/wp\/v2\/categories?post=10672"},{"taxonomy":"post_tag","embeddable":true,"href":"https:\/\/www.amchambaq.com\/es_co\/wp-json\/wp\/v2\/tags?post=10672"}],"curies":[{"name":"wp","href":"https:\/\/api.w.org\/{rel}","templated":true}]}}