{"id":10644,"date":"2023-02-22T09:10:10","date_gmt":"2023-02-22T14:10:10","guid":{"rendered":"https:\/\/www.amchambaq.com\/?p=10644"},"modified":"2023-02-22T09:10:10","modified_gmt":"2023-02-22T14:10:10","slug":"la-demanda-de-energia-en-la-region-caribe-aumento-624","status":"publish","type":"post","link":"https:\/\/www.amchambaq.com\/es_co\/la-demanda-de-energia-en-la-region-caribe-aumento-624\/","title":{"rendered":"La demanda de energ\u00eda en la regi\u00f3n Caribe aument\u00f3 6,24 %"},"content":{"rendered":"<p>Tras unos meses en el que la demanda de energ\u00eda se redujo en la Costa Caribe, esta volvi\u00f3 a incrementar.<\/p>\n<div id=\"body\" class=\"content-article size-m\">\n<p>En enero,\u00a0<strong>la demanda de energ\u00eda en la regi\u00f3n Caribe<\/strong>\u00a0present\u00f3 un\u00a0<strong>aumento de 6,24 %<\/strong>\u00a0frente al mismo mes del a\u00f1o anterior.<\/p>\n<\/div>\n<div id=\"paragraphs\" class=\"content-article paragraphs size-m\">\n<div class=\"field-collection-container clearfix\">\n<div class=\"field field-name-field-contenido-articulos-2 field-type-field-collection field-label-hidden\">\n<div class=\"field-item even\">\n<div class=\"field-collection-view clearfix view-mode-full field-collection-view-final\">\n<div class=\"content\">\n<div class=\"paragraphs-items paragraphs-items-field-campos paragraphs-items-field-campos-full paragraphs-items-full\">\n<div class=\"field field-name-field-campos field-type-paragraphs field-label-hidden\">\n<div class=\"field-item even\">\n<div class=\"box-title\">\n<div class=\"field-item odd\">\n<div class=\"entity entity-paragraphs-item paragraphs-item-descripcion\">\n<div class=\"content\">\n<div class=\"field field-name-field-descripcion field-type-text-long field-label-hidden\">\n<div class=\"field-items\">\n<div class=\"field-item even\">\n<p>Esto significa que es la\u00a0<strong>cuarta regi\u00f3n con la mayor demanda de energ\u00eda en Colombia<\/strong>, siendo la primera\u00a0<strong>Guaviare<\/strong>\u00a0con un aumento de 13,17 %, seguido de Oriente (8,08 %) y Centro con 7,38 %.<\/p>\n<p>Es importante resaltar que tras unos meses en el que\u00a0<strong>la demanda de energ\u00eda<\/strong>\u00a0se redujo en la\u00a0<strong>Costa Caribe<\/strong>, esta volvi\u00f3 a incrementar.<\/p>\n<p>Por su parte, en enero de 2023 la demanda de<strong>\u00a0energ\u00eda en Colombia\u00a0<\/strong>fue de 6,393.42 GWh-mes, lo que significa que\u00a0<strong>aument\u00f3 1,39 %<\/strong>\u00a0en comparaci\u00f3n con el c<strong>onsumo nacional\u00a0<\/strong>de enero de 2022, cuando la demanda fue de 6,277.91 GWh-mes.<\/p>\n<\/div>\n<\/div>\n<\/div>\n<\/div>\n<\/div>\n<\/div>\n<div class=\"field-item even\">\n<div class=\"box-title\">\n<p>\u201c<strong>Si bien el pa\u00eds tuvo un crecimiento en la demanda en t\u00e9rminos generales\u00a0<\/strong>en enero de 2023 en comparaci\u00f3n con el mismo periodo de 2022, por tercer mes consecutivo se presenta un decrecimiento en el consumo de energ\u00eda del mercado regulado (el consumo residencial y peque\u00f1os negocios\u201d, detall\u00f3\u00a0<strong>Jaime Alejandro Zapata<\/strong>, gerente del\u00a0<strong>Centro Nacional de Despacho de XM.<\/strong><\/p>\n<p>Dentro de las actividades econ\u00f3micas de mayor crecimiento de demanda de energ\u00eda en el mercado no regulado para el mes de enero con respecto al mismo mes de 2022,\u00a0<strong>se destacan la explotaci\u00f3n de minas y canteras con un aumento del 20,27 % y transporte y almacenamiento con 3,59 %<\/strong>.<\/p>\n<p>Tomado del : El Heraldo<\/p>\n<\/div>\n<\/div>\n<\/div>\n<\/div>\n<\/div>\n<\/div>\n<\/div>\n<\/div>\n<\/div>\n<\/div>\n<\/div>\n<\/div>\n","protected":false},"excerpt":{"rendered":"<p>Tras unos meses en el que la demanda de energ\u00eda se redujo en la Costa Caribe, esta volvi\u00f3 a incrementar. En enero,\u00a0la demanda de energ\u00eda en la regi\u00f3n Caribe\u00a0present\u00f3 un\u00a0aumento de 6,24 %\u00a0frente al mismo mes del a\u00f1o anterior. Esto significa que es la\u00a0cuarta regi\u00f3n con la mayor demanda de energ\u00eda en Colombia, siendo la<\/p>\n","protected":false},"author":1,"featured_media":10645,"comment_status":"closed","ping_status":"closed","sticky":false,"template":"","format":"standard","meta":{"footnotes":""},"categories":[342,181],"tags":[],"class_list":["post-10644","post","type-post","status-publish","format-standard","has-post-thumbnail","hentry","category-news","category-noticias"],"views":100,"_links":{"self":[{"href":"https:\/\/www.amchambaq.com\/es_co\/wp-json\/wp\/v2\/posts\/10644","targetHints":{"allow":["GET"]}}],"collection":[{"href":"https:\/\/www.amchambaq.com\/es_co\/wp-json\/wp\/v2\/posts"}],"about":[{"href":"https:\/\/www.amchambaq.com\/es_co\/wp-json\/wp\/v2\/types\/post"}],"author":[{"embeddable":true,"href":"https:\/\/www.amchambaq.com\/es_co\/wp-json\/wp\/v2\/users\/1"}],"replies":[{"embeddable":true,"href":"https:\/\/www.amchambaq.com\/es_co\/wp-json\/wp\/v2\/comments?post=10644"}],"version-history":[{"count":1,"href":"https:\/\/www.amchambaq.com\/es_co\/wp-json\/wp\/v2\/posts\/10644\/revisions"}],"predecessor-version":[{"id":10646,"href":"https:\/\/www.amchambaq.com\/es_co\/wp-json\/wp\/v2\/posts\/10644\/revisions\/10646"}],"wp:featuredmedia":[{"embeddable":true,"href":"https:\/\/www.amchambaq.com\/es_co\/wp-json\/wp\/v2\/media\/10645"}],"wp:attachment":[{"href":"https:\/\/www.amchambaq.com\/es_co\/wp-json\/wp\/v2\/media?parent=10644"}],"wp:term":[{"taxonomy":"category","embeddable":true,"href":"https:\/\/www.amchambaq.com\/es_co\/wp-json\/wp\/v2\/categories?post=10644"},{"taxonomy":"post_tag","embeddable":true,"href":"https:\/\/www.amchambaq.com\/es_co\/wp-json\/wp\/v2\/tags?post=10644"}],"curies":[{"name":"wp","href":"https:\/\/api.w.org\/{rel}","templated":true}]}}