{"id":10640,"date":"2023-02-22T09:06:53","date_gmt":"2023-02-22T14:06:53","guid":{"rendered":"https:\/\/www.amchambaq.com\/?p=10640"},"modified":"2023-02-22T09:16:09","modified_gmt":"2023-02-22T14:16:09","slug":"ruben-minski-pasara-a-la-presidencia-ejecutiva-de-la-junta-de-procaps","status":"publish","type":"post","link":"https:\/\/www.amchambaq.com\/es_co\/ruben-minski-pasara-a-la-presidencia-ejecutiva-de-la-junta-de-procaps\/","title":{"rendered":"Rub\u00e9n Minski pasar\u00e1 a la presidencia ejecutiva de la junta de Procaps"},"content":{"rendered":"<p>En\u00a0este a\u00f1o se desarrollar\u00e1 el proceso de\u00a0b\u00fasqueda de un nuevo CEO de la empresa.<\/p>\n<div id=\"body\" class=\"content-article size-m\">\n<p>Enfocado en su prop\u00f3sito de liderar nuevas iniciativas estrat\u00e9gicas,\u00a0<strong>Rub\u00e9n Minski<\/strong>, fundador\u00a0y actual CEO de\u00a0<strong>Procaps<\/strong>, anunci\u00f3 que a comienzos de 2024\u00a0asumir\u00e1 el cargo de presidente ejecutivo de la junta de la compa\u00f1\u00eda con sede en<strong>\u00a0Barranquilla.<\/strong><\/p>\n<\/div>\n<div id=\"paragraphs\" class=\"content-article paragraphs size-m\">\n<div class=\"field-collection-container clearfix\">\n<div class=\"field field-name-field-contenido-articulos-2 field-type-field-collection field-label-hidden\">\n<div class=\"field-item even\">\n<div class=\"field-collection-view clearfix view-mode-full field-collection-view-final\">\n<div>\n<div class=\"content\">\n<div class=\"paragraphs-items paragraphs-items-field-campos paragraphs-items-field-campos-full paragraphs-items-full\">\n<div class=\"field field-name-field-campos field-type-paragraphs field-label-hidden\">\n<div class=\"field-item even\">\n<div class=\"box-title\">\n<div class=\"field-item odd\">\n<div class=\"entity entity-paragraphs-item paragraphs-item-descripcion\">\n<div class=\"content\">\n<div class=\"field field-name-field-descripcion field-type-text-long field-label-hidden\">\n<div class=\"field-items\">\n<div class=\"field-item even\">\n<p>\u201cA medida que continuamos enfoc\u00e1ndonos en el crecimiento y despu\u00e9s de meses de considerar c\u00f3mo servir mejor a la compa\u00f1\u00eda, ha determinado que liderar la compa\u00f1\u00eda en iniciativas estrat\u00e9gicas importantes en lugar de los asuntos cotidianos ser\u00eda de mayor valor\u201d, dijo Minski en una carta a los accionistas de Procaps.<\/p>\n<p>\u201cMe enorgullece enormemente que hayamos agregado una profundidad sustancial de talento en los \u00faltimos a\u00f1os y hayamos hecho crecer significativamente la Compa\u00f1\u00eda que mi familia comenz\u00f3 hace 45 a\u00f1os hasta convertirse en un\u00a0<strong>conglomerado farmac\u00e9utico\u00a0<\/strong>y de atenci\u00f3n m\u00e9dica l\u00edder en Am\u00e9rica Latina que ahora cotiza en Nasdaq\u201d, agreg\u00f3 el empresario.<\/p>\n<p>Explic\u00f3 que en este a\u00f1o se desarrollar\u00e1 la b\u00fasqueda de un nuevo CEO de la empresa con quien se dispone a trabajar para lograr las metas a futuro. Para ello se conform\u00f3 un comit\u00e9 de b\u00fasqueda por parte de la junta directiva.<\/p>\n<p>\u201cLos intereses de nuestra Junta est\u00e1n completamente alineados con nuestros accionistas para identificar a nuestro l\u00edder diario que trabajar\u00e1 conmigo y con los resto de la Junta sobre c\u00f3mo\u00a0<strong>acelerar mejor el crecimiento de la Compa\u00f1\u00eda<\/strong>\u201d, indic\u00f3.<\/p>\n<\/div>\n<\/div>\n<\/div>\n<\/div>\n<\/div>\n<\/div>\n<div class=\"field-item even\">\n<div class=\"shares\"><\/div>\n<div class=\"content-titulo\">\n<div class=\"titulo\">En Nasdaq<\/div>\n<\/div>\n<\/div>\n<div class=\"field-item odd\">\n<div class=\"entity entity-paragraphs-item paragraphs-item-descripcion\">\n<div class=\"content\">\n<div class=\"field field-name-field-descripcion field-type-text-long field-label-hidden\">\n<div class=\"field-items\">\n<div class=\"field-item even\">\n<p>\u201cEstamos orgullosos de nuestros logros desde nuestra cotizaci\u00f3n en Nasdaq en septiembre de 2021. A lo largo de 2022, la demanda de RX y\u00a0<strong>productos de salud para el consumidor\u00a0<\/strong>se mantuvo s\u00f3lida\u201d, se\u00f1al\u00f3 Minski.<\/p>\n<p>Para el Grupo, el 2022 se destac\u00f3 por un ritmo continuo de lanzamientos de nuevos productos innovadores y expansi\u00f3n geogr\u00e1fica.<\/p>\n<p>\u201cTambi\u00e9n hemos realizado una inversi\u00f3n significativa en nuestras capacidades internas para manejar el crecimiento futuro de manera responsable, al mismo tiempo que mejoramos nuestras capacidades de generaci\u00f3n de informes y puntualidad\u201d, indic\u00f3 el empresario.<\/p>\n<\/div>\n<\/div>\n<\/div>\n<\/div>\n<\/div>\n<\/div>\n<div class=\"field-item even\">\n<div class=\"shares\"><\/div>\n<div class=\"content-titulo\">\n<div class=\"titulo\">Resultados 2022<\/div>\n<\/div>\n<\/div>\n<div class=\"field-item odd\">\n<div class=\"entity entity-paragraphs-item paragraphs-item-descripcion\">\n<div class=\"content\">\n<div class=\"field field-name-field-descripcion field-type-text-long field-label-hidden\">\n<div class=\"field-items\">\n<div class=\"field-item even\">\n<p>Para el a\u00f1o fiscal 2022, la compa\u00f1\u00eda espera ingresos preliminares no auditados en el rango de\u00a0<strong>USD405 y USD415 millones<\/strong>, con un crecimiento de un solo d\u00edgito, impulsado por el desempe\u00f1o positivo de varias l\u00edneas de productos.<\/p>\n<p>La compa\u00f1\u00eda se\u00f1al\u00f3 que el 2022 fue un a\u00f1o desafiante, con m\u00faltiples vientos en contra, incluida una devaluaci\u00f3n significativa de la moneda en los mercados donde opera, interrupciones en la cadena de suministro y una r\u00e1pida inflaci\u00f3n de costos.<\/p>\n<p>\u201cNuestro cuarto trimestre, generalmente s\u00f3lido, se vio afectado negativamente de manera desproporcionada por estos factores econ\u00f3micos, as\u00ed como por la reducci\u00f3n de los inventarios relacionados con el<strong>\u00a0Covid-19<\/strong>\u00a0por parte de nuestros distribuidores, lo que afect\u00f3 negativamente a nuestras ventas\u201d, detalla.<\/p>\n<p>Sin embargo, afirma que \u201ca pesar de estos desaf\u00edos, seguimos creyendo que estamos bien posicionados para generar un impulso significativo en 2023 a medida que impulsamos el crecimiento, reducimos rigurosamente los costos para mejorar los m\u00e1rgenes y continuamos enfoc\u00e1ndonos en nuestra estrategia de acumulaci\u00f3n, todo con\u00a0<strong>el objetivo de generar valor sostenible para en el largo plazo\u201d<\/strong>.<\/p>\n<div class=\"field-item odd\">\n<div class=\"content-titulo\">\n<div class=\"titulo\">Otros anuncios<\/div>\n<\/div>\n<\/div>\n<div class=\"field-item even\">\n<div class=\"entity entity-paragraphs-item paragraphs-item-descripcion\">\n<div class=\"content\">\n<div class=\"field field-name-field-descripcion field-type-text-long field-label-hidden\">\n<div class=\"field-items\">\n<div class=\"field-item even\">\n<p>La compa\u00f1\u00eda tambi\u00e9n anunci\u00f3 la aprobaci\u00f3n por parte de la Junta Directiva de un programa de recompra de sus acciones ordinarias, por hasta USD5 millones, durante los pr\u00f3ximos 12 meses. El\u00a0<strong>Programa de Recompra\u00a0<\/strong>destaca el compromiso de brindar valor a los\u00a0accionistas y la confianza en el crecimiento a largo plazo del\u00a0negocio.<\/p>\n<p>\u201cAlejandro Weinstein y los miembros de la familia Minski siguen firmemente comprometidos con el \u00e9xito a largo plazo de Procaps y, individualmente, tenemos la intenci\u00f3n de comprar acciones ordinarias adicionales en el mercado abierto, sujeto al cumplimiento de las pol\u00edticas de negociaci\u00f3n y otras pol\u00edticas y valores de la Compa\u00f1\u00eda y otras normas aplicables\u201d, dijo el CEO de Procaps.<\/p>\n<p>Destac\u00f3 que como una demostraci\u00f3n adicional del compromiso con el valor a largo plazo, los miembros de la familia Minski y<strong>\u00a0Alejandro Weinstein\u00a0<\/strong>acordaron por separado con la Compa\u00f1\u00eda no vender ninguna acci\u00f3n ordinaria antes de fines de 2023 a menos que el precio de la acci\u00f3n supere los USD10, sujeto a excepciones.<\/p>\n<p>Tomado del :El Heraldo<\/p>\n<\/div>\n<\/div>\n<\/div>\n<\/div>\n<\/div>\n<\/div>\n<\/div>\n<\/div>\n<\/div>\n<\/div>\n<\/div>\n<\/div>\n<\/div>\n<\/div>\n<\/div>\n<\/div>\n<\/div>\n<\/div>\n<\/div>\n<\/div>\n<\/div>\n<\/div>\n<\/div>\n","protected":false},"excerpt":{"rendered":"<p>En\u00a0este a\u00f1o se desarrollar\u00e1 el proceso de\u00a0b\u00fasqueda de un nuevo CEO de la empresa. Enfocado en su prop\u00f3sito de liderar nuevas iniciativas estrat\u00e9gicas,\u00a0Rub\u00e9n Minski, fundador\u00a0y actual CEO de\u00a0Procaps, anunci\u00f3 que a comienzos de 2024\u00a0asumir\u00e1 el cargo de presidente ejecutivo de la junta de la compa\u00f1\u00eda con sede en\u00a0Barranquilla. \u201cA medida que continuamos enfoc\u00e1ndonos en el<\/p>\n","protected":false},"author":1,"featured_media":10642,"comment_status":"closed","ping_status":"closed","sticky":false,"template":"","format":"standard","meta":{"footnotes":""},"categories":[342,181],"tags":[],"class_list":["post-10640","post","type-post","status-publish","format-standard","has-post-thumbnail","hentry","category-news","category-noticias"],"views":49,"_links":{"self":[{"href":"https:\/\/www.amchambaq.com\/es_co\/wp-json\/wp\/v2\/posts\/10640","targetHints":{"allow":["GET"]}}],"collection":[{"href":"https:\/\/www.amchambaq.com\/es_co\/wp-json\/wp\/v2\/posts"}],"about":[{"href":"https:\/\/www.amchambaq.com\/es_co\/wp-json\/wp\/v2\/types\/post"}],"author":[{"embeddable":true,"href":"https:\/\/www.amchambaq.com\/es_co\/wp-json\/wp\/v2\/users\/1"}],"replies":[{"embeddable":true,"href":"https:\/\/www.amchambaq.com\/es_co\/wp-json\/wp\/v2\/comments?post=10640"}],"version-history":[{"count":3,"href":"https:\/\/www.amchambaq.com\/es_co\/wp-json\/wp\/v2\/posts\/10640\/revisions"}],"predecessor-version":[{"id":10650,"href":"https:\/\/www.amchambaq.com\/es_co\/wp-json\/wp\/v2\/posts\/10640\/revisions\/10650"}],"wp:featuredmedia":[{"embeddable":true,"href":"https:\/\/www.amchambaq.com\/es_co\/wp-json\/wp\/v2\/media\/10642"}],"wp:attachment":[{"href":"https:\/\/www.amchambaq.com\/es_co\/wp-json\/wp\/v2\/media?parent=10640"}],"wp:term":[{"taxonomy":"category","embeddable":true,"href":"https:\/\/www.amchambaq.com\/es_co\/wp-json\/wp\/v2\/categories?post=10640"},{"taxonomy":"post_tag","embeddable":true,"href":"https:\/\/www.amchambaq.com\/es_co\/wp-json\/wp\/v2\/tags?post=10640"}],"curies":[{"name":"wp","href":"https:\/\/api.w.org\/{rel}","templated":true}]}}