{"id":10625,"date":"2023-02-16T10:34:27","date_gmt":"2023-02-16T15:34:27","guid":{"rendered":"https:\/\/www.amchambaq.com\/?p=10625"},"modified":"2023-02-16T10:34:27","modified_gmt":"2023-02-16T15:34:27","slug":"la-firma-aroca-vives-abogados-explora-ampliar-sus-oficinas-en-la-costa-caribe","status":"publish","type":"post","link":"https:\/\/www.amchambaq.com\/es_co\/la-firma-aroca-vives-abogados-explora-ampliar-sus-oficinas-en-la-costa-caribe\/","title":{"rendered":"La firma Aroca Vives Abogados explora ampliar sus oficinas en la Costa Caribe"},"content":{"rendered":"<p>Felipe Aroca, representante legal del bufete, anunci\u00f3 la incorporaci\u00f3n de las socias Claudia Cuello Daza y Mar\u00eda Elena Jim\u00e9nez<\/p>\n<p>Aroca Vives Abogados es una firma que naci\u00f3 en enero de 2018 por iniciativa de Felipe Aroca y Laura Vives. Cinco a\u00f1os despu\u00e9s de su fundaci\u00f3n, hoy es una de las firmas l\u00edderes en derecho tributario de la Regi\u00f3n Caribe y a prop\u00f3sito de su aniversario, Aroca explic\u00f3 cu\u00e1les son los retos del Derecho, especialmente en un a\u00f1o complejo por la tributaria aprobada.<\/p>\n<p><strong>\u00bfCu\u00e1ntos socios tienen?<\/strong><\/p>\n<p>Estamos anunciando precisamente estos d\u00edas la promoci\u00f3n de dos nuevas socias a la firma: Claudia Cuello Daza y Mar\u00eda Elena Jim\u00e9nez, a quienes su trabajo y disciplina les ha permitido ser promovidas para convertirse en socias.<\/p>\n<p><strong>En el sector legal a\u00fan es baja la participaci\u00f3n de mujeres. En su firma, por lo que anuncia, ser\u00e1n mayor\u00eda<\/strong><\/p>\n<p>Al tener una\u00a0<u>socia fundadora que es mujer<\/u>, siempre hemos sido muy cuidadosos de generar un balance lo m\u00e1s positivo en la vida personal propia de las mujeres. Eso creo que ha sido muy bien recibido por el mercado en general, por las abogadas y eso nos tiene hoy en el escenario en el que de cuatro socios en total, tres son mujeres, lo cual es una relaci\u00f3n desde el punto de vista de g\u00e9nero que no existe en ninguna otra firma del tama\u00f1o de la nuestra.<\/p>\n<p><strong>\u00bfQu\u00e9 proyectos nuevos vienen para la firma?<\/strong><\/p>\n<p><strong>Hemos ampliado en 60% nuestra infraestructura f\u00edsica con casi US$250.000 invertidos<\/strong>. Tambi\u00e9n, estamos explorando la posibilidad de incorporar nuevas oficinas en nuestras dos ciudades alternas Cartagena y Santa Marta; y a nivel nivel internacional hemos cerrado importantes alianzas con entidades financieras de Suiza y del sur de la Florida para facilitar la transacci\u00f3n de negocios de inversiones y de diversificaci\u00f3n de patrimonios para nuestros clientes.<\/p>\n<p><strong>Al ser expertos en Derecho Tributario \u00bfLos impuestos para empresas extranjeras realmente son competitivos?<\/strong><\/p>\n<p><strong>La \u00faltima reforma tributaria aprobada no es atractiva, pone a Colombia en un escenario muy poco competitivo<\/strong>\u00a0desde el punto de vista de la tributaci\u00f3n nacional porque al tiempo que mantiene una alt\u00edsima tasa de tributaci\u00f3n de 35% para las compa\u00f1\u00edas, tiene un incremento al impuesto a los dividendos cuando se pagan al extranjero de 10% adicional. Eso ya es una carga de tributaci\u00f3n muy alta para un inversionista extranjero y no se crearon planes de est\u00edmulo ni reglas de transici\u00f3n.<\/p>\n<div class=\"news lr-barranquilla-especialesSect\">\n<div class=\"html-content\">\n<p><strong>Hablando de la tributaria \u00bfQu\u00e9 opina de las nuevas atribuciones que tendr\u00e1 la Dian?<\/strong><\/p>\n<p>La reforma, al tiempo que incrementa las cargas tributarias y las tarifas en algunos casos, disminuye beneficios tributarios existentes. Le da facultades a la Dian para perseguir, origina nuevos tipos de sanciones, crea la necesidad de vincular m\u00e1s personal con facultades de investigaci\u00f3n, persecusi\u00f3n, sanci\u00f3n y eso va en un poco en contrav\u00eda de la tendencia global. Por eso creo que\u00a0<strong>a Colombia en el punto de vista de pol\u00edtica tributaria le ha faltado mucha visi\u00f3n estrat\u00e9gica de largo plazo, porque hemos estado siempre a meced de uno o dos, o tres ministros de Hacienda que transitan por cada cuatrienio<\/strong>\u00a0y eso se refleja en las reformas tributarias donde el contribuyente est\u00e1 en desventaja, pues no logra estar a tono con la rapidez de los cambios regulatorios dado que tenemos una reforma tributaria cada 20 meses.<\/p>\n<p><strong>\u00bfC\u00f3mo se comportan los barranquilleros en materia de tributaci\u00f3n?<\/strong><\/p>\n<p>Una de las cosas que m\u00e1s nos enorgullece es saber que en Barranquilla, y en general en la Costa, hay una conciencia tributaria muy bien desarrollada. El recaudo tanto de la Dian como de las autoridades territoriales dan fe de lo que estoy diciendo. Normalmente se superan y sin temor a equivocarme puedo decir que los \u00faltimos nueve a\u00f1os se han superado con alt\u00edsimo cumplimiento voluntario, no forzado por parte de las autoridades. Eso refleja que\u00a0<strong>hay una conciencia tributaria importante de la mano, por supuesto, del endurecimiento de las acciones y multas<\/strong>.<\/p>\n<p><strong>\u00bfQu\u00e9 estrategias deben implementar las entidades territoriales para que el recaudo de los impuestos sea m\u00e1s efectivo?<\/strong><\/p>\n<p>Desafortunadamente\u00a0<strong>casi la mitad de los trabajadores de nuestro pa\u00eds son informales<\/strong>\u00a0y eso es una espiral nefasta porque eso deriva en que hay servicios y productos que se mueven dentro de la informalidad fortaleciendo el contrabando y operaciones de lavado que le hacen da\u00f1o al recaudo nacional. Eso deber\u00eda ser corregido y atacado frontalmente y por eso considero que hay que tratar de concentrar los esfuerzos de fiscalizaci\u00f3n, sanci\u00f3n y persecuci\u00f3n del ilegal, no del que trata de estar formal, pero se puede equivocar.<\/p>\n<\/div>\n<\/div>\n<div class=\"mt-5\"><\/div>\n<div>Tomado de : La Libertad<\/div>\n","protected":false},"excerpt":{"rendered":"<p>Felipe Aroca, representante legal del bufete, anunci\u00f3 la incorporaci\u00f3n de las socias Claudia Cuello Daza y Mar\u00eda Elena Jim\u00e9nez Aroca Vives Abogados es una firma que naci\u00f3 en enero de 2018 por iniciativa de Felipe Aroca y Laura Vives. Cinco a\u00f1os despu\u00e9s de su fundaci\u00f3n, hoy es una de las firmas l\u00edderes en derecho tributario<\/p>\n","protected":false},"author":1,"featured_media":10626,"comment_status":"closed","ping_status":"closed","sticky":false,"template":"","format":"standard","meta":{"footnotes":""},"categories":[342,181],"tags":[],"class_list":["post-10625","post","type-post","status-publish","format-standard","has-post-thumbnail","hentry","category-news","category-noticias"],"views":41,"_links":{"self":[{"href":"https:\/\/www.amchambaq.com\/es_co\/wp-json\/wp\/v2\/posts\/10625","targetHints":{"allow":["GET"]}}],"collection":[{"href":"https:\/\/www.amchambaq.com\/es_co\/wp-json\/wp\/v2\/posts"}],"about":[{"href":"https:\/\/www.amchambaq.com\/es_co\/wp-json\/wp\/v2\/types\/post"}],"author":[{"embeddable":true,"href":"https:\/\/www.amchambaq.com\/es_co\/wp-json\/wp\/v2\/users\/1"}],"replies":[{"embeddable":true,"href":"https:\/\/www.amchambaq.com\/es_co\/wp-json\/wp\/v2\/comments?post=10625"}],"version-history":[{"count":1,"href":"https:\/\/www.amchambaq.com\/es_co\/wp-json\/wp\/v2\/posts\/10625\/revisions"}],"predecessor-version":[{"id":10627,"href":"https:\/\/www.amchambaq.com\/es_co\/wp-json\/wp\/v2\/posts\/10625\/revisions\/10627"}],"wp:featuredmedia":[{"embeddable":true,"href":"https:\/\/www.amchambaq.com\/es_co\/wp-json\/wp\/v2\/media\/10626"}],"wp:attachment":[{"href":"https:\/\/www.amchambaq.com\/es_co\/wp-json\/wp\/v2\/media?parent=10625"}],"wp:term":[{"taxonomy":"category","embeddable":true,"href":"https:\/\/www.amchambaq.com\/es_co\/wp-json\/wp\/v2\/categories?post=10625"},{"taxonomy":"post_tag","embeddable":true,"href":"https:\/\/www.amchambaq.com\/es_co\/wp-json\/wp\/v2\/tags?post=10625"}],"curies":[{"name":"wp","href":"https:\/\/api.w.org\/{rel}","templated":true}]}}