{"id":10622,"date":"2023-02-16T10:31:56","date_gmt":"2023-02-16T15:31:56","guid":{"rendered":"https:\/\/www.amchambaq.com\/?p=10622"},"modified":"2023-02-16T10:31:56","modified_gmt":"2023-02-16T15:31:56","slug":"cerramos-2022-con-11-millones-de-usuarios-de-gas-y-en-2023-llegaremos-a-46-000","status":"publish","type":"post","link":"https:\/\/www.amchambaq.com\/es_co\/cerramos-2022-con-11-millones-de-usuarios-de-gas-y-en-2023-llegaremos-a-46-000\/","title":{"rendered":"\u201cCerramos 2022 con 1,1 millones de usuarios de gas y en 2023 llegaremos a 46.000\u201d"},"content":{"rendered":"<p>El gerente general de Gases del Caribe, Ram\u00f3n D\u00e1vila, asegur\u00f3 tambi\u00e9n que la compa\u00f1\u00eda va de la mano con la transici\u00f3n energ\u00e9tica<\/p>\n<p>Luego de superar la barrera de\u00a0<strong>1,1 millones de usuarios el a\u00f1o pasado<\/strong>, Gases del Caribe le apuntar\u00e1 en 2023 a conectar 46.000 adicionales. Adem\u00e1s, desde la parte social, la compa\u00f1\u00eda espera beneficiar a m\u00e1s de 150.000 usuarios con sus cr\u00e9ditos Brilla.<\/p>\n<p>El gerente general de Gases del Caribe, Ram\u00f3n D\u00e1vila, asegur\u00f3 tambi\u00e9n que\u00a0<strong>la compa\u00f1\u00eda va de la mano con la transici\u00f3n energ\u00e9tica<\/strong>, y que el gas natural \u201cpuede ser un gran aliado de la generaci\u00f3n e\u00f3lica y solar\u201d.<\/p>\n<p><strong>\u00bfC\u00f3mo les fue en 2022?<\/strong><\/p>\n<p>Muy bien.\u00a0<strong>Cerramos el a\u00f1o con 1.160.000 usuarios en 270 poblaciones, alcanzando una cobertura en redes de 96% y en servicio de 92%.<\/strong>\u00a0Conectamos 51.000 nuevos usuarios, en su mayor\u00eda de los estratos 1 y 2, a los que llegamos con el costo de conexi\u00f3n subsidiado a trav\u00e9s de convenios con los entes territoriales y Ecopetrol.<\/p>\n<p>Hemos sido pioneros en la gesti\u00f3n de recursos del Estado para cubrir los costos de la instalaci\u00f3n del servicio de gas a los estratos 1 y 2. En los \u00faltimos 10 a\u00f1os, a trav\u00e9s de recursos del Fondo Especial Cuota de Fomento, el Sistema General de Regal\u00edas, las gobernaciones y alcald\u00edas,\u00a0<strong>se gestionaron $86.136 millones para beneficiar a m\u00e1s de 129.000 usuarios.<\/strong><\/p>\n<p>Por otro lado, a trav\u00e9s del cr\u00e9dito Brilla\u00a0<strong>logramos beneficiar a 135.000 usuarios<\/strong>, con cr\u00e9ditos en las l\u00edneas de hogar y tecnolog\u00eda, movilidad, ferreter\u00eda, salud oral y muebles y colchones, que apuntan a mejorar su calidad de vida.<\/p>\n<p>En diciembre, Fitch Ratings ratific\u00f3 las calificaciones nacionales de largo y corto plazo de Gases del Caribe en \u2018AAA (Col)\u2019 largo plazo y \u2018F1+(col)\u2019 corto plazo, respectivamente.\u00a0<strong>Esta calificaci\u00f3n se asigna a emisores u obligaciones con la expectativa m\u00e1s baja de riesgo de incumplimiento en relaci\u00f3n con todos los dem\u00e1s emisores<\/strong>\u00a0u obligaciones en el mismo pa\u00eds.<\/p>\n<p><strong>\u00bfQu\u00e9 expectativas tienen para 2023?<\/strong><\/p>\n<p>Este es un a\u00f1o de grandes retos en materia econ\u00f3mica, teniendo en cuenta el incremento en los gastos financieros y el IVR. Sin embargo, tenemos trazada la meta de lograr un crecimiento en el Ebitda de 5%.\u00a0<strong>La meta de conexiones para este a\u00f1o es de 46.000 nuevos usuarios<\/strong>. Esperamos beneficiar con cr\u00e9ditos de Brilla a m\u00e1s de 155.000 usuarios.<\/p>\n<p><strong>\u00bfQu\u00e9 inversiones importantes tiene planeadas la empresa?<\/strong><\/p>\n<p>Tenemos proyectada para este a\u00f1o\u00a0<strong>una inversi\u00f3n aproximada de $30.000 millones en ampliaci\u00f3n de redes<\/strong>, para llegar a m\u00e1s usuarios y darle mayor confiabilidad a nuestro sistema de distribuci\u00f3n.<\/p>\n<p><strong>\u00bfC\u00f3mo asume Gases del Caribe el tema de la transici\u00f3n energ\u00e9tica?<\/strong><\/p>\n<p><u>Somos conscientes de que el gas natural es pieza clave en la transici\u00f3n energ\u00e9tica<\/u>\u00a0porque es consistente entre las necesidades propias de la transici\u00f3n y las necesidades de satisfacer las demandas sociales. Con la prestaci\u00f3n de nuestro servicio, le apuntamos a la reducci\u00f3n de la pobreza y al cierre de las brechas de desigualdad. Va en l\u00ednea con la Justicia social y justicia ambiental, priorizada por el Gobierno actual.<\/p>\n<p>Creemos que el gas natural transforma vidas.\u00a0<strong>M\u00e1s de 10 millones de usuarios residenciales conectados al gas natural, logran una vida digna<\/strong>. Su masificaci\u00f3n y la erradicaci\u00f3n de la le\u00f1a y combustibles l\u00edquidos contaminantes le apuntan a mejorar \u00edndices de salud p\u00fablica.<\/p>\n<p>Adem\u00e1s,\u00a0<u>el gas como combustible protagonista de la transici\u00f3n energ\u00e9tica y la lucha contra el cambio clim\u00e1tico, permite que la transici\u00f3n se haga de manera justa<\/u>\u00a0con el bolsillo de los usuarios y ordenada en el aprovechamiento de todos los recursos energ\u00e9ticos que est\u00e1n disponibles en el pa\u00eds.<\/p>\n<p>El sector de gas natural es fundamental a largo plazo.\u00a0<strong>En los \u00faltimos 20 a\u00f1os, Colombia ha pasado de tener 1,9 millones de usuarios a m\u00e1s de 10,4 millones<\/strong>, lo que hace a Colombia un ejemplo mundial.<\/p>\n<p><strong>\u00bfEs entonces el gas natural un aliado de otro tipo de energ\u00edas como la e\u00f3lica y la solar?<\/strong><\/p>\n<p>El gas natural asegurar\u00e1 la transici\u00f3n energ\u00e9tica y brindar\u00e1 confiabilidad en el sistema frente a las intermitencias de las energ\u00edas renovables. Adem\u00e1s,\u00a0<strong>puede sustituir la cocci\u00f3n con le\u00f1a y carb\u00f3n en lugares apartados en estrato 1 y 2<\/strong>.<br \/>\nTambi\u00e9n se sustituyen los combustibles l\u00edquidos por gas en la movilidad. Hoy, con el mercado de gas natural vehicular, logramos una reducci\u00f3n de 100% del material particulado que emitir\u00edan los m\u00e1s de 600.000 veh\u00edculos convertidos y dedicados que circulan en el pa\u00eds con GNV (gas natural vehicular).<\/p>\n<p><strong>\u00bfC\u00f3mo ven el panorama del sector en cuanto a los avances hacia esa transici\u00f3n?<\/strong><\/p>\n<p>El objetivo del pa\u00eds debe ser avanzar hacia una econom\u00eda baja en carbono, con el reto de mejorar la calidad de vida de los colombianos sin perder la competitividad de nuestra energ\u00eda.<\/p>\n<p>Tomado de la: La republica<\/p>\n","protected":false},"excerpt":{"rendered":"<p>El gerente general de Gases del Caribe, Ram\u00f3n D\u00e1vila, asegur\u00f3 tambi\u00e9n que la compa\u00f1\u00eda va de la mano con la transici\u00f3n energ\u00e9tica Luego de superar la barrera de\u00a01,1 millones de usuarios el a\u00f1o pasado, Gases del Caribe le apuntar\u00e1 en 2023 a conectar 46.000 adicionales. Adem\u00e1s, desde la parte social, la compa\u00f1\u00eda espera beneficiar a<\/p>\n","protected":false},"author":1,"featured_media":10623,"comment_status":"closed","ping_status":"closed","sticky":false,"template":"","format":"standard","meta":{"footnotes":""},"categories":[342,181],"tags":[],"class_list":["post-10622","post","type-post","status-publish","format-standard","has-post-thumbnail","hentry","category-news","category-noticias"],"views":34,"_links":{"self":[{"href":"https:\/\/www.amchambaq.com\/es_co\/wp-json\/wp\/v2\/posts\/10622","targetHints":{"allow":["GET"]}}],"collection":[{"href":"https:\/\/www.amchambaq.com\/es_co\/wp-json\/wp\/v2\/posts"}],"about":[{"href":"https:\/\/www.amchambaq.com\/es_co\/wp-json\/wp\/v2\/types\/post"}],"author":[{"embeddable":true,"href":"https:\/\/www.amchambaq.com\/es_co\/wp-json\/wp\/v2\/users\/1"}],"replies":[{"embeddable":true,"href":"https:\/\/www.amchambaq.com\/es_co\/wp-json\/wp\/v2\/comments?post=10622"}],"version-history":[{"count":1,"href":"https:\/\/www.amchambaq.com\/es_co\/wp-json\/wp\/v2\/posts\/10622\/revisions"}],"predecessor-version":[{"id":10624,"href":"https:\/\/www.amchambaq.com\/es_co\/wp-json\/wp\/v2\/posts\/10622\/revisions\/10624"}],"wp:featuredmedia":[{"embeddable":true,"href":"https:\/\/www.amchambaq.com\/es_co\/wp-json\/wp\/v2\/media\/10623"}],"wp:attachment":[{"href":"https:\/\/www.amchambaq.com\/es_co\/wp-json\/wp\/v2\/media?parent=10622"}],"wp:term":[{"taxonomy":"category","embeddable":true,"href":"https:\/\/www.amchambaq.com\/es_co\/wp-json\/wp\/v2\/categories?post=10622"},{"taxonomy":"post_tag","embeddable":true,"href":"https:\/\/www.amchambaq.com\/es_co\/wp-json\/wp\/v2\/tags?post=10622"}],"curies":[{"name":"wp","href":"https:\/\/api.w.org\/{rel}","templated":true}]}}