{"id":10607,"date":"2023-02-15T08:59:45","date_gmt":"2023-02-15T13:59:45","guid":{"rendered":"https:\/\/www.amchambaq.com\/?p=10607"},"modified":"2023-02-15T08:59:45","modified_gmt":"2023-02-15T13:59:45","slug":"produccion-industrial-cerro-el-2022-con-un-aumento-de-107","status":"publish","type":"post","link":"https:\/\/www.amchambaq.com\/es_co\/produccion-industrial-cerro-el-2022-con-un-aumento-de-107\/","title":{"rendered":"Producci\u00f3n industrial cerr\u00f3 el 2022 con un aumento de 10,7 %"},"content":{"rendered":"<p>Seg\u00fan el Dane, las ventas reales subieron 10,1 % y el personal ocupado subi\u00f3 4,3 % frente al 2021 w Gremios destacan el buen comportamiento del sector comercio.<\/p>\n<p>La\u00a0<strong>producci\u00f3n industrial manufacturera\u00a0<\/strong>en Colombia finaliz\u00f3 el 2022 con un crecimiento del 10,7 % frente al 2021.<\/p>\n<p>De acuerdo con el\u00a0<strong>Departamento Administrativo Nacional de Estad\u00edstica<\/strong>\u00a0(Dane), las ventas reales subieron 10,1 %, mientras que el personal ocupado present\u00f3 una variaci\u00f3n de 4,3 % el a\u00f1o pasado.<\/p>\n<p>Seg\u00fan la entidad, la actividad que gener\u00f3 la mayor contribuci\u00f3n en el a\u00f1o corrido 2022 fue la elaboraci\u00f3n de bebidas con 1,5 puntos porcentuales, con un crecimiento de la producci\u00f3n de 12,3 % en relaci\u00f3n con el mismo periodo de 2021.<\/p>\n<p>En ese orden le sigue la\u00a0<strong>confecci\u00f3n de<\/strong>\u00a0<strong>prendas de vestir con un total de 22,9 % en crecimiento<\/strong>; fabricaci\u00f3n de otros productos qu\u00edmicos (17,4 %), y la fabricaci\u00f3n de jabones y detergentes\u00a0 (12,1 %).<\/p>\n<p>Para el 2022, el \u00e1rea metropolitana de Barranquilla present\u00f3 un crecimiento de 13,7 %, con un aporte de 0,9 puntos porcentuales a la variaci\u00f3n del a\u00f1o corrido.<\/p>\n<p>Entre tanto, Atl\u00e1ntico logr\u00f3 un crecimiento del 13,7 % con una contribuci\u00f3n de un punto porcentual a la variaci\u00f3n final.<\/p>\n<div class=\"field-item even\">\n<div class=\"content-titulo\">\n<div class=\"titulo\">Comercio minorista<\/div>\n<\/div>\n<\/div>\n<div class=\"field-item odd\">\n<div class=\"entity entity-paragraphs-item paragraphs-item-descripcion\">\n<div class=\"content\">\n<div class=\"field field-name-field-descripcion field-type-text-long field-label-hidden\">\n<div class=\"field-items\">\n<div class=\"field-item even\">\n<p>Seg\u00fan el Dane, en 2022, las\u00a0<strong>ventas reales del comercio minorista<\/strong>\u00a0aumentaron 10,2 %. En este periodo, dieciocho l\u00edneas de mercanc\u00edas registraron variaciones positivas en sus ventas reales, mientras que la l\u00ednea restante registr\u00f3 variaci\u00f3n negativa.<\/p>\n<p>\u201cLas l\u00edneas de mayor contribuci\u00f3n positiva al comercio fueron, combustibles para veh\u00edculos automotores y otros veh\u00edculos automotores y motocicletas, con contribuciones de 2,2 y 1,7 puntos porcentuales, respectivamente, mientras que la \u00fanica contribuci\u00f3n negativa se registr\u00f3 en la l\u00ednea de productos para el aseo del hogar con 0,2 puntos porcentuales y una variaci\u00f3n de -6,9 %\u201d, detall\u00f3 la entidad.<\/p>\n<p>Al comparar 2022 contra 2019, la\u00a0<strong>variaci\u00f3n de las ventas del comercio al por menor<\/strong> fue de 20,1 %.<\/p>\n<div class=\"field-item odd\">\n<div class=\"content-titulo\">\n<div class=\"titulo\">Alojamiento<\/div>\n<\/div>\n<\/div>\n<div class=\"field-item even\">\n<div class=\"entity entity-paragraphs-item paragraphs-item-descripcion\">\n<div class=\"content\">\n<div class=\"field field-name-field-descripcion field-type-text-long field-label-hidden\">\n<div class=\"field-items\">\n<div class=\"field-item even\">\n<p>En el total nacional, para el per\u00edodo comprendido entre enero y diciembre 2022 frente al mismo periodo de 2021, la variaci\u00f3n de los ingresos reales fue 44,2 %, la del personal ocupado 25,9 % y\u00a0<strong>la del salario per c\u00e1pita real 3,7 %.<\/strong><\/p>\n<\/div>\n<\/div>\n<\/div>\n<\/div>\n<\/div>\n<\/div>\n<div class=\"field-item odd\">\n<div class=\"shares\"><\/div>\n<div class=\"content-titulo\">\n<div class=\"titulo\">Gremios opinan<\/div>\n<\/div>\n<\/div>\n<div class=\"field-item even\">\n<div class=\"entity entity-paragraphs-item paragraphs-item-descripcion\">\n<div class=\"content\">\n<div class=\"field field-name-field-descripcion field-type-text-long field-label-hidden\">\n<div class=\"field-items\">\n<div class=\"field-item even\">\n<p>Jaime Alberto Cabal, presidente de la Federaci\u00f3n Nacional de Comerciantes (<strong>Fenalco<\/strong>), destac\u00f3 el comportamiento del sector del comercio durante el 2022.<\/p>\n<p>\u201cSin duda alguna el comportamiento del comercio en el a\u00f1o fue notorio, convirti\u00e9ndose en uno de los sectores\u00a0<strong>jaloneadores\u00a0\u00a0<\/strong>del crecimiento de la econom\u00eda colombiana, que seguramente estar\u00e1 entre el 7 % y el 8 % para 2023, sin embargo, se ve una ca\u00edda en diciembre de 1,8 %, mostrando una evidente desaceleraci\u00f3n\u201d,se\u00f1al\u00f3.<\/p>\n<p>Tomado de: El Heraldo<\/p>\n<\/div>\n<\/div>\n<\/div>\n<\/div>\n<\/div>\n<\/div>\n<\/div>\n<\/div>\n<\/div>\n<\/div>\n<\/div>\n<\/div>\n","protected":false},"excerpt":{"rendered":"<p>Seg\u00fan el Dane, las ventas reales subieron 10,1 % y el personal ocupado subi\u00f3 4,3 % frente al 2021 w Gremios destacan el buen comportamiento del sector comercio. La\u00a0producci\u00f3n industrial manufacturera\u00a0en Colombia finaliz\u00f3 el 2022 con un crecimiento del 10,7 % frente al 2021. De acuerdo con el\u00a0Departamento Administrativo Nacional de Estad\u00edstica\u00a0(Dane), las ventas reales<\/p>\n","protected":false},"author":1,"featured_media":10608,"comment_status":"closed","ping_status":"closed","sticky":false,"template":"","format":"standard","meta":{"footnotes":""},"categories":[342,181],"tags":[],"class_list":["post-10607","post","type-post","status-publish","format-standard","has-post-thumbnail","hentry","category-news","category-noticias"],"views":98,"_links":{"self":[{"href":"https:\/\/www.amchambaq.com\/es_co\/wp-json\/wp\/v2\/posts\/10607","targetHints":{"allow":["GET"]}}],"collection":[{"href":"https:\/\/www.amchambaq.com\/es_co\/wp-json\/wp\/v2\/posts"}],"about":[{"href":"https:\/\/www.amchambaq.com\/es_co\/wp-json\/wp\/v2\/types\/post"}],"author":[{"embeddable":true,"href":"https:\/\/www.amchambaq.com\/es_co\/wp-json\/wp\/v2\/users\/1"}],"replies":[{"embeddable":true,"href":"https:\/\/www.amchambaq.com\/es_co\/wp-json\/wp\/v2\/comments?post=10607"}],"version-history":[{"count":1,"href":"https:\/\/www.amchambaq.com\/es_co\/wp-json\/wp\/v2\/posts\/10607\/revisions"}],"predecessor-version":[{"id":10609,"href":"https:\/\/www.amchambaq.com\/es_co\/wp-json\/wp\/v2\/posts\/10607\/revisions\/10609"}],"wp:featuredmedia":[{"embeddable":true,"href":"https:\/\/www.amchambaq.com\/es_co\/wp-json\/wp\/v2\/media\/10608"}],"wp:attachment":[{"href":"https:\/\/www.amchambaq.com\/es_co\/wp-json\/wp\/v2\/media?parent=10607"}],"wp:term":[{"taxonomy":"category","embeddable":true,"href":"https:\/\/www.amchambaq.com\/es_co\/wp-json\/wp\/v2\/categories?post=10607"},{"taxonomy":"post_tag","embeddable":true,"href":"https:\/\/www.amchambaq.com\/es_co\/wp-json\/wp\/v2\/tags?post=10607"}],"curies":[{"name":"wp","href":"https:\/\/api.w.org\/{rel}","templated":true}]}}