{"id":10545,"date":"2023-02-09T09:28:12","date_gmt":"2023-02-09T14:28:12","guid":{"rendered":"https:\/\/www.amchambaq.com\/?p=10545"},"modified":"2023-02-09T09:28:12","modified_gmt":"2023-02-09T14:28:12","slug":"la-costa-caribe-es-la-region-con-mayor-consumo-de-arroz-en-colombia","status":"publish","type":"post","link":"https:\/\/www.amchambaq.com\/es_co\/la-costa-caribe-es-la-region-con-mayor-consumo-de-arroz-en-colombia\/","title":{"rendered":"La Costa Caribe es la regi\u00f3n con mayor consumo de arroz en Colombia"},"content":{"rendered":"<p>De acuerdo con la C\u00e1mara Indurarroz de la ANDI, en esta regi\u00f3n se cultivan m\u00e1s 20 mil hect\u00e1reas al a\u00f1o de este producto.<\/p>\n<p>La\u00a0<strong>Costa Caribe\u00a0<\/strong>es muy importante para la\u00a0<strong>cadena arrocera\u00a0<\/strong>pues sus departamentos presentan el mayor\u00a0<strong>consumo de arroz\u00a0<\/strong>del pa\u00eds, mientras que el nacional es de 42 kilogramos de arroz blanco el de la regi\u00f3n es cercano a 50 kilogramos, asegur\u00f3 la directora de la\u00a0<strong>C\u00e1mara Induarroz<\/strong>\u00a0de la\u00a0<strong>Asociaci\u00f3n Nacional de Empresarios (<\/strong>ANDI),\u00a0<strong>Sandra Avellaneda.<\/strong><\/p>\n<div class=\"field-item odd\">\n<div class=\"entity entity-paragraphs-item paragraphs-item-descripcion\">\n<div class=\"content\">\n<div class=\"field field-name-field-descripcion field-type-text-long field-label-hidden\">\n<div class=\"field-items\">\n<div class=\"field-item even\">\n<p>Destac\u00f3 que de acuerdo con el<strong>\u00a0Convenio Dane Fedearroz,<\/strong>\u00a0en la Costa Caribe se siembran al a\u00f1o alrededor de\u00a0<strong>20.500 hect\u00e1reas<\/strong>, con el trabajo de 5.843 agricultores.<\/p>\n<p>Para el gremio, la posici\u00f3n estrat\u00e9gica de la Costa Caribe tambi\u00e9n ser\u00e1 muy importante en el largo plazo para llevar a cabo el plan exportador del arroz colombiano.<\/p>\n<p>\u201cEl estudio: La competitividad de la cadena del arroz: Un compromiso de la industria con el bienestar del agricultor, que socializamos en<strong>\u00a0Barranquilla,\u00a0<\/strong>es el aporte de la\u00a0<strong>C\u00e1mara Induarroz\u00a0<\/strong>a nuestros socios y aliados de la cadena productiva del arroz y define una hoja de ruta con tareas para todos los actores, para lograr la competitividad antes del a\u00f1o 2030\u201d, sostuvo la dirigente gremial.<\/p>\n<p>El estudio permiti\u00f3 concluir que el principal reto que enfrenta la cadena productiva del arroz es concertar y desarrollar entre sus actores una agenda de competitividad con objetivos comunes, visi\u00f3n de largo plazo y enfoque exportador, para que el sector sea competitivo antes de 2030 cuando terminar\u00e1 la desgravaci\u00f3n de aranceles con el TLC con Estados Unidos.<\/p>\n<\/div>\n<\/div>\n<\/div>\n<\/div>\n<\/div>\n<\/div>\n<div class=\"field-item even\">\n<div class=\"box-title\">\n<p>Este documento que fue elaborado con\u00a0<strong>Fedesarrollo,\u00a0<\/strong>plantea que el punto de partida para la definici\u00f3n de los<strong>\u00a0planes de acci\u00f3n conjuntos\u00a0<\/strong>que se necesitan para lograr la competitividad, es un modelo de cadena inclusivo, colaborativo y de confianza.<\/p>\n<p>En este orden de ideas, es necesario aplicar nuevas tecnolog\u00edas e innovaciones, a la totalidad del sector, masificar los programas de transferencia de tecnolog\u00eda y conocimiento a la totalidad de los agricultores y en los dem\u00e1s eslabones la adopci\u00f3n de nuevas tecnolog\u00edas.<\/p>\n<p>\u201cYa hay actores de la cadena que son competitivos, lo cual demuestra que la tarea es posible. La tecnolog\u00eda para ser competitivos existe, pero no se est\u00e1 utilizando masivamente. El reto consiste extender los logros para todos\u201d, sostuvo.<\/p>\n<p>Fedesarrollo identific\u00f3 rezagos importantes, de all\u00ed la importancia de la transferencia de\u00a0<strong>tecnolog\u00eda\u00a0<\/strong>y de conocimiento a los agricultores para lograr un excelente manejo del cultivo, aumentar los rendimientos por hect\u00e1rea y ganar eficiencias en la estructura de costos de producci\u00f3n.<\/p>\n<p>Los principales desaf\u00edos son masificar la transferencia de tecnolog\u00edas a los agricultores; promover la provisi\u00f3n y uso de semilla certificada; la aplicaci\u00f3n de buenas pr\u00e1cticas agr\u00edcolas en el cultivo; universalizar la mecanizaci\u00f3n, el uso de la agricultura de precisi\u00f3n y clim\u00e1ticamente inteligente; fomentar la construcci\u00f3n de reservorios basados en el programa de cosecha de agua lluvia para fines productivo; crear estrategias de consumo diferenciadas para cada consumidor y crear productos con valor agregado en los que el arroz como cereal marque la diferencia.<\/p>\n<p>\u201cEl sector arrocero est\u00e1 sobre diagnosticado, conocemos cuales son las principales tareas para ser competitivos. Lo que nos toca ahora es trabajar en conjunto y llegar a acuerdos fundamentales para ejecutar nuestra agenda de competitividad\u201d, se\u00f1al\u00f3 Avellaneda.<\/p>\n<p>El liderazgo del Ministerio de Agricultura y Desarrollo Rural es fundamental en la definici\u00f3n y desarrollo de la agenda de competitividad del sector arrocero, as\u00ed como en la provisi\u00f3n de bienes p\u00fablicos transversales para potencializar la competitividad.<\/p>\n<p>La implementaci\u00f3n del<strong>\u00a0Plan de Ordenamiento Productivo del Arroz<\/strong>, pol\u00edtica del\u00a0<strong>Ministerio Agricultura,<\/strong>\u00a0marcar\u00e1 la hoja de ruta sectorial para lograr la competitividad y este estudio plantea cerca de 63 recomendaciones para su ejecuci\u00f3n.<\/p>\n<p>Tomoda de : El Heraldo<\/p>\n<\/div>\n<\/div>\n","protected":false},"excerpt":{"rendered":"<p>De acuerdo con la C\u00e1mara Indurarroz de la ANDI, en esta regi\u00f3n se cultivan m\u00e1s 20 mil hect\u00e1reas al a\u00f1o de este producto. La\u00a0Costa Caribe\u00a0es muy importante para la\u00a0cadena arrocera\u00a0pues sus departamentos presentan el mayor\u00a0consumo de arroz\u00a0del pa\u00eds, mientras que el nacional es de 42 kilogramos de arroz blanco el de la regi\u00f3n es cercano<\/p>\n","protected":false},"author":1,"featured_media":10546,"comment_status":"closed","ping_status":"closed","sticky":false,"template":"","format":"standard","meta":{"footnotes":""},"categories":[342,181],"tags":[],"class_list":["post-10545","post","type-post","status-publish","format-standard","has-post-thumbnail","hentry","category-news","category-noticias"],"views":206,"_links":{"self":[{"href":"https:\/\/www.amchambaq.com\/es_co\/wp-json\/wp\/v2\/posts\/10545","targetHints":{"allow":["GET"]}}],"collection":[{"href":"https:\/\/www.amchambaq.com\/es_co\/wp-json\/wp\/v2\/posts"}],"about":[{"href":"https:\/\/www.amchambaq.com\/es_co\/wp-json\/wp\/v2\/types\/post"}],"author":[{"embeddable":true,"href":"https:\/\/www.amchambaq.com\/es_co\/wp-json\/wp\/v2\/users\/1"}],"replies":[{"embeddable":true,"href":"https:\/\/www.amchambaq.com\/es_co\/wp-json\/wp\/v2\/comments?post=10545"}],"version-history":[{"count":1,"href":"https:\/\/www.amchambaq.com\/es_co\/wp-json\/wp\/v2\/posts\/10545\/revisions"}],"predecessor-version":[{"id":10547,"href":"https:\/\/www.amchambaq.com\/es_co\/wp-json\/wp\/v2\/posts\/10545\/revisions\/10547"}],"wp:featuredmedia":[{"embeddable":true,"href":"https:\/\/www.amchambaq.com\/es_co\/wp-json\/wp\/v2\/media\/10546"}],"wp:attachment":[{"href":"https:\/\/www.amchambaq.com\/es_co\/wp-json\/wp\/v2\/media?parent=10545"}],"wp:term":[{"taxonomy":"category","embeddable":true,"href":"https:\/\/www.amchambaq.com\/es_co\/wp-json\/wp\/v2\/categories?post=10545"},{"taxonomy":"post_tag","embeddable":true,"href":"https:\/\/www.amchambaq.com\/es_co\/wp-json\/wp\/v2\/tags?post=10545"}],"curies":[{"name":"wp","href":"https:\/\/api.w.org\/{rel}","templated":true}]}}