{"id":10542,"date":"2023-02-09T09:23:58","date_gmt":"2023-02-09T14:23:58","guid":{"rendered":"https:\/\/www.amchambaq.com\/?p=10542"},"modified":"2023-02-09T09:23:58","modified_gmt":"2023-02-09T14:23:58","slug":"nuevas-inversiones-en-el-atlantico-sumaron-usd262-millones-en-2022","status":"publish","type":"post","link":"https:\/\/www.amchambaq.com\/es_co\/nuevas-inversiones-en-el-atlantico-sumaron-usd262-millones-en-2022\/","title":{"rendered":"Nuevas inversiones en el Atl\u00e1ntico sumaron USD262 millones en 2022"},"content":{"rendered":"<p>ProBarranquilla tambi\u00e9n capt\u00f3 15 eventos de negocios de sectores estrat\u00e9gicos con\u00a0una derrama econ\u00f3mica de m\u00e1s de\u00a0USD9 millones.<\/p>\n<div id=\"body\" class=\"content-article size-m\">\n<p>Las nuevas inversiones en Atl\u00e1ntico que fueron gestionadas por\u00a0<strong>ProBarranquilla en 2022\u00a0<\/strong>ascendieron a unos USD262 millones, cifra similar a la registrada en 2021 que fue de\u00a0<strong>USD268 millones.<\/strong><\/p>\n<\/div>\n<div id=\"paragraphs\" class=\"content-article paragraphs size-m\">\n<div class=\"field-collection-container clearfix\">\n<div class=\"field field-name-field-contenido-articulos-2 field-type-field-collection field-label-hidden\">\n<div class=\"field-item even\">\n<div class=\"field-collection-view clearfix view-mode-full field-collection-view-final\">\n<div>\n<div class=\"content\">\n<div class=\"paragraphs-items paragraphs-items-field-campos paragraphs-items-field-campos-full paragraphs-items-full\">\n<div class=\"field field-name-field-campos field-type-paragraphs field-label-hidden\">\n<div class=\"field-item even\">\n<div id=\"relacionado-body\">\n<div class=\"box-title\">\n<div class=\"field-item odd\">\n<div class=\"entity entity-paragraphs-item paragraphs-item-descripcion\">\n<div class=\"content\">\n<div class=\"field field-name-field-descripcion field-type-text-long field-label-hidden\">\n<div class=\"field-items\">\n<div class=\"field-item even\">\n<p>Vicky Osorio, directora ejecutiva de ProBarranquilla, explic\u00f3 que estas\u00a0<strong>inversiones\u00a0<\/strong>y representaron la generaci\u00f3n de 3.243 empleos directos con la instalaci\u00f3n o ampliaci\u00f3n de 37 empresas.<\/p>\n<p>\u201cEl origen del capital fue 85% extranjero y 15% nacional, donde 10 de los 37 proyectos del 2022 fueron\u00a0<strong>instalados en Zonas Francas<\/strong>, lo que ratifica la importancia de contar con el r\u00e9gimen franco y la vocaci\u00f3n exportadora del territorio\u201d, afirm\u00f3.<\/p>\n<div class=\"teads-adCall\"><\/div>\n<p>Destac\u00f3 que a trav\u00e9s de la estrategia de Nearshoring liderada por ProBarranquilla, en 2022 se instal\u00f3 en Zona Franca La Cayena la empresa StepUp Andamios, uno de los mayores fabricantes de andamios para el mercado de\u00a0<strong>Estados Unidos<\/strong>, quienes trasladaron su operaci\u00f3n desde China hacia Barranquilla.<\/p>\n<p>Otro caso de \u00e9xito, es la instalaci\u00f3n en Zona Franca Zofia de la empresa Steelforce, uno de los principales comercializadores de\u00a0<strong>acero\u00a0<\/strong>a nivel mundial. Quienes decidieron abrir en Barranquilla la primera operaci\u00f3n industrial del grupo en el mundo.<\/p>\n<\/div>\n<\/div>\n<\/div>\n<\/div>\n<\/div>\n<\/div>\n<div class=\"field-item even\">\n<div class=\"box-title\">\n<p>Osorio indic\u00f3 que al analizar los \u00faltimos cinco a\u00f1os, las nuevas inversiones en el territorio de Barranquilla y el\u00a0<strong>Atl\u00e1ntico\u00a0<\/strong>apoyadas por la agencia suman m\u00e1s de USD1.295 millones en 177 proyectos, los cuales generaron m\u00e1s de 16 mil empleos formales.<\/p>\n<p>\u201cSon resultados de los cuales estamos orgullosos porque fue un a\u00f1o\u00a0<strong>retador\u00a0<\/strong>por el cambio de Gobierno, las elecciones y la misma coyuntura a nivel mundial con la desaceleraci\u00f3n de los flujos de inversi\u00f3n en el mundo y en Am\u00e9rica Latina\u201d, dijo la ejecutiva.<\/p>\n<p>En el 2022, ProBarranquilla capt\u00f3\u00a0<strong>15 eventos\u00a0<\/strong>de negocios de sectores estrat\u00e9gicos, aportando una derrama econ\u00f3mica al departamento que supera los USD9 millones, y la visita de m\u00e1s de 11 mil turistas de negocios durante el 2023.<\/p>\n<div class=\"field-item odd\">\n<div class=\"entity entity-paragraphs-item paragraphs-item-descripcion\">\n<div class=\"content\">\n<div class=\"field field-name-field-descripcion field-type-text-long field-label-hidden\">\n<div class=\"field-items\">\n<div class=\"field-item even\">\n<p>\u201cEl turismo de negocios genera gran impacto en el corto plazo al dinamizar la\u00a0<strong>cadena\u00a0<\/strong>de valor detr\u00e1s de la organizaci\u00f3n de un evento, como lo es el incremento de la ocupaci\u00f3n hotelera, el consumo en restaurantes, el uso de empresas de transporte, entre otros. Tambi\u00e9n logra que potenciales\u00a0<strong>inversionistas\u00a0<\/strong>visiten el territorio y conozcan de primera mano las oportunidades de negocios existentes\u201d, resalt\u00f3 Vicky Osorio.<\/p>\n<p>Con la gesti\u00f3n de ProBarranquilla, este a\u00f1o la\u00a0<strong>ciudad\u00a0<\/strong>ser\u00e1 sede de eventos estrat\u00e9gicos como la\u00a0<strong>Macrorrueda\u00a0<\/strong>de ProColombia, el Congreso Naturgas 2023, y el 31\u00ba Congreso Latinoamericano de Puertos Organizado por AAPA (Asociaci\u00f3n Americana de Autoridades Portuarias).<\/p>\n<\/div>\n<\/div>\n<\/div>\n<\/div>\n<\/div>\n<\/div>\n<div class=\"field-item even\">\n<div class=\"box-title\">Tomado de: El Heraldo<\/div>\n<\/div>\n<\/div>\n<\/div>\n<\/div>\n<\/div>\n<\/div>\n<\/div>\n<\/div>\n<\/div>\n<\/div>\n<\/div>\n<\/div>\n<\/div>\n<\/div>\n<\/div>\n","protected":false},"excerpt":{"rendered":"<p>ProBarranquilla tambi\u00e9n capt\u00f3 15 eventos de negocios de sectores estrat\u00e9gicos con\u00a0una derrama econ\u00f3mica de m\u00e1s de\u00a0USD9 millones. Las nuevas inversiones en Atl\u00e1ntico que fueron gestionadas por\u00a0ProBarranquilla en 2022\u00a0ascendieron a unos USD262 millones, cifra similar a la registrada en 2021 que fue de\u00a0USD268 millones. Vicky Osorio, directora ejecutiva de ProBarranquilla, explic\u00f3 que estas\u00a0inversiones\u00a0y representaron la generaci\u00f3n<\/p>\n","protected":false},"author":1,"featured_media":10543,"comment_status":"closed","ping_status":"closed","sticky":false,"template":"","format":"standard","meta":{"footnotes":""},"categories":[342,181],"tags":[],"class_list":["post-10542","post","type-post","status-publish","format-standard","has-post-thumbnail","hentry","category-news","category-noticias"],"views":99,"_links":{"self":[{"href":"https:\/\/www.amchambaq.com\/es_co\/wp-json\/wp\/v2\/posts\/10542","targetHints":{"allow":["GET"]}}],"collection":[{"href":"https:\/\/www.amchambaq.com\/es_co\/wp-json\/wp\/v2\/posts"}],"about":[{"href":"https:\/\/www.amchambaq.com\/es_co\/wp-json\/wp\/v2\/types\/post"}],"author":[{"embeddable":true,"href":"https:\/\/www.amchambaq.com\/es_co\/wp-json\/wp\/v2\/users\/1"}],"replies":[{"embeddable":true,"href":"https:\/\/www.amchambaq.com\/es_co\/wp-json\/wp\/v2\/comments?post=10542"}],"version-history":[{"count":1,"href":"https:\/\/www.amchambaq.com\/es_co\/wp-json\/wp\/v2\/posts\/10542\/revisions"}],"predecessor-version":[{"id":10544,"href":"https:\/\/www.amchambaq.com\/es_co\/wp-json\/wp\/v2\/posts\/10542\/revisions\/10544"}],"wp:featuredmedia":[{"embeddable":true,"href":"https:\/\/www.amchambaq.com\/es_co\/wp-json\/wp\/v2\/media\/10543"}],"wp:attachment":[{"href":"https:\/\/www.amchambaq.com\/es_co\/wp-json\/wp\/v2\/media?parent=10542"}],"wp:term":[{"taxonomy":"category","embeddable":true,"href":"https:\/\/www.amchambaq.com\/es_co\/wp-json\/wp\/v2\/categories?post=10542"},{"taxonomy":"post_tag","embeddable":true,"href":"https:\/\/www.amchambaq.com\/es_co\/wp-json\/wp\/v2\/tags?post=10542"}],"curies":[{"name":"wp","href":"https:\/\/api.w.org\/{rel}","templated":true}]}}