{"id":10507,"date":"2023-02-06T08:45:54","date_gmt":"2023-02-06T13:45:54","guid":{"rendered":"https:\/\/www.amchambaq.com\/?p=10507"},"modified":"2023-02-06T08:45:54","modified_gmt":"2023-02-06T13:45:54","slug":"el-plan-con-el-que-el-pais-busca-afrontar-un-deficit-de-gas-natural","status":"publish","type":"post","link":"https:\/\/www.amchambaq.com\/es_co\/el-plan-con-el-que-el-pais-busca-afrontar-un-deficit-de-gas-natural\/","title":{"rendered":"El plan con el que el pa\u00eds busca afrontar un d\u00e9ficit de gas natural"},"content":{"rendered":"<p>Aumentar la capacidad de importaci\u00f3n es la principal estrategia para evitar desabastecimiento. Se espera balance con nuevos hallazgos.<\/p>\n<p id=\"p578003-m1157-1156-1158\" class=\"parrafo first-parrafo \">Colombia enfrentar\u00eda un d\u00e9ficit de gas desde 2027, es decir, <b>el gas producido localmente y el importado por medio de la regasificadora de Cartagena, Spec,<\/b>\u00a0no alcanzar\u00eda para cubrir las necesidades locales en ese momento.<\/p>\n<p id=\"p578003-m1225-4-1226\" class=\"parrafo \">As\u00ed lo explic\u00f3 en su momento el entonces director de la Unidad de Planeaci\u00f3n Minero Energ\u00e9tica (Upme), Christian Jaramillo, quien expres\u00f3 que esta era una de las razones que motivaban la licitaci\u00f3n de la\u00a0<b>Regasificadora del Pac\u00edfico.<\/b><\/p>\n<p id=\"p578003-m1231-5-1232\" class=\"parrafo \">En este contexto, la Sociedad Portuaria El Cayao (Spec) anunci\u00f3 que estaba realizando un estudio de mercado para establecer el inter\u00e9s que hay para ampliar su capacidad de regasificaci\u00f3n. Actualmente esta infraestructura tiene la capacidad de regasificar 400 millones de pies c\u00fabicos por d\u00edas (Mpcd) y con esto buscar\u00eda aumentar en 50 Mpcd para cierre de este a\u00f1o e incluso a 2026 podr\u00eda llevarse a 530 Mpcd la capacidad.<\/p>\n<p id=\"p578003-m1237-6-1238\" class=\"parrafo \">De acuerdo con Alejandro Casta\u00f1eda, presidente de Andeg, gremio de generadoras t\u00e9rmicas, esto permitir\u00eda ampliar el plazo para que haya un d\u00e9ficit,\u00a0<b>aunque esto depender\u00e1 en gran medida de cu\u00e1l sea la magnitud en la que se aumente la capacidad de Spec.<\/b><\/p>\n<p id=\"p578003-m1249-8-1250\" class=\"parrafo \">Sin embargo, la posibilidad de un d\u00e9ficit llev\u00f3 a que la Upme sacara por segunda vez la licitaci\u00f3n para construir la Regasificadora del Pac\u00edfico. De esta forma, esta infraestructura permitir\u00eda aumentar en otros 400 millones de pies c\u00fabicos por d\u00eda la capacidad de procesar gas natural licuado (GNL) importad,o para atender la demanda del sur del pa\u00eds.<\/p>\n<p id=\"p578003-m1255-9-1256\" class=\"parrafo \">Casta\u00f1eda explic\u00f3 que hay una serie de retos regulatorios para ambas regasificadoras.<\/p>\n<p id=\"p578003-m1261-10-1262\" class=\"parrafo \">En el caso de Spec, en 2026 se vencen los t\u00e9rminos regulatorios que especifican su remuneraci\u00f3n.<\/p>\n<p id=\"p578003-m1267-11-1268\" class=\"parrafo \"><b>En la actualidad el pago se hace 50% por parte de las t\u00e9rmicas y el otro 50% viene dado por las restricciones del sistema el\u00e9ctrico.\u00a0<\/b>Por esto le han pedido a la Comisi\u00f3n de Regulaci\u00f3n de Energ\u00eda y Gas (Creg) que se tomen prontas medidas para resolver estas dificultades y que no se llegue al l\u00edmite de tiempo para establecer nuevamente el mecanismo.<\/p>\n<p id=\"p578003-m1273-12-1274\" class=\"parrafo \">Ahora bien, con respecto a la Regasificadora del Pac\u00edfico, esta es una obra que ha generado una serie de reparos en la industria. Algunos de los comentarios que se han hecho es que por su ubicaci\u00f3n ser\u00eda m\u00e1s cara, dado que requiere la construcci\u00f3n de un gasoducto para unir la terminal con el sistema.<\/p>\n<p id=\"p578003-m1285-14-1286\" class=\"parrafo \">A esto Casta\u00f1eda agrega que para esta obra a\u00fan no se han hecho los esquemas de remuneraci\u00f3n que especifiquen de forma clara c\u00f3mo se va a pagar su funcionamiento.<\/p>\n<p id=\"p578003-m1291-15-1292\" class=\"parrafo \"><i>\u201cSi bien sali\u00f3 en la consulta un posible esquema de pago, a\u00fan la Creg no ha sacado las regulaciones necesarias\u201d<\/i>, explic\u00f3.<\/p>\n<p id=\"p578003-m1297-16-1298\" class=\"parrafo \">Todo esto se da en el marco del anuncio del Gobierno Nacional de no otorgar nuevos contratos de exploraci\u00f3n petrolera. Esto, pues seg\u00fan la ministra de Minas y Energ\u00eda<b>, los recursos del offshore y los prospectivos y contingentes, permitir\u00edan tener una autosuficiencia incluso hasta 2042.<\/b><\/p>\n<p id=\"p578003-m1303-17-1304\" class=\"parrafo \">Si bien el informe en el cual se bas\u00f3 para establecer este dato ha sido cuestionado, la Ministra ha se\u00f1alado que la informaci\u00f3n all\u00ed presentada es certera. Por ello, Casta\u00f1eda explic\u00f3 que el mercado t\u00e9rmico, que es el principal comprador de gas del pa\u00eds, est\u00e1 a la espera del informe de recursos y reservas que presentar\u00e1 la Agencia Nacional de Hidrocarburos (ANH) en mayo.<\/p>\n<p id=\"p578003-m1335-19-1336\" class=\"parrafo \">Esto permitir\u00e1 establecer la necesidad a\u00fan mayor de importar gas natural. Hasta el momento, varias compa\u00f1\u00edas han anunciado hallazgos de gas, que se podr\u00edan agregar a las reservas actuales, aumentando la autosuficiencia del pa\u00eds.<\/p>\n<p id=\"p578003-m1341-20-1342\" class=\"parrafo \">Durante el segundo semestre del a\u00f1o es que se hacen las negociaciones de contratos para compra de gas.<\/p>\n<p id=\"p578003-m1347-21-1348\" class=\"parrafo \"><i>\u201cFuera de esa ventana se pueden hacer compras peque\u00f1as en el mercado secundario. Pero una vez se conozca la Producci\u00f3n Total de Demanda (PTD) en mayo y se cruce con demanda para que se pueda hacer la contrataci\u00f3n\u201d,<\/i>\u00a0apunt\u00f3 el l\u00edder gremial.<\/p>\n<p id=\"p578003-m1353-22-1354\" class=\"parrafo \">Con base en estos resultados, as\u00ed como el avance de la expansi\u00f3n de la construcci\u00f3n de la Spec y regasificadora del Pac\u00edfico, el mercado de la generaci\u00f3n t\u00e9rmica as\u00ed como otros consumidores de este gas podr\u00e1n actuar para contrarrestar un posible d\u00e9ficit para los pr\u00f3ximos a\u00f1os.<\/p>\n<div id=\"p578003-m1359-23-1360\" class=\"highlighted \">\n<div id=\"m1364-1363-1365\" class=\"tiemposBold3 \">Estudio de expansi\u00f3n de Spec<\/div>\n<\/div>\n<p id=\"p578003-m1371-24-1372\" class=\"parrafo \">A finales de enero, la Sociedad Portuaria El Cayao (Spec) lanz\u00f3 un sondeo de mercado con el fin de conocer los intereses de actores por una ampliaci\u00f3n de su capacidad de regasificaci\u00f3n.<\/p>\n<p id=\"p578003-m1377-25-1378\" class=\"parrafo \">De acuerdo con Jos\u00e9 Mar\u00eda Castro, gerente de Spec, aquellos actores que quieran desarrollar el mercado y para ello requieran de una mayor capacidad de gas natural pueden participar en el proceso que estar\u00e1 abierto hasta el 20 de febrero<\/p>\n<p>Tomado de: Portafolio<\/p>\n<p>&nbsp;<\/p>\n<div id=\"div-gpt-ad-1628519221454-0\" class=\"ad-display\" data-ad-unit-name=\"inread\" data-google-query-id=\"CKb6uLyDgf0CFYiThwodE48BrA\"><\/div>\n","protected":false},"excerpt":{"rendered":"<p>Aumentar la capacidad de importaci\u00f3n es la principal estrategia para evitar desabastecimiento. Se espera balance con nuevos hallazgos. Colombia enfrentar\u00eda un d\u00e9ficit de gas desde 2027, es decir, el gas producido localmente y el importado por medio de la regasificadora de Cartagena, Spec,\u00a0no alcanzar\u00eda para cubrir las necesidades locales en ese momento. As\u00ed lo explic\u00f3<\/p>\n","protected":false},"author":1,"featured_media":10508,"comment_status":"closed","ping_status":"closed","sticky":false,"template":"","format":"standard","meta":{"footnotes":""},"categories":[342,181],"tags":[],"class_list":["post-10507","post","type-post","status-publish","format-standard","has-post-thumbnail","hentry","category-news","category-noticias"],"views":124,"_links":{"self":[{"href":"https:\/\/www.amchambaq.com\/es_co\/wp-json\/wp\/v2\/posts\/10507","targetHints":{"allow":["GET"]}}],"collection":[{"href":"https:\/\/www.amchambaq.com\/es_co\/wp-json\/wp\/v2\/posts"}],"about":[{"href":"https:\/\/www.amchambaq.com\/es_co\/wp-json\/wp\/v2\/types\/post"}],"author":[{"embeddable":true,"href":"https:\/\/www.amchambaq.com\/es_co\/wp-json\/wp\/v2\/users\/1"}],"replies":[{"embeddable":true,"href":"https:\/\/www.amchambaq.com\/es_co\/wp-json\/wp\/v2\/comments?post=10507"}],"version-history":[{"count":1,"href":"https:\/\/www.amchambaq.com\/es_co\/wp-json\/wp\/v2\/posts\/10507\/revisions"}],"predecessor-version":[{"id":10509,"href":"https:\/\/www.amchambaq.com\/es_co\/wp-json\/wp\/v2\/posts\/10507\/revisions\/10509"}],"wp:featuredmedia":[{"embeddable":true,"href":"https:\/\/www.amchambaq.com\/es_co\/wp-json\/wp\/v2\/media\/10508"}],"wp:attachment":[{"href":"https:\/\/www.amchambaq.com\/es_co\/wp-json\/wp\/v2\/media?parent=10507"}],"wp:term":[{"taxonomy":"category","embeddable":true,"href":"https:\/\/www.amchambaq.com\/es_co\/wp-json\/wp\/v2\/categories?post=10507"},{"taxonomy":"post_tag","embeddable":true,"href":"https:\/\/www.amchambaq.com\/es_co\/wp-json\/wp\/v2\/tags?post=10507"}],"curies":[{"name":"wp","href":"https:\/\/api.w.org\/{rel}","templated":true}]}}