{"id":10504,"date":"2023-02-03T09:36:06","date_gmt":"2023-02-03T14:36:06","guid":{"rendered":"https:\/\/www.amchambaq.com\/?p=10504"},"modified":"2023-02-03T09:36:06","modified_gmt":"2023-02-03T14:36:06","slug":"estos-son-los-pilares-que-propone-la-reforma-pensional-del-gobierno","status":"publish","type":"post","link":"https:\/\/www.amchambaq.com\/es_co\/estos-son-los-pilares-que-propone-la-reforma-pensional-del-gobierno\/","title":{"rendered":"Estos son los pilares que propone la reforma pensional del Gobierno"},"content":{"rendered":"<p>El Mintrabajo avanza aceleradamente en el proyecto de ley que se presentar\u00e1 ante el Congreso en marzo.<\/p>\n<p>Si hay algo claro en cuanto a la\u00a0<strong>reforma<\/strong>\u00a0<strong>pensional\u00a0<\/strong>es que propondr\u00e1 que haya un solo r\u00e9gimen pensional que reemplazar\u00e1 a los dos que existen actualmente y que funcionar\u00e1 con un\u00a0<strong>sistema de pilares<\/strong>.<\/p>\n<div class=\"field-item odd\">\n<div class=\"entity entity-paragraphs-item paragraphs-item-descripcion\">\n<div class=\"content\">\n<div class=\"field field-name-field-descripcion field-type-text-long field-label-hidden\">\n<div class=\"field-items\">\n<div class=\"field-item even\">\n<p>Este es el punto de partida del proyecto de ley en el que trabaja la\u00a0<strong>subscomisi\u00f3n\u00a0<\/strong>de reforma pensional liderada por el Ministerio de Trabajo y en la que tienen asiento gremios, expertos y sindicatos.<\/p>\n<p>En una presentaci\u00f3n del avance de esta iniciativa que el Ejecutivo tiene previsto radicar en marzo ante el\u00a0<strong>Congreso de\u00a0la\u00a0Rep\u00fablica<\/strong>, se explica que la propuesta es crear un solo r\u00e9gimen que sea complementario y no competitivo.<\/p>\n<div class=\"teads-adCall\"><\/div>\n<p>Esto quiere decir que el\u00a0<strong>R\u00e9gimen de Prima Media\u00a0<\/strong>(RPM) que es p\u00fablico y manejado por Colpensiones se fusionar\u00eda con el\u00a0<strong>R\u00e9gimen de Ahorro Individual con Solidaridad\u00a0<\/strong>(RAIS) que opera con los fondos privados.<\/p>\n<p>Como resultado de esto se implementar\u00e1 un sistema de cuatro pilares que se complementar\u00e1n.<\/p>\n<\/div>\n<\/div>\n<\/div>\n<\/div>\n<\/div>\n<\/div>\n<div class=\"field-item even\">\n<div class=\"box-title\">\n<p>La propuesta parte de un\u00a0<strong>pilar\u00a0solidario\u00a0<\/strong>b\u00e1sico que garantizar\u00e1 un ingreso para la vejez no contributivo para ciudadanos que se encuentran fuera del esquema contributivo.<\/p>\n<p>Se calcula que en el pa\u00eds hay 3,6 millones de personas (50,8% del total de la poblaci\u00f3n mayor a 60 a\u00f1os) que no recibi\u00f3 ning\u00fan\u00a0<strong>ingreso\u00a0pensional\u00a0<\/strong>ni derivado de los programas sociales de protecci\u00f3n a la vejez. Estas personas recibir\u00edan medio salario m\u00ednimo mensual cada mes.<\/p>\n<p>El segundo pilar que se plantea es el\u00a0<strong>semicontributivo\u00a0<\/strong>en el cual estar\u00e1n los cotizantes que no alcanzan a cumplir semanas para pensi\u00f3n.<\/p>\n<p>El pilar contributivo, es el tercero, y estar\u00e1 constituido por un componente de contribuciones y beneficios definidos y un componente complementario de\u00a0<strong>capitalizaci\u00f3n\u00a0individual<\/strong>. Esto de acuerdo con los ingresos de los afiliados.<\/p>\n<div class=\"field-item odd\">\n<div class=\"entity entity-paragraphs-item paragraphs-item-descripcion\">\n<div class=\"content\">\n<div class=\"field field-name-field-descripcion field-type-text-long field-label-hidden\">\n<div class=\"field-items\">\n<div class=\"field-item even\">\n<p>El cuarto pilar ser\u00e1 el\u00a0<strong>ahorro\u00a0voluntario\u00a0<\/strong>complementario que se realizar\u00e1 adicional a la cotizaci\u00f3n.<\/p>\n<p>De acuerdo con el Gobierno nacional, con esta iniciativa se apunta a hacerle frente a los\u00a0<strong>desaf\u00edos\u00a0<\/strong>del sistema pensional pues actualmente en Colombia solo 1 de cada 4 adultos mayores logra obtener una\u00a0<strong>pensi\u00f3n<\/strong>.<\/p>\n<p>Cabe recordar que el marco de la subcomisi\u00f3n de reforma pensional, las organizaciones sindicales y los gremios del sector presentaron sus\u00a0<strong>propuestas\u00a0<\/strong>sobre los aspectos que debe incluir este proyecto.<\/p>\n<\/div>\n<\/div>\n<\/div>\n<\/div>\n<\/div>\n<\/div>\n<div class=\"field-item even\">\n<div class=\"shares\"><\/div>\n<div class=\"content-titulo\">\n<div class=\"titulo\">Asofondos<\/div>\n<\/div>\n<\/div>\n<div class=\"field-item odd\">\n<div class=\"entity entity-paragraphs-item paragraphs-item-descripcion\">\n<div class=\"content\">\n<div class=\"field field-name-field-descripcion field-type-text-long field-label-hidden\">\n<div class=\"field-items\">\n<div class=\"field-item even\">\n<p>El presidente de Asofondos,\u00a0<strong>Santiago\u00a0Montenegro<\/strong>, dijo que proponen un solo sistema pensional en Colombia con un pilar solidario, BEPS fortalecidos, un sistema contributivo de capitalizaci\u00f3n, con entes p\u00fabicos y privados operando con las mismas reglas de juego, y que haya m\u00e1s ahorro voluntario.<\/p>\n<p>Asegur\u00f3 que en el marco de la reforma pensional\u00a0<strong>no es conveniente que se financie el pilar solidario<\/strong>, con el cual se pagar\u00e1 una mesada a los adultos mayores sin protecci\u00f3n, con las cotizaciones de los trabajadores activos.<\/p>\n<p>\u201cEsto se debe financiar con recursos del presupuesto nacional\u201d, sostuvo el presidente de Asofondos, que junto a Fasecolda presentaron su propuesta sobre la reforma pensional en la subcomisi\u00f3n que elabora el proyecto.<\/p>\n<p>\u201cHay que fortalecer el ahorro y esto no quiere decir que solo debe ser manejado por entes privados, pues Colpensiones tambi\u00e9n puede y debe hacerlo\u201d, indic\u00f3.<\/p>\n<p>Destac\u00f3 la necesidad de que se cuente con un ahorro y capitalizaci\u00f3n.<\/p>\n<div class=\"field-item odd\">\n<div class=\"content-titulo\">\n<div class=\"titulo\">Sindicatos<\/div>\n<\/div>\n<\/div>\n<div class=\"field-item even\">\n<div class=\"entity entity-paragraphs-item paragraphs-item-descripcion\">\n<div class=\"content\">\n<div class=\"field field-name-field-descripcion field-type-text-long field-label-hidden\">\n<div class=\"field-items\">\n<div class=\"field-item even\">\n<p>A su vez los\u00a0<strong>sindicatos<\/strong>, piden que las personas que no tienen oportunidad de pensi\u00f3n reciban una\u00a0<strong>renta b\u00e1sica de\u00a0vejez\u00a0<\/strong>equivalente a un salario m\u00ednimo mensual.<\/p>\n<p>Adem\u00e1s, proponen que solo exista un r\u00e9gimen pensional solo con\u00a0<strong>Colpensiones\u00a0<\/strong>lo que implica la eliminaci\u00f3n de los fondos privados.<\/p>\n<p>Tambi\u00e9n esperan que se pueda dar una pensi\u00f3n anticipada al cumplirse la edad de pensi\u00f3n que es de 57 a\u00f1os para las mujeres y 62 para los hombres, con 800 semanas y no con el m\u00ednimo de 1.300 que se exige actualmente.<\/p>\n<p>Tomado de: El Heraldo<\/p>\n<\/div>\n<\/div>\n<\/div>\n<\/div>\n<\/div>\n<\/div>\n<\/div>\n<\/div>\n<\/div>\n<\/div>\n<\/div>\n<\/div>\n<\/div>\n<\/div>\n","protected":false},"excerpt":{"rendered":"<p>El Mintrabajo avanza aceleradamente en el proyecto de ley que se presentar\u00e1 ante el Congreso en marzo. Si hay algo claro en cuanto a la\u00a0reforma\u00a0pensional\u00a0es que propondr\u00e1 que haya un solo r\u00e9gimen pensional que reemplazar\u00e1 a los dos que existen actualmente y que funcionar\u00e1 con un\u00a0sistema de pilares. Este es el punto de partida del<\/p>\n","protected":false},"author":1,"featured_media":10505,"comment_status":"closed","ping_status":"closed","sticky":false,"template":"","format":"standard","meta":{"footnotes":""},"categories":[342,181],"tags":[],"class_list":["post-10504","post","type-post","status-publish","format-standard","has-post-thumbnail","hentry","category-news","category-noticias"],"views":134,"_links":{"self":[{"href":"https:\/\/www.amchambaq.com\/es_co\/wp-json\/wp\/v2\/posts\/10504","targetHints":{"allow":["GET"]}}],"collection":[{"href":"https:\/\/www.amchambaq.com\/es_co\/wp-json\/wp\/v2\/posts"}],"about":[{"href":"https:\/\/www.amchambaq.com\/es_co\/wp-json\/wp\/v2\/types\/post"}],"author":[{"embeddable":true,"href":"https:\/\/www.amchambaq.com\/es_co\/wp-json\/wp\/v2\/users\/1"}],"replies":[{"embeddable":true,"href":"https:\/\/www.amchambaq.com\/es_co\/wp-json\/wp\/v2\/comments?post=10504"}],"version-history":[{"count":1,"href":"https:\/\/www.amchambaq.com\/es_co\/wp-json\/wp\/v2\/posts\/10504\/revisions"}],"predecessor-version":[{"id":10506,"href":"https:\/\/www.amchambaq.com\/es_co\/wp-json\/wp\/v2\/posts\/10504\/revisions\/10506"}],"wp:featuredmedia":[{"embeddable":true,"href":"https:\/\/www.amchambaq.com\/es_co\/wp-json\/wp\/v2\/media\/10505"}],"wp:attachment":[{"href":"https:\/\/www.amchambaq.com\/es_co\/wp-json\/wp\/v2\/media?parent=10504"}],"wp:term":[{"taxonomy":"category","embeddable":true,"href":"https:\/\/www.amchambaq.com\/es_co\/wp-json\/wp\/v2\/categories?post=10504"},{"taxonomy":"post_tag","embeddable":true,"href":"https:\/\/www.amchambaq.com\/es_co\/wp-json\/wp\/v2\/tags?post=10504"}],"curies":[{"name":"wp","href":"https:\/\/api.w.org\/{rel}","templated":true}]}}