{"id":10469,"date":"2023-02-01T09:35:50","date_gmt":"2023-02-01T14:35:50","guid":{"rendered":"https:\/\/www.amchambaq.com\/?p=10469"},"modified":"2023-02-01T09:53:00","modified_gmt":"2023-02-01T14:53:00","slug":"banco-de-la-republica-preve-una-inflacion-alta-para-este-ano","status":"publish","type":"post","link":"https:\/\/www.amchambaq.com\/es_co\/banco-de-la-republica-preve-una-inflacion-alta-para-este-ano\/","title":{"rendered":"Banco de la Rep\u00fablica prev\u00e9 una inflaci\u00f3n alta para este a\u00f1o"},"content":{"rendered":"<p>El equipo t\u00e9cnico de la autoridad monetaria lo consign\u00f3 as\u00ed en el informe de Pol\u00edtica Monetaria.<\/p>\n<p>El informe de Pol\u00edtica Monetaria del Banco de la Rep\u00fablica dijo que en diciembre la inflaci\u00f3n total (13,1 %) y el promedio de las medidas de inflaci\u00f3n b\u00e1sica (10,3%) continuaron con su tendencia creciente, con registros superiores a los estimados por el equipo t\u00e9cnico del Banco y por el promedio del mercado.<\/p>\n<p>El informe asegur\u00f3 que&nbsp;<b>las expectativas de inflaci\u00f3n a todos los plazos superan la meta del 3 %<\/b>. En ese mes todos los grandes grupos del \u00edndice de precios al consumidor (IPC) registraron incrementos superiores a los estimados y los indicadores de difusi\u00f3n contin\u00faan mostrando aumentos generalizados de precios.<\/p>\n<p>El informe preparado por el equipo t\u00e9cnico del Banco de la Rep\u00fablica dice que las presiones cambiarias acumuladas sobre los precios, la indexaci\u00f3n a tasas altas de inflaci\u00f3n y algunos choques particulares de oferta de alimentos explicar\u00edan, en parte, la aceleraci\u00f3n de la inflaci\u00f3n.<\/p>\n<p>Lo anterior, dice, se da en un contexto de excesos de demanda importantes, de un mercado laboral ajustado, y de unas&nbsp;<b>expectativas de inflaci\u00f3n a distintos plazos que superan la meta del 3 %.<\/b><\/p>\n<p>Frente al Informe de octubre, el sendero de pron\u00f3stico de la inflaci\u00f3n total y b\u00e1sica (sin alimentos ni regulados: SAR) aument\u00f3, como reflejo de mayores presiones cambiarias acumuladas, de una indexaci\u00f3n de los precios a una tasa de inflaci\u00f3n m\u00e1s elevada (IPC e \u00edndice de precios al productor: IPP) y del aumento en los costos laborales debido a un ajuste del salario m\u00ednimo mayor que el estimado.<\/p>\n<p id=\"p577736-m715-3-716\" class=\"parrafo\">No obstante, dice el informe, se espera que a comienzos de 2023 la inflaci\u00f3n total comience a ceder, aunque desde un nivel m\u00e1s alto que el estimado en octubre. Lo anterior estar\u00eda sustentado inicialmente en la desaceleraci\u00f3n proyectada del IPC de alimentos, debido a una base de comparaci\u00f3n en niveles elevados, a la disoluci\u00f3n esperada de los choques que han afectado a los precios de estos productos, y a la mejora estimada en la oferta externa e interna en este sector.<\/p>\n<div id=\"p577736-m721-4-722\" class=\"highlighted\">\n<div id=\"m726-725-727\" class=\"tiemposBold3\">Qu\u00e9 dice de las familias<\/div>\n<\/div>\n<p id=\"p577736-m733-5-734\" class=\"parrafo\">Adem\u00e1s, el informe de Pol\u00edtica Monetaria dice que el deterioro del ingreso real de las familias por la alta inflaci\u00f3n, el agotamiento de los efectos de una demanda represada y unas condiciones financieras externas e internas m\u00e1s apretadas contribuir\u00edan a diluir los excesos de demanda en 2023 y a reducir la inflaci\u00f3n. A finales d<b>e 2023 tanto la inflaci\u00f3n total como la b\u00e1sica (SAR) alcanzar\u00edan el 8,7 %,<\/b>&nbsp;y a diciembre de 2024 se situar\u00edan en el 3,5 % y 3,8 %, respectivamente.<\/p>\n<p>Estos pron\u00f3sticos, seg\u00fan el Banco de la Rep\u00fablica, tienen una incertidumbre elevada, relacionada en especial con<b>&nbsp;el comportamiento futuro de las condiciones financieras internacionales<\/b>, la evoluci\u00f3n de la tasa de cambio, el ritmo de ajuste de la demanda interna, el grado de indexaci\u00f3n de los contratos nominales y las decisiones que se tomen en cuanto al precio interno de los combustibles y de la energ\u00eda el\u00e9ctrica.<\/p>\n<p>Dice el informe que en el tercer trimestre<b>&nbsp;la actividad econ\u00f3mica volvi\u00f3 a sorprender al alza y la proyecci\u00f3n de crecimiento para 2022 aument\u00f3 al 8,0 %<\/b>&nbsp;(antes 7,9 %), pero disminuy\u00f3 para 2023 al 0,2 % (antes 0,5 %). Con esto, los excesos de demanda contin\u00faan siendo importantes y se sigue estimando que se diluyan en el presente a\u00f1o.<\/p>\n<p>El crecimiento econ\u00f3mico anual del tercer trimestre (7,1 % DAEC) result\u00f3 mayor de lo estimado en octubre (6,4 % DAEC), debido a una demanda interna m\u00e1s fuerte, espec\u00edficamente por una inversi\u00f3n mayor de la esperada. El consumo privado cay\u00f3 desde el nivel elevado observado un trimestre atr\u00e1s y las exportaciones netas registraron una contribuci\u00f3n m\u00e1s negativa de la prevista. Para el cuarto trimestre los indicadores de actividad econ\u00f3mica sugieren que el producto interno bruto (PIB) habr\u00eda mantenido un nivel alto y similar al observado en el tercero, con una variaci\u00f3n del 4,1 % anual.<\/p>\n<p>La demanda interna se habr\u00eda desacelerado en t\u00e9rminos anuales, aunque a niveles que habr\u00edan continuado por encima de los del producto, por cuenta, principalmente, de&nbsp;<b>un elevado consumo privado<\/b>. La inversi\u00f3n se habr\u00eda reducido levemente a un valor similar al promedio observado en 2019. El d\u00e9ficit comercial real habr\u00eda disminuido, debido a una ca\u00edda de las importaciones m\u00e1s fuerte que el descenso estimado en las exportaciones.<\/p>\n<div id=\"p577736-m781-10-782\" class=\"highlighted\">\n<div id=\"m786-785-787\" class=\"tiemposBold3\">Deterioro del consumo<\/div>\n<\/div>\n<p id=\"p577736-m793-11-794\" class=\"parrafo\">El informe consigna que se espera que en el horizonte de pron\u00f3stico el consumo se reduzca desde los elevados niveles actuales, en parte como consecuencia de unas&nbsp;<b>condiciones financieras internas m\u00e1s apretadas&nbsp;<\/b>y de un deterioro del ingreso real a causa de una inflaci\u00f3n alta.<\/p>\n<p>Tambi\u00e9n menciona que la inversi\u00f3n t<b>ambi\u00e9n se disminuir\u00eda y se situar\u00eda de nuevo en niveles inferiores a los observados antes de la pandemia.<\/b>&nbsp;En t\u00e9rminos reales, el d\u00e9ficit comercial se reducir\u00eda debido a una menor din\u00e1mica proyectada de la demanda interna y a una mayor depreciaci\u00f3n real acumulada.<\/p>\n<p>Con todo esto, el crecimiento econ\u00f3mico para todo 2022, 2023 y 2024&nbsp;<b>se situar\u00eda en el 8,0 %, 0,2 % y el 1,0 %, respectivamente.<\/b>&nbsp;Los excesos de demanda se mantienen elevados (medidos con la brecha de producto) y se estima que se diluir\u00edan en 2023 y podr\u00edan tornarse negativos en 2024. Si bien el pron\u00f3stico macroecon\u00f3mico incluye una desaceleraci\u00f3n marcada de la econom\u00eda, no puede descartarse un ajuste a\u00fan mayor de la absorci\u00f3n interna.<\/p>\n<p>Tomado de: Portafolio<\/p>\n","protected":false},"excerpt":{"rendered":"<p>El equipo t\u00e9cnico de la autoridad monetaria lo consign\u00f3 as\u00ed en el informe de Pol\u00edtica Monetaria. El informe de Pol\u00edtica Monetaria del Banco de la Rep\u00fablica dijo que en diciembre la inflaci\u00f3n total (13,1 %) y el promedio de las medidas de inflaci\u00f3n b\u00e1sica (10,3%) continuaron con su tendencia creciente, con registros superiores a los<\/p>\n","protected":false},"author":1,"featured_media":10478,"comment_status":"closed","ping_status":"closed","sticky":false,"template":"","format":"standard","meta":{"footnotes":""},"categories":[342,181],"tags":[],"class_list":["post-10469","post","type-post","status-publish","format-standard","has-post-thumbnail","hentry","category-news","category-noticias"],"views":75,"_links":{"self":[{"href":"https:\/\/www.amchambaq.com\/es_co\/wp-json\/wp\/v2\/posts\/10469","targetHints":{"allow":["GET"]}}],"collection":[{"href":"https:\/\/www.amchambaq.com\/es_co\/wp-json\/wp\/v2\/posts"}],"about":[{"href":"https:\/\/www.amchambaq.com\/es_co\/wp-json\/wp\/v2\/types\/post"}],"author":[{"embeddable":true,"href":"https:\/\/www.amchambaq.com\/es_co\/wp-json\/wp\/v2\/users\/1"}],"replies":[{"embeddable":true,"href":"https:\/\/www.amchambaq.com\/es_co\/wp-json\/wp\/v2\/comments?post=10469"}],"version-history":[{"count":2,"href":"https:\/\/www.amchambaq.com\/es_co\/wp-json\/wp\/v2\/posts\/10469\/revisions"}],"predecessor-version":[{"id":10479,"href":"https:\/\/www.amchambaq.com\/es_co\/wp-json\/wp\/v2\/posts\/10469\/revisions\/10479"}],"wp:featuredmedia":[{"embeddable":true,"href":"https:\/\/www.amchambaq.com\/es_co\/wp-json\/wp\/v2\/media\/10478"}],"wp:attachment":[{"href":"https:\/\/www.amchambaq.com\/es_co\/wp-json\/wp\/v2\/media?parent=10469"}],"wp:term":[{"taxonomy":"category","embeddable":true,"href":"https:\/\/www.amchambaq.com\/es_co\/wp-json\/wp\/v2\/categories?post=10469"},{"taxonomy":"post_tag","embeddable":true,"href":"https:\/\/www.amchambaq.com\/es_co\/wp-json\/wp\/v2\/tags?post=10469"}],"curies":[{"name":"wp","href":"https:\/\/api.w.org\/{rel}","templated":true}]}}