{"id":10413,"date":"2023-01-25T08:50:58","date_gmt":"2023-01-25T13:50:58","guid":{"rendered":"https:\/\/www.amchambaq.com\/?p=10413"},"modified":"2023-01-25T08:50:58","modified_gmt":"2023-01-25T13:50:58","slug":"comisionado-de-las-naciones-unidas-para-los-derechos-humanos-visitara-colombia","status":"publish","type":"post","link":"https:\/\/www.amchambaq.com\/es_co\/comisionado-de-las-naciones-unidas-para-los-derechos-humanos-visitara-colombia\/","title":{"rendered":"Comisionado de las Naciones Unidas para los Derechos Humanos visitar\u00e1 Colombia"},"content":{"rendered":"<p>El alto comisionado de las Naciones Unidas para los Derechos Humanos, Volker T\u00fcrk, viajar\u00e1 hoy a Colombia y su visita se extender\u00e1 hasta ma\u00f1ana, seg\u00fan indic\u00f3 la oficina que dirige en un comunicado.<\/p>\n<p>T\u00fcrk se entrevistar\u00e1 con representantes del Gobierno colombiano y de la sociedad civil, con activistas por los derechos humanos, con representantes de los pueblos ind\u00edgenas y afrodescendientes, y con miembros de la comunidad internacional en Colombia.<\/p>\n<p>Asistir\u00e1 a un evento organizado por la embajadora sueca en Colombia, Helena Storm, en el que se conmemorar\u00e1 el 75\u00ba aniversario de la Declaraci\u00f3n Universal de los Derechos Humanos.<\/p>\n<p>Ma\u00f1ana, mi\u00e9rcoles 25 de enero, el alto comisionado ofrecer\u00e1 una conferencia de prensa en Bogot\u00e1 para valorar esta visita.<\/p>\n<div class=\"callout suscribeModule\"><\/div>\n","protected":false},"excerpt":{"rendered":"<p>El alto comisionado de las Naciones Unidas para los Derechos Humanos, Volker T\u00fcrk, viajar\u00e1 hoy a Colombia y su visita se extender\u00e1 hasta ma\u00f1ana, seg\u00fan indic\u00f3 la oficina que dirige en un comunicado. T\u00fcrk se entrevistar\u00e1 con representantes del Gobierno colombiano y de la sociedad civil, con activistas por los derechos humanos, con representantes de<\/p>\n","protected":false},"author":1,"featured_media":10414,"comment_status":"closed","ping_status":"closed","sticky":false,"template":"","format":"standard","meta":{"footnotes":""},"categories":[342,181],"tags":[],"class_list":["post-10413","post","type-post","status-publish","format-standard","has-post-thumbnail","hentry","category-news","category-noticias"],"views":65,"_links":{"self":[{"href":"https:\/\/www.amchambaq.com\/es_co\/wp-json\/wp\/v2\/posts\/10413","targetHints":{"allow":["GET"]}}],"collection":[{"href":"https:\/\/www.amchambaq.com\/es_co\/wp-json\/wp\/v2\/posts"}],"about":[{"href":"https:\/\/www.amchambaq.com\/es_co\/wp-json\/wp\/v2\/types\/post"}],"author":[{"embeddable":true,"href":"https:\/\/www.amchambaq.com\/es_co\/wp-json\/wp\/v2\/users\/1"}],"replies":[{"embeddable":true,"href":"https:\/\/www.amchambaq.com\/es_co\/wp-json\/wp\/v2\/comments?post=10413"}],"version-history":[{"count":1,"href":"https:\/\/www.amchambaq.com\/es_co\/wp-json\/wp\/v2\/posts\/10413\/revisions"}],"predecessor-version":[{"id":10415,"href":"https:\/\/www.amchambaq.com\/es_co\/wp-json\/wp\/v2\/posts\/10413\/revisions\/10415"}],"wp:featuredmedia":[{"embeddable":true,"href":"https:\/\/www.amchambaq.com\/es_co\/wp-json\/wp\/v2\/media\/10414"}],"wp:attachment":[{"href":"https:\/\/www.amchambaq.com\/es_co\/wp-json\/wp\/v2\/media?parent=10413"}],"wp:term":[{"taxonomy":"category","embeddable":true,"href":"https:\/\/www.amchambaq.com\/es_co\/wp-json\/wp\/v2\/categories?post=10413"},{"taxonomy":"post_tag","embeddable":true,"href":"https:\/\/www.amchambaq.com\/es_co\/wp-json\/wp\/v2\/tags?post=10413"}],"curies":[{"name":"wp","href":"https:\/\/api.w.org\/{rel}","templated":true}]}}