{"id":10404,"date":"2023-01-23T08:48:46","date_gmt":"2023-01-23T13:48:46","guid":{"rendered":"https:\/\/www.amchambaq.com\/?p=10404"},"modified":"2023-01-23T08:48:46","modified_gmt":"2023-01-23T13:48:46","slug":"compas-espera-resultados-de-investigaciones-por-incendio-en-via-40","status":"publish","type":"post","link":"https:\/\/www.amchambaq.com\/es_co\/compas-espera-resultados-de-investigaciones-por-incendio-en-via-40\/","title":{"rendered":"Compas espera resultados de investigaciones por incendio en V\u00eda 40"},"content":{"rendered":"<p>Un mes despu\u00e9s de la\u00a0<strong>emergencia registrada en la V\u00eda 40\u00a0<\/strong>por el incendio de dos tanques de almacenamiento de combustible, la Compa\u00f1\u00eda de Puertos Asociados (Compas) asegur\u00f3 a\u00a0<a href=\"https:\/\/www.elheraldo.co\/\" target=\"_blank\" rel=\"noopener\">EL HERALDO<\/a>\u00a0que vienen adelantando las correspondientes indagaciones \u2013en conjunto con la empresa\u00a0<strong>Bravo Petroleum<\/strong>, que operaba las estructuras\u2013 para establecer las causas de la emergencia.<\/p>\n<p>Las directivas de la compa\u00f1\u00eda aseguraron a EL HERALDO que se encuentran a la espera de los \u201cresultados de las investigaciones forenses correspondientes\u201d para tomar las determinaciones que sean necesarias para<strong>\u00a0evitar nuevas emergencias.<\/strong><\/p>\n<p>Agreg\u00f3 que han brindado apoyo al\u00a0<strong>Cuerpo de Bomberos<\/strong>\u00a0y las autoridades competentes para adelantar el proceso investigativo. En el marco de estas acciones han requerido informaci\u00f3n puntual a la empresa Bravo Petroleum.<\/p>\n<p>Adem\u00e1s, la terminal portuaria expuso que contaban con los elementos de seguridad correspondientes para atender la conflagraci\u00f3n. Reiter\u00f3 que en sus seis terminales en el pa\u00eds existen los mecanismos y elementos de seguridad, los cuales est\u00e1n en condiciones de perfecto funcionamiento para enfrentar este y cualquier<em>\u00a0impasse.<\/em><\/p>\n<p>\u201cEs importante recordar que el siniestro ocurri\u00f3 en las instalaciones que detenta Bravo Petroleum, que, en consecuencia, es responsable de todos los\u00a0<strong>aspectos vinculados a su operaci\u00f3n<\/strong>\u201d, sostuvo Compas.<\/p>\n<p>Con relaci\u00f3n a los da\u00f1os en la terminal portuaria, la compa\u00f1\u00eda indic\u00f3 que hasta el momento no se han cuantificado en su totalidad: \u201cCon excepciones de las operaciones de hidrocarburos, el terminal est\u00e1 funcionando con normalidad movilizando carga\u201d.<\/p>\n<div class=\"field-item odd\">\n<div class=\"content-titulo\">\n<div class=\"titulo\"><strong>P\u00f3lizas de cumplimiento<\/strong><\/div>\n<\/div>\n<\/div>\n<div class=\"field-item even\">\n<div class=\"entity entity-paragraphs-item paragraphs-item-descripcion\">\n<div class=\"content\">\n<div class=\"field field-name-field-descripcion field-type-text-long field-label-hidden\">\n<div class=\"field-items\">\n<div class=\"field-item even\">\n<p>De acuerdo con el pronunciamiento hecho a este medio, la empresa Bravo Petroleum cuenta con el respaldo de sus aseguradores frente al siniestro y los da\u00f1os causados.<\/p>\n<p>\u201cEstamos evaluando los da\u00f1os y las conclusiones de las investigaciones para tomar las determinaciones que sean del caso\u201d, agreg\u00f3 Compas.<\/p>\n<p>Es de recordar que la\u00a0<strong>ministra de Minas y Energ\u00eda, Irene V\u00e9lez Torres,<\/strong>\u00a0indic\u00f3 a esta casa editorial \u2013en su momento\u2013 que la p\u00f3liza de cumplimiento nunca fue subida al sistema de la cartera y que a\u00fan est\u00e1n a la espera de la respuesta de la empresa norteamericana.<\/p>\n<\/div>\n<\/div>\n<\/div>\n<\/div>\n<\/div>\n<\/div>\n<div class=\"field-item odd\">\n<div class=\"shares\"><strong>Agradecimientos<\/strong><\/div>\n<\/div>\n<div class=\"field-item even\">\n<div class=\"entity entity-paragraphs-item paragraphs-item-descripcion\">\n<div class=\"content\">\n<div class=\"field field-name-field-descripcion field-type-text-long field-label-hidden\">\n<div class=\"field-items\">\n<div class=\"field-item even\">\n<p>La compa\u00f1\u00eda hizo un reconocimiento al Cuerpo de Bomberos y la<strong>\u00a0Red Local de Atenci\u00f3n a Emergencias\u00a0<\/strong>por el apoyo brindado para superar la emergencia en la V\u00eda 40.<\/p>\n<p>Tambi\u00e9n destac\u00f3 el respaldo del alcalde\u00a0<strong>Jaime Pumarejo<\/strong>, la Capitan\u00eda de Puerto y \u201cdem\u00e1s actores involucrados que ayudaron ostensiblemente en la superaci\u00f3n de la emergencia\u201d.<\/p>\n<p>\u201cEn situaciones tan duras como esta Barranquilla demuestra la calidad de su gente, su solidaridad y empuje para afrontar las adversidades\u201d, enfatiz\u00f3.<\/p>\n<p>Asimismo lament\u00f3 el fallecimiento del sargento\u00a0<strong>Javier Solano<\/strong>, el cual se registr\u00f3 en medio de la inspecci\u00f3n de la zona en medio de la conflagraci\u00f3n que se extendi\u00f3 por cerca de 60 horas.<\/p>\n<div class=\"field-item even\">\n<div class=\"content-titulo\">\n<div class=\"titulo\"><strong>\u00bfQu\u00e9 dice Bomberos?<\/strong><\/div>\n<\/div>\n<\/div>\n<div class=\"field-item odd\">\n<div class=\"entity entity-paragraphs-item paragraphs-item-descripcion\">\n<div class=\"content\">\n<div class=\"field field-name-field-descripcion field-type-text-long field-label-hidden\">\n<div class=\"field-items\">\n<div class=\"field-item even\">\n<p>Tras los reportes preliminares entregados por los seis oficiales del Cuerpo de Bomberos de Barranquilla que atendieron la emergencia que se present\u00f3 el pasado 21 de diciembre en los tanques de almacenamiento de combustible de la empresa Bravo Petroleum, ubicada en la V\u00eda 40, se pudo establecer que causas \u201cindeterminadas\u201d habr\u00edan generado el voraz incendio.<\/p>\n<p>El capit\u00e1n\u00a0<strong>Jaime P\u00e9rez Pacheco<\/strong>, comandante del Cuerpo de Bomberos de Barranquilla, explic\u00f3 que \u2013debido a la magnitud de la emergencia y la fuerza de las llamas\u2013 desapareci\u00f3 cualquier material que les permitiera establecer la causa del incendio.<\/p>\n<p>\u201cSe puede decir que son causas indeterminadas porque las llamas arrasaron con todo a su paso; por ejemplo, si fue un cortocircuito, todo se quem\u00f3, no hay nada que pueda comprobar que fue eso lo que gener\u00f3 el incendio. Adem\u00e1s, hay que aclarar que el\u00a0<strong>Cuerpo de Bomberos de Barranquilla\u00a0<\/strong>no es un ente investigador\u201d, expres\u00f3, en su momento, el capit\u00e1n P\u00e9rez.<\/p>\n<div class=\"field-item odd\">\n<div class=\"entity entity-paragraphs-item paragraphs-item-descripcion\">\n<div class=\"content\">\n<div class=\"field field-name-field-descripcion field-type-text-long field-label-hidden\">\n<div class=\"field-items\">\n<div class=\"field-item even\">\n<p>Agreg\u00f3 que est\u00e1n elaborando un informe detallado con los seis oficiales que estuvieron al frente de la emergencia y liderando las maniobras que permitieron controlar la misma, para dar a conocer un balance general de lo que fue esta.<\/p>\n<p>A\u00f1adi\u00f3 que fue una emergencia de gran proporci\u00f3n de tipo industrial, que en los\u00a0<strong>35 a\u00f1os de servicio en la instituci\u00f3n<\/strong> es la primera vez que atienden un acontecimiento como el registrado en la V\u00eda 40 de Barranquilla.<\/p>\n<\/div>\n<\/div>\n<\/div>\n<\/div>\n<\/div>\n<\/div>\n<div class=\"field-item even\">\n<div class=\"content-titulo\">\n<div class=\"titulo\"><strong>La emergencia en Bravo Petroleum<\/strong><\/div>\n<\/div>\n<\/div>\n<div class=\"field-item odd\">\n<div class=\"entity entity-paragraphs-item paragraphs-item-descripcion\">\n<div class=\"content\">\n<div class=\"field field-name-field-descripcion field-type-text-long field-label-hidden\">\n<div class=\"field-items\">\n<div class=\"field-item even\">\n<p>En la madrugada del 21 de diciembre un tanque que conten\u00eda combustible estall\u00f3 dentro de la empresa de acopio de hidrocarburos Bravo Petroleum, provocando que un extenso sector de la V\u00eda 40, entre la calle 85 y la<strong>\u00a0rotonda Adelita de Char\u00a0<\/strong>(Las Flores) fuera cerrado.<\/p>\n<p>Los encargados de atender la emergencia llegaron con la mayor brevedad posible; sin embargo, fue poco lo que pudieron hacer en ese momento, debido a la magnitud.<\/p>\n<p>El fuego no solo afect\u00f3 la planta, sino que produjo una gran columna de humo que se extendi\u00f3 por un amplio sector del norte de Barranquilla y algunos municipios del \u00e1rea metropolitana.<\/p>\n<p>Pasadas las horas y con la llegada de los dem\u00e1s entes, se intensificaron las acciones para<strong>\u00a0mitigar el fuego por agua y tierra.<\/strong><\/p>\n<p>El Cuerpo de Bomberos y otros organismos de socorro implementaron dos estrategias: una defensiva y otra ofensiva. Con la primera \u2013de acuerdo con el\u00a0<strong>capit\u00e1n Charles Benavides<\/strong>, director nacional de Bomberos\u2013 se aislaron y mantuvieron con bajas temperaturas los tanques que no fueron afectados por las llamas. La ofensiva, por su parte, correspondi\u00f3 a buscar un par de acciones que permitieran atacar el foco del incendio. Inicialmente, las autoridades hab\u00edan manifestado que el incendio podr\u00eda extinguirse en unos 3 o 4 d\u00edas. Esto en raz\u00f3n de que se deb\u00eda esperar a que se quemara el combustible de los tanques de almacenamiento en su totalidad. Al final, las maniobras implementadas permitieron cumplir los plazos.<\/p>\n<p>Despu\u00e9s de 60 horas y<strong>\u00a0jornadas extenuantes<\/strong>, los miembros del puesto de mando unificado (PMU) dieron por terminada la emergencia en la zona industrial de Barranquilla.<\/p>\n<p>Para esto, fue necesario esperar a que la operaci\u00f3n fuese segura para la estructura y el Cuerpo de Bomberos, as\u00ed como calcular muy bien los tiempos para su ejecuci\u00f3n.<\/p>\n<p>Tomado de: EL HERALDO<\/p>\n<\/div>\n<\/div>\n<\/div>\n<\/div>\n<\/div>\n<\/div>\n<\/div>\n<\/div>\n<\/div>\n<\/div>\n<\/div>\n<\/div>\n<\/div>\n<\/div>\n<\/div>\n<\/div>\n<\/div>\n<\/div>\n","protected":false},"excerpt":{"rendered":"<p>Un mes despu\u00e9s de la\u00a0emergencia registrada en la V\u00eda 40\u00a0por el incendio de dos tanques de almacenamiento de combustible, la Compa\u00f1\u00eda de Puertos Asociados (Compas) asegur\u00f3 a\u00a0EL HERALDO\u00a0que vienen adelantando las correspondientes indagaciones \u2013en conjunto con la empresa\u00a0Bravo Petroleum, que operaba las estructuras\u2013 para establecer las causas de la emergencia. Las directivas de la compa\u00f1\u00eda<\/p>\n","protected":false},"author":1,"featured_media":10405,"comment_status":"closed","ping_status":"closed","sticky":false,"template":"","format":"standard","meta":{"footnotes":""},"categories":[342,181],"tags":[],"class_list":["post-10404","post","type-post","status-publish","format-standard","has-post-thumbnail","hentry","category-news","category-noticias"],"views":50,"_links":{"self":[{"href":"https:\/\/www.amchambaq.com\/es_co\/wp-json\/wp\/v2\/posts\/10404","targetHints":{"allow":["GET"]}}],"collection":[{"href":"https:\/\/www.amchambaq.com\/es_co\/wp-json\/wp\/v2\/posts"}],"about":[{"href":"https:\/\/www.amchambaq.com\/es_co\/wp-json\/wp\/v2\/types\/post"}],"author":[{"embeddable":true,"href":"https:\/\/www.amchambaq.com\/es_co\/wp-json\/wp\/v2\/users\/1"}],"replies":[{"embeddable":true,"href":"https:\/\/www.amchambaq.com\/es_co\/wp-json\/wp\/v2\/comments?post=10404"}],"version-history":[{"count":1,"href":"https:\/\/www.amchambaq.com\/es_co\/wp-json\/wp\/v2\/posts\/10404\/revisions"}],"predecessor-version":[{"id":10406,"href":"https:\/\/www.amchambaq.com\/es_co\/wp-json\/wp\/v2\/posts\/10404\/revisions\/10406"}],"wp:featuredmedia":[{"embeddable":true,"href":"https:\/\/www.amchambaq.com\/es_co\/wp-json\/wp\/v2\/media\/10405"}],"wp:attachment":[{"href":"https:\/\/www.amchambaq.com\/es_co\/wp-json\/wp\/v2\/media?parent=10404"}],"wp:term":[{"taxonomy":"category","embeddable":true,"href":"https:\/\/www.amchambaq.com\/es_co\/wp-json\/wp\/v2\/categories?post=10404"},{"taxonomy":"post_tag","embeddable":true,"href":"https:\/\/www.amchambaq.com\/es_co\/wp-json\/wp\/v2\/tags?post=10404"}],"curies":[{"name":"wp","href":"https:\/\/api.w.org\/{rel}","templated":true}]}}