{"id":10353,"date":"2023-01-11T16:24:43","date_gmt":"2023-01-11T21:24:43","guid":{"rendered":"https:\/\/www.amchambaq.com\/?p=10353"},"modified":"2023-01-11T16:24:43","modified_gmt":"2023-01-11T21:24:43","slug":"inflacion-en-colombia-por-encima-de-las-expectativas-debe-ser-un-llamado-a-la-reflexion-maria-claudia-lacouture","status":"publish","type":"post","link":"https:\/\/www.amchambaq.com\/es_co\/inflacion-en-colombia-por-encima-de-las-expectativas-debe-ser-un-llamado-a-la-reflexion-maria-claudia-lacouture\/","title":{"rendered":"Inflaci\u00f3n en Colombia por encima de las expectativas debe ser un llamado a la reflexi\u00f3n: Mar\u00eda Claudia Lacouture"},"content":{"rendered":"<p class=\"section sp-8\">La inflaci\u00f3n anual sigui\u00f3 en su senda alcista y termin\u00f3 2022 en 13,12 %, con una variaci\u00f3n mensual en diciembre de 1,26 %, de acuerdo con las cifras dadas por el Dane en Colombia en la ma\u00f1ana de este jueves 5 de enero de 2023.<\/p>\n<div class=\"section sp-10 mb-24\">\n<figure><picture><source srcset=\"https:\/\/www.semana.com\/resizer\/YbVVwbviBlPv9GvyoRLc54IEawE=\/fit-in\/480x0\/smart\/filters:format(jpg):quality(80)\/cloudfront-us-east-1.images.arcpublishing.com\/semana\/SHQAOGJAGBAY5DUOQMG2S2BZWU.png\" media=\"(max-width: 480px)\" \/><source srcset=\"https:\/\/www.semana.com\/resizer\/QneSvCeZGsi0pZ1JL-8FK9uCYts=\/fit-in\/768x0\/smart\/filters:format(jpg):quality(80)\/cloudfront-us-east-1.images.arcpublishing.com\/semana\/SHQAOGJAGBAY5DUOQMG2S2BZWU.png\" media=\"(max-width: 768px)\" \/><\/picture><\/figure>\n<p>La inflaci\u00f3n en Colombia por encima de las expectativas debe ser un llamado a la reflexi\u00f3n sobre las medidas necesarias para moderar el costo de vida de los colombianos, que incluso pudo ser m\u00e1s alto, pues los costos de insumos para producci\u00f3n y servicios fueron mucho mayores. Esto, seg\u00fan la presidenta de la C\u00e1mara de Comercio Colombo Americana (AmCham Colombia), Mar\u00eda Claudia Lacouture.<\/p>\n<p>La directiva explic\u00f3:\u00a0<b>\u201cEstos (los costos de insumos para producci\u00f3n y servicios) fueron absorbidos por el tejido empresarial para evitar su traslado al precio al consumidor\u201d.\u00a0<\/b>Dijo que por ello es \u201cimportante reforzar pol\u00edticas para generaci\u00f3n de empleo formal, para que las familias cuenten con recursos que permitan enfrentar los aumentos derivados por el alto costo de alimentos, transporte, gasolina e impuestos\u201d.<\/p>\n<p class=\"section sp-8\">Agreg\u00f3 que tambi\u00e9n \u201cse debe mejorar la productividad empresarial para que [las empresas] puedan ofrecer productos y servicios de manera competitiva, tanto para el mercado nacional como para el exterior, lo que se convierte en factor clave para el desarrollo de la econom\u00eda. El sector privado est\u00e1 listo a seguir trabajando con el Gobierno en esta l\u00ednea\u201d.<\/p>\n<div class=\"section sp-8 \">\n<h2 class=\"\">Por qu\u00e9 la inflaci\u00f3n<\/h2>\n<\/div>\n<p class=\"section sp-8\">Por su parte, Sergio Olarte, economista principal de Scotiabank Colpatria, explic\u00f3 que el incremento de la inflaci\u00f3n en Colombia se debe \u201ca los sospechosos de siempre: los alimentos, especialmente los alimentos perecederos, que contin\u00faan con una inflaci\u00f3n superior al 26 %, con algunos \u00edtems que ya est\u00e1n comenzando a bajar, pero todav\u00eda en niveles muy altos, como la carne de res, cuya inflaci\u00f3n ha venido bajando, pero sigue por encima del 22 %. Por otro lado, con unos niveles de inflaci\u00f3n de arroz, por ejemplo, que est\u00e1n por encima del 50 %\u201d.<\/p>\n<div class=\"section sp-10 mb-24\">\n<figure><picture><source srcset=\"https:\/\/www.semana.com\/resizer\/ZZgcL4geAea84LP2qek_1yvceuM=\/fit-in\/480x0\/smart\/filters:format(jpg):quality(80)\/cloudfront-us-east-1.images.arcpublishing.com\/semana\/Z4T4MQVAD5DQ3HS7WAX6RCAHXA.png\" media=\"(max-width: 480px)\" \/><source srcset=\"https:\/\/www.semana.com\/resizer\/G5XQQyckdkxQrNUMYyAk2Lxjy7Q=\/fit-in\/768x0\/smart\/filters:format(jpg):quality(80)\/cloudfront-us-east-1.images.arcpublishing.com\/semana\/Z4T4MQVAD5DQ3HS7WAX6RCAHXA.png\" media=\"(max-width: 768px)\" \/><\/picture><\/figure>\n<\/div>\n<p>De acuerdo con el experto,<b>\u00a0\u201clo anterior hace pensar que la bajada de la inflaci\u00f3n en Colombia va a ser bastante lenta, sobre todo porque esto afecta la inflaci\u00f3n de elementos de demanda como los restaurantes, los hoteles, los viajes, entre otros;\u00a0<\/b>sectores que han sido muy din\u00e1micos durante esta \u00e9poca, haciendo que estas inflaciones sean muy altas y solamente desde un punto de vista de desaceleraci\u00f3n econ\u00f3mica se va pueda ver una baja de la inflaci\u00f3n\u201d.<\/p>\n<p>Seg\u00fan Olarte, lo que se espera es que el Banco de la Rep\u00fablica, muy posiblemente en su reuni\u00f3n de enero, siga subiendo sus tasas de inter\u00e9s para, de alguna manera, desestimular el consumo y podr\u00e1 subir inclusive hasta un punto porcentual.<\/p>\n<p>Tomado de: SEMANA<\/p>\n<div class=\"section sp-8\">\n<div id=\"138bbacb-8851-42dc-9f01-3eb812a5b9ea\"><\/div>\n<\/div>\n<div class=\"section sp-8\"><\/div>\n<\/div>\n","protected":false},"excerpt":{"rendered":"<p>La inflaci\u00f3n anual sigui\u00f3 en su senda alcista y termin\u00f3 2022 en 13,12 %, con una variaci\u00f3n mensual en diciembre de 1,26 %, de acuerdo con las cifras dadas por el Dane en Colombia en la ma\u00f1ana de este jueves 5 de enero de 2023. La inflaci\u00f3n en Colombia por encima de las expectativas debe<\/p>\n","protected":false},"author":1,"featured_media":10354,"comment_status":"closed","ping_status":"closed","sticky":false,"template":"","format":"standard","meta":{"footnotes":""},"categories":[342,181],"tags":[],"class_list":["post-10353","post","type-post","status-publish","format-standard","has-post-thumbnail","hentry","category-news","category-noticias"],"views":133,"_links":{"self":[{"href":"https:\/\/www.amchambaq.com\/es_co\/wp-json\/wp\/v2\/posts\/10353","targetHints":{"allow":["GET"]}}],"collection":[{"href":"https:\/\/www.amchambaq.com\/es_co\/wp-json\/wp\/v2\/posts"}],"about":[{"href":"https:\/\/www.amchambaq.com\/es_co\/wp-json\/wp\/v2\/types\/post"}],"author":[{"embeddable":true,"href":"https:\/\/www.amchambaq.com\/es_co\/wp-json\/wp\/v2\/users\/1"}],"replies":[{"embeddable":true,"href":"https:\/\/www.amchambaq.com\/es_co\/wp-json\/wp\/v2\/comments?post=10353"}],"version-history":[{"count":1,"href":"https:\/\/www.amchambaq.com\/es_co\/wp-json\/wp\/v2\/posts\/10353\/revisions"}],"predecessor-version":[{"id":10355,"href":"https:\/\/www.amchambaq.com\/es_co\/wp-json\/wp\/v2\/posts\/10353\/revisions\/10355"}],"wp:featuredmedia":[{"embeddable":true,"href":"https:\/\/www.amchambaq.com\/es_co\/wp-json\/wp\/v2\/media\/10354"}],"wp:attachment":[{"href":"https:\/\/www.amchambaq.com\/es_co\/wp-json\/wp\/v2\/media?parent=10353"}],"wp:term":[{"taxonomy":"category","embeddable":true,"href":"https:\/\/www.amchambaq.com\/es_co\/wp-json\/wp\/v2\/categories?post=10353"},{"taxonomy":"post_tag","embeddable":true,"href":"https:\/\/www.amchambaq.com\/es_co\/wp-json\/wp\/v2\/tags?post=10353"}],"curies":[{"name":"wp","href":"https:\/\/api.w.org\/{rel}","templated":true}]}}