{"id":10345,"date":"2023-01-05T08:47:09","date_gmt":"2023-01-05T13:47:09","guid":{"rendered":"https:\/\/www.amchambaq.com\/?p=10345"},"modified":"2023-01-05T08:47:09","modified_gmt":"2023-01-05T13:47:09","slug":"ee-uu-nomina-a-nueva-embajadora-en-colombia","status":"publish","type":"post","link":"https:\/\/www.amchambaq.com\/es_co\/ee-uu-nomina-a-nueva-embajadora-en-colombia\/","title":{"rendered":"EE. UU. nomina a nueva embajadora en Colombia"},"content":{"rendered":"<p>El gobierno de los<strong>\u00a0Estados Unidos<\/strong>\u00a0inform\u00f3 este martes en un comunicado que nomin\u00f3 a la diplom\u00e1tica Jean Elizabeth Manes como la nueva embajadora en Colombia.<\/p>\n<p>La Embajada de\u00a0<strong>Washington\u00a0<\/strong>en\u00a0<strong>Bogot\u00e1 estaba\u00a0<\/strong>en interinidad desde mediados del a\u00f1o pasado, cuando sali\u00f3\u00a0<strong>Philip Goldberg.<\/strong><\/p>\n<p>Manes, nacida en<strong>\u00a0Florida,<\/strong>\u00a0es una diplom\u00e1tica estadounidense que habla ingl\u00e9s, espa\u00f1ol y portugu\u00e9s. Viene de ser embajadora en\u00a0<strong>El Salvador<\/strong>, hizo parte del Comit\u00e9 del Senado de Relaciones Extranjeras y fue diplom\u00e1tica en las embajadas de EE. UU. en\u00a0<strong>Buenos Aires, Argentina;<\/strong>\u00a0Montevideo, Uruguay;\u00a0<strong>Ponta Delgada-Azores, Portugal\u00a0<\/strong>y Brasilia, Brasil.<\/p>\n<p>Fue canciller para Asuntos P\u00fablicos en la Embajada de EE. UU. en\u00a0<strong>Kabul, Afganist\u00e1n,<\/strong>\u00a0y se desempe\u00f1\u00f3 como coordinadora adjunta principal en la Agencia de Programas de Informaci\u00f3n Internacional.<\/p>\n<p>Tomado de: EL HERALDO90<\/p>\n","protected":false},"excerpt":{"rendered":"<p>El gobierno de los\u00a0Estados Unidos\u00a0inform\u00f3 este martes en un comunicado que nomin\u00f3 a la diplom\u00e1tica Jean Elizabeth Manes como la nueva embajadora en Colombia. La Embajada de\u00a0Washington\u00a0en\u00a0Bogot\u00e1 estaba\u00a0en interinidad desde mediados del a\u00f1o pasado, cuando sali\u00f3\u00a0Philip Goldberg. Manes, nacida en\u00a0Florida,\u00a0es una diplom\u00e1tica estadounidense que habla ingl\u00e9s, espa\u00f1ol y portugu\u00e9s. Viene de ser embajadora en\u00a0El Salvador,<\/p>\n","protected":false},"author":1,"featured_media":10346,"comment_status":"closed","ping_status":"closed","sticky":false,"template":"","format":"standard","meta":{"footnotes":""},"categories":[342,181],"tags":[],"class_list":["post-10345","post","type-post","status-publish","format-standard","has-post-thumbnail","hentry","category-news","category-noticias"],"views":93,"_links":{"self":[{"href":"https:\/\/www.amchambaq.com\/es_co\/wp-json\/wp\/v2\/posts\/10345","targetHints":{"allow":["GET"]}}],"collection":[{"href":"https:\/\/www.amchambaq.com\/es_co\/wp-json\/wp\/v2\/posts"}],"about":[{"href":"https:\/\/www.amchambaq.com\/es_co\/wp-json\/wp\/v2\/types\/post"}],"author":[{"embeddable":true,"href":"https:\/\/www.amchambaq.com\/es_co\/wp-json\/wp\/v2\/users\/1"}],"replies":[{"embeddable":true,"href":"https:\/\/www.amchambaq.com\/es_co\/wp-json\/wp\/v2\/comments?post=10345"}],"version-history":[{"count":1,"href":"https:\/\/www.amchambaq.com\/es_co\/wp-json\/wp\/v2\/posts\/10345\/revisions"}],"predecessor-version":[{"id":10347,"href":"https:\/\/www.amchambaq.com\/es_co\/wp-json\/wp\/v2\/posts\/10345\/revisions\/10347"}],"wp:featuredmedia":[{"embeddable":true,"href":"https:\/\/www.amchambaq.com\/es_co\/wp-json\/wp\/v2\/media\/10346"}],"wp:attachment":[{"href":"https:\/\/www.amchambaq.com\/es_co\/wp-json\/wp\/v2\/media?parent=10345"}],"wp:term":[{"taxonomy":"category","embeddable":true,"href":"https:\/\/www.amchambaq.com\/es_co\/wp-json\/wp\/v2\/categories?post=10345"},{"taxonomy":"post_tag","embeddable":true,"href":"https:\/\/www.amchambaq.com\/es_co\/wp-json\/wp\/v2\/tags?post=10345"}],"curies":[{"name":"wp","href":"https:\/\/api.w.org\/{rel}","templated":true}]}}