{"id":10336,"date":"2023-01-05T08:35:06","date_gmt":"2023-01-05T13:35:06","guid":{"rendered":"https:\/\/www.amchambaq.com\/?p=10336"},"modified":"2023-01-05T08:35:06","modified_gmt":"2023-01-05T13:35:06","slug":"colombia-cerro-el-2022-con-la-inflacion-mas-alta-del-siglo-1312","status":"publish","type":"post","link":"https:\/\/www.amchambaq.com\/es_co\/colombia-cerro-el-2022-con-la-inflacion-mas-alta-del-siglo-1312\/","title":{"rendered":"Colombia cerr\u00f3 el 2022 con la inflaci\u00f3n m\u00e1s alta del siglo: 13,12 %"},"content":{"rendered":"<p>La inflaci\u00f3n anual de 2022 fue de 13,12 %, un\u00a0<strong>porcentaje\u00a0<\/strong>que super\u00f3 lo que hab\u00edan pronosticado la mayor\u00eda de los analistas.<\/p>\n<p>As\u00ed lo indic\u00f3 el Departamento Administrativo Nacional de Estad\u00edstica (Dane)\u00a0<strong>mediante\u00a0<\/strong>los resultados del \u00cdndice de Precios al Consumidor (IPC) del mes de diciembre del a\u00f1o pasado.<\/p>\n<p>Este dato representa la inflaci\u00f3n m\u00e1s alta en m\u00e1s de 21 a\u00f1os, cifra que no se presentaba desde marzo de 1999 cuando estuvo en 13,51 %.<\/p>\n<p>El comportamiento del IPC a\u00a0<strong>diciembre\u00a0<\/strong>estuvo impulsado por el aumento de los precios de los alimentos y bebidas no\u00a0<strong>alcoh\u00f3licas<\/strong>, los servicios de restaurantes y hoteles y los art\u00edculos para el hogar.<\/p>\n<p>La directora del Dane, Piedad Urdinola, indic\u00f3 que la variaci\u00f3n anual del IPC a diciembre en el rubro de\u00a0<strong>alimentos\u00a0<\/strong>fue de 27,81 %, con una contribuci\u00f3n de 4,88 puntos porcentuales al indicador anual.<\/p>\n<p>\u201cUn cuarto de lo qu\u00e9 pas\u00f3 en la\u00a0<strong>inflaci\u00f3n\u00a0<\/strong>del a\u00f1o pasado est\u00e1 explicado por el aumento en el precio de los alimentos y bebidas no alcoh\u00f3licas\u201d, dijo Urdinola.<\/p>\n<p>Por su parte, se revel\u00f3 que la inflaci\u00f3n mensual a cierre de\u00a0<strong>diciembre\u00a0<\/strong>fue de 1,26 %.<\/p>\n<p>Por ciudades, C\u00facuta fue la ciudad con mayor inflaci\u00f3n mensual con 1,92 % y la de menor indicador fue Medell\u00edn con 0,88 %. En el caso de\u00a0<strong>Barranquilla\u00a0<\/strong>la inflaci\u00f3n mensual de diciembre lleg\u00f3 a 1,29 %.<\/p>\n<p>En el caso particular de las tarifas de energ\u00eda, la directora del\u00a0<strong>Dane\u00a0<\/strong>indic\u00f3 que la variaci\u00f3n anual de los servicios de electricidad lleg\u00f3 a 22,40 %.<\/p>\n<p>\u201cYa para el final del a\u00f1o se logr\u00f3 bajar estos niveles de los precios de electricidad, pero esa ca\u00edda no fue suficiente para compensar este\u00a0<strong>crecimiento\u00a0<\/strong>que viene representando\u201d, indic\u00f3 la directora de la entidad.<\/p>\n<p>El an\u00e1lisis por ciudades evidencia que en el a\u00f1o las\u00a0<strong>capitales\u00a0<\/strong>de la Costa Caribe lideraron el listado de las ciudades con mayor porcentaje del servicio de energ\u00eda el\u00e9ctrica, siendo Sincelejo la de mayor variaci\u00f3n anual con 37,19 %. Barranquilla present\u00f3 un indicador anual de 32,08 %.<\/p>\n<p>Tomado de: EL HERALDO<\/p>\n","protected":false},"excerpt":{"rendered":"<p>La inflaci\u00f3n anual de 2022 fue de 13,12 %, un\u00a0porcentaje\u00a0que super\u00f3 lo que hab\u00edan pronosticado la mayor\u00eda de los analistas. As\u00ed lo indic\u00f3 el Departamento Administrativo Nacional de Estad\u00edstica (Dane)\u00a0mediante\u00a0los resultados del \u00cdndice de Precios al Consumidor (IPC) del mes de diciembre del a\u00f1o pasado. Este dato representa la inflaci\u00f3n m\u00e1s alta en m\u00e1s de<\/p>\n","protected":false},"author":1,"featured_media":10337,"comment_status":"closed","ping_status":"closed","sticky":false,"template":"","format":"standard","meta":{"footnotes":""},"categories":[342,181],"tags":[],"class_list":["post-10336","post","type-post","status-publish","format-standard","has-post-thumbnail","hentry","category-news","category-noticias"],"views":82,"_links":{"self":[{"href":"https:\/\/www.amchambaq.com\/es_co\/wp-json\/wp\/v2\/posts\/10336","targetHints":{"allow":["GET"]}}],"collection":[{"href":"https:\/\/www.amchambaq.com\/es_co\/wp-json\/wp\/v2\/posts"}],"about":[{"href":"https:\/\/www.amchambaq.com\/es_co\/wp-json\/wp\/v2\/types\/post"}],"author":[{"embeddable":true,"href":"https:\/\/www.amchambaq.com\/es_co\/wp-json\/wp\/v2\/users\/1"}],"replies":[{"embeddable":true,"href":"https:\/\/www.amchambaq.com\/es_co\/wp-json\/wp\/v2\/comments?post=10336"}],"version-history":[{"count":1,"href":"https:\/\/www.amchambaq.com\/es_co\/wp-json\/wp\/v2\/posts\/10336\/revisions"}],"predecessor-version":[{"id":10338,"href":"https:\/\/www.amchambaq.com\/es_co\/wp-json\/wp\/v2\/posts\/10336\/revisions\/10338"}],"wp:featuredmedia":[{"embeddable":true,"href":"https:\/\/www.amchambaq.com\/es_co\/wp-json\/wp\/v2\/media\/10337"}],"wp:attachment":[{"href":"https:\/\/www.amchambaq.com\/es_co\/wp-json\/wp\/v2\/media?parent=10336"}],"wp:term":[{"taxonomy":"category","embeddable":true,"href":"https:\/\/www.amchambaq.com\/es_co\/wp-json\/wp\/v2\/categories?post=10336"},{"taxonomy":"post_tag","embeddable":true,"href":"https:\/\/www.amchambaq.com\/es_co\/wp-json\/wp\/v2\/tags?post=10336"}],"curies":[{"name":"wp","href":"https:\/\/api.w.org\/{rel}","templated":true}]}}