{"id":10306,"date":"2022-12-20T13:30:56","date_gmt":"2022-12-20T18:30:56","guid":{"rendered":"https:\/\/www.amchambaq.com\/?p=10306"},"modified":"2022-12-20T13:30:56","modified_gmt":"2022-12-20T18:30:56","slug":"banco-mundial-aprobo-un-financiamiento-de-usd1-000-millones-para-colombia","status":"publish","type":"post","link":"https:\/\/www.amchambaq.com\/es_co\/banco-mundial-aprobo-un-financiamiento-de-usd1-000-millones-para-colombia\/","title":{"rendered":"Banco Mundial aprob\u00f3 un financiamiento de USD1.000 millones para Colombia"},"content":{"rendered":"<p>El Directorio Ejecutivo del\u00a0<strong>Banco Mundial\u00a0<\/strong>aprob\u00f3 un financiamiento de USD1.000 millones para\u00a0<strong>Colombia\u00a0<\/strong>con el fin de acelerar la transici\u00f3n energ\u00e9tica baja en carbono, promover el uso sostenible de la tierra, y reforzar la resiliencia y adaptaci\u00f3n al\u00a0<strong>cambio clim\u00e1tico.<\/strong><\/p>\n<p>El pr\u00e9stamo apoyar\u00e1 un programa de reformas dirigidas a contribuir al desarrollo bajo en carbono de<strong>\u00a0Colombia<\/strong>\u00a0acelerando la transformaci\u00f3n a bajas emisiones de los sectores de energ\u00eda y transporte.<\/p>\n<p>Esto incluye el aumento de la capacidad de producci\u00f3n de energ\u00edas renovables no convencionales y el desarrollo de una industria de hidr\u00f3geno verde.<\/p>\n<div class=\"field-item odd\">\n<div class=\"entity entity-paragraphs-item paragraphs-item-descripcion\">\n<div class=\"content\">\n<div class=\"field field-name-field-descripcion field-type-text-long field-label-hidden\">\n<div class=\"field-items\">\n<div class=\"field-item even\">\n<p>&#8220;Hoy alcanzamos un gran hito en la relaci\u00f3n de Colombia con la banca multilateral al aprobar la operaci\u00f3n de apoyo presupuestal m\u00e1s grande en la historia del pa\u00eds. Este cr\u00e9dito por US$ 1.000 millones con el Banco Mundial es una clara se\u00f1al de confianza en las\u00a0<strong>instituciones colombianas<\/strong>\u00a0y un reconocimiento a los esfuerzos de la Naci\u00f3n por integrar la agenda de cambio clim\u00e1tico con una ambiciosa agenda social y econ\u00f3mica\u201d, expres\u00f3 el ministro de Hacienda, Jos\u00e9 Antonio Ocampo.<\/p>\n<p>A\u00f1adi\u00f3 que es un respaldo a la apuesta en transici\u00f3n energ\u00e9tica, mejora en el uso de la tierra y protecci\u00f3n del patrimonio natural del pa\u00eds.<\/p>\n<p>El programa apoya el fortalecimiento de la capacidad de gesti\u00f3n de diferentes\u00a0<strong>riesgos de desastres<\/strong>\u00a0y un impulso a la expansi\u00f3n del seguro agr\u00edcola para mitigar el impacto que tienen los choques clim\u00e1ticos en las \u00e1reas rurales.<\/p>\n<\/div>\n<\/div>\n<\/div>\n<\/div>\n<\/div>\n<\/div>\n<div class=\"field-item even\">\n<div id=\"relacionado-body\">\n<div class=\"box-title\">\n<div class=\"field-item odd\">\n<div class=\"entity entity-paragraphs-item paragraphs-item-descripcion\">\n<div class=\"content\">\n<div class=\"field field-name-field-descripcion field-type-text-long field-label-hidden\">\n<div class=\"field-items\">\n<div class=\"field-item even\">\n<p>\u201cEsta es una operaci\u00f3n de gran relevancia para Colombia, la cual permitir\u00e1 que, desde el Gobierno nacional, se aseguren recursos para lograr todos los cambios que en este Gobierno estamos desarrollando\u201d, dijo Jorge Iv\u00e1n Gonz\u00e1lez, director general del Departamento Nacional de Planeaci\u00f3n (DNP).<\/p>\n<p>A su vez, Mark Thomas, director del\u00a0<strong>Banco Mundia<\/strong>l para Colombia, M\u00e9xico y Venezuela, sostuvo que esta operaci\u00f3n apoya el fuerte compromiso de Colombia para abordar el cambio clim\u00e1tico a trav\u00e9s de reformas de pol\u00edticas que apuntan a un desarrollo sostenible, resiliente y bajo en carbono.<\/p>\n<p>\u201cEsto incluye promover y fortalecer las capacidades en los sectores de energ\u00eda, transporte y tierras, as\u00ed como la gesti\u00f3n del riesgo de desastres y la adaptaci\u00f3n clim\u00e1tica que beneficiar\u00e1n principalmente a las comunidades m\u00e1s vulnerables\u201d, manifest\u00f3 Thomas.<\/p>\n<\/div>\n<\/div>\n<\/div>\n<\/div>\n<\/div>\n<\/div>\n<div class=\"field-item even\">\n<div class=\"entity entity-paragraphs-item paragraphs-item-descripcion\">\n<div class=\"content\">\n<div class=\"field field-name-field-descripcion field-type-text-long field-label-hidden\">\n<div class=\"field-items\">\n<div class=\"field-item even\">Tomado de: EL HERALDO<\/div>\n<\/div>\n<\/div>\n<\/div>\n<\/div>\n<\/div>\n<\/div>\n<\/div>\n<\/div>\n","protected":false},"excerpt":{"rendered":"<p>El Directorio Ejecutivo del\u00a0Banco Mundial\u00a0aprob\u00f3 un financiamiento de USD1.000 millones para\u00a0Colombia\u00a0con el fin de acelerar la transici\u00f3n energ\u00e9tica baja en carbono, promover el uso sostenible de la tierra, y reforzar la resiliencia y adaptaci\u00f3n al\u00a0cambio clim\u00e1tico. El pr\u00e9stamo apoyar\u00e1 un programa de reformas dirigidas a contribuir al desarrollo bajo en carbono de\u00a0Colombia\u00a0acelerando la transformaci\u00f3n a<\/p>\n","protected":false},"author":1,"featured_media":10307,"comment_status":"closed","ping_status":"closed","sticky":false,"template":"","format":"standard","meta":{"footnotes":""},"categories":[342,181],"tags":[],"class_list":["post-10306","post","type-post","status-publish","format-standard","has-post-thumbnail","hentry","category-news","category-noticias"],"views":152,"_links":{"self":[{"href":"https:\/\/www.amchambaq.com\/es_co\/wp-json\/wp\/v2\/posts\/10306","targetHints":{"allow":["GET"]}}],"collection":[{"href":"https:\/\/www.amchambaq.com\/es_co\/wp-json\/wp\/v2\/posts"}],"about":[{"href":"https:\/\/www.amchambaq.com\/es_co\/wp-json\/wp\/v2\/types\/post"}],"author":[{"embeddable":true,"href":"https:\/\/www.amchambaq.com\/es_co\/wp-json\/wp\/v2\/users\/1"}],"replies":[{"embeddable":true,"href":"https:\/\/www.amchambaq.com\/es_co\/wp-json\/wp\/v2\/comments?post=10306"}],"version-history":[{"count":1,"href":"https:\/\/www.amchambaq.com\/es_co\/wp-json\/wp\/v2\/posts\/10306\/revisions"}],"predecessor-version":[{"id":10308,"href":"https:\/\/www.amchambaq.com\/es_co\/wp-json\/wp\/v2\/posts\/10306\/revisions\/10308"}],"wp:featuredmedia":[{"embeddable":true,"href":"https:\/\/www.amchambaq.com\/es_co\/wp-json\/wp\/v2\/media\/10307"}],"wp:attachment":[{"href":"https:\/\/www.amchambaq.com\/es_co\/wp-json\/wp\/v2\/media?parent=10306"}],"wp:term":[{"taxonomy":"category","embeddable":true,"href":"https:\/\/www.amchambaq.com\/es_co\/wp-json\/wp\/v2\/categories?post=10306"},{"taxonomy":"post_tag","embeddable":true,"href":"https:\/\/www.amchambaq.com\/es_co\/wp-json\/wp\/v2\/tags?post=10306"}],"curies":[{"name":"wp","href":"https:\/\/api.w.org\/{rel}","templated":true}]}}