{"id":10303,"date":"2022-12-19T11:11:16","date_gmt":"2022-12-19T16:11:16","guid":{"rendered":"https:\/\/www.amchambaq.com\/?p=10303"},"modified":"2022-12-19T11:11:16","modified_gmt":"2022-12-19T16:11:16","slug":"comercio-mundial-proyecta-un-panorama-de-desaceleracion","status":"publish","type":"post","link":"https:\/\/www.amchambaq.com\/es_co\/comercio-mundial-proyecta-un-panorama-de-desaceleracion\/","title":{"rendered":"Comercio mundial proyecta un panorama de desaceleraci\u00f3n"},"content":{"rendered":"<p>El comercio global, uno de los sectores econ\u00f3micos m\u00e1s afectados desde hace m\u00e1s de dos a\u00f1os tras la pandemia, <b>entr\u00f3 en un proceso de desaceleraci\u00f3n hacia el final del 2022 e inicio del 2023,<\/b>\u00a0explicado en parte por los m\u00faltiples choques macroecon\u00f3micos como la guerra en Ucrania, los altos precios de los energ\u00e9ticos y la cruzada de los bancos globales por incrementar sus tasas de inter\u00e9s para controlar la inflaci\u00f3n.<\/p>\n<p>Sobre estos pron\u00f3sticos coinciden dos de las principales organizaciones multilaterales del sector, como la Organizaci\u00f3n Mundial del Comercio (OMC) y la Conferencia de las Naciones Unidas para la Cooperaci\u00f3n y el Desarrollo (Unctad).<\/p>\n<p>La primera<b>\u00a0lo expresa en su m\u00e1s reciente bar\u00f3metro comercial, su instrumento de medici\u00f3n bimensual.<\/b>\u00a0En la edici\u00f3n m\u00e1s reciente de noviembre, la vara de medic\u00f3n cay\u00f3 a 96,2 puntos desde los 100 puntos, el est\u00e1ndar base, \u201csugiriendo esta desaceleraci\u00f3n del comercio mundial\u201d en l\u00ednea con los pron\u00f3sticos de la organizaci\u00f3n.<\/p>\n<p>Para la OMC,<b>\u00a0el comercio mundial de mercanc\u00edas crecer\u00eda 3,5% en 2022<\/b>, no obstante hacia 2023 ser\u00e1 un crecimiento de 1%.<\/p>\n<p>Entre sus razones, adem\u00e1s de las archiconocidas -como la guerra en Ucrania-, el papel de China juega un papel fundamental en la demanda de importaciones, especialmente desde regiones como Am\u00e9rica Latina y el Caribe. Pero<b>\u00a0las previsiones podr\u00edan cambiar ante el viraje del gigante asi\u00e1tico en su pol\u00edtica de covidcero<\/b>, sin embargo a\u00fan restan meses para evidenciar estos efectos.<\/p>\n<p>Volviendo al bar\u00f3metro de la OMC, este est\u00e1 conformado por seis indicadores, de los cuales \u2018\u00f3rdenes de exportaciones\u2019, \u2018carga a\u00e9rea\u2019 y \u2018componentes electr\u00f3nicos\u2019 est\u00e1n por debajo del est\u00e1ndar de 100 puntos.<\/p>\n<p>\u201c<i>Combinados, estos sugieren un enfriamiento en la demanda de negocios una d\u00e9bil demanda de importaciones<\/i>\u201d, apunt\u00f3 el organismo.<\/p>\n<div id=\"p575816-m679-4-680\" class=\"highlighted\">\n<div id=\"m684-683-685\" class=\"tiemposBold3\"><strong>\u00bfQu\u00e9 viene para Colombia?<\/strong><\/div>\n<\/div>\n<p id=\"p575816-m691-5-692\" class=\"parrafo\">El pr\u00f3ximo a\u00f1o 2023, que ya est\u00e1 a la vuelta de la esquina, ser\u00e1 un per\u00edodo \u201cinteresante\u201d para la econom\u00eda de Colombia en l\u00edneas generales<b>, as\u00ed como lo ser\u00e1 para el comercio exterior.<\/b><\/p>\n<p>Esto, de acuerdo con Javier D\u00edaz, presidente de Analdex, en el caso del pa\u00eds se debe comenzar por poner en pr\u00e1ctica la diversificaci\u00f3n de la econom\u00eda. \u201c<i>Es importante para el pa\u00eds impulsar un escenario de producci\u00f3n de bienes del sector no minero energ\u00e9tico y servicios m\u00e1s diversificados para encontrar nuevos mercados en el exterior ayudando al crecimiento y a estabilizar la cadena de suministros y de los precios a largo plazo<\/i>\u201d, remarc\u00f3 el dirigente gremial.<\/p>\n<p>Por otro lado, Silvana Insignares, directora de la maestr\u00eda en Derecho de Comercio de la Universidad del Norte, remarc\u00f3 que tambi\u00e9n se debe prestar atenci\u00f3n en la evoluci\u00f3n del comercio bilateral con Venezuela, as\u00ed como la mirada del Gobierno por robustecer los lazos de intercambio con la Comunidad Andina de Naciones (CAN).<\/p>\n<p>Ahora bien, tal como lo plantea Andr\u00e9s Mauricio Castro, decano de Negocios Internacionales de la Universidad Piloto, para el pr\u00f3ximo a\u00f1o 2023, se debe analizar la\u00a0<b>eficacia entre una mayor diversificaci\u00f3n de la canasta exportadora,\u00a0<\/b>como lo plantea el actual Gobierno, y las medidas restrictivas al comercio.<\/p>\n<p id=\"p575816-m691-5-692\" class=\"parrafo\">\u201c<i>A pesar de que se coloquen controles a las importaciones y que estas medidas reducen el nivel de importaci\u00f3n de productos que afecten la industria nacional, es importante analizar si estas medidas est\u00e1n teniendo un impacto real en el sector al cual se est\u00e1 buscando beneficiar<\/i>\u201d, mencion\u00f3 Castro, para quien tambi\u00e9n se deben efectuar an\u00e1lisis sobre los sectores econ\u00f3micos colombianos con el fin de hacerlos m\u00e1s competitivos hacia el mercado for\u00e1neo.<\/p>\n<p>Lo cierto es que el comercio exterior colombiano cierra este a\u00f1o con un importante repunte en las exportaciones, tambi\u00e9n impulsadas por los altos precios de energ\u00e9ticos por la guerra. Seg\u00fan el Dane,\u00a0<b>a octubre suman US$48.041,7 millones, es decir, 16% m\u00e1s que en todo el 2021.<\/b><\/p>\n<div id=\"p575816-m697-6-698\" class=\"highlighted\">\n<div id=\"m702-701-703\" class=\"tiemposBold3\"><strong>Las proyecciones de la Unctad para el comercio global en el 2023<\/strong><\/div>\n<\/div>\n<p id=\"p575816-m709-7-710\" class=\"parrafo\">La Conferencia para el Desarrollo y el Comercio de las Naciones Unidas, conocida como Unctad en ingl\u00e9s,\u00a0<b>tambi\u00e9n prev\u00e9 una desaceleraci\u00f3n del comercio global hacia este final de 2022 y principios del 2023<\/b>, por los impactos macroecon\u00f3micos mencionados anteriormente.<\/p>\n<p>De acuerdo con el organismo, el comercio mundial cerrar\u00e1 este a\u00f1o en US$32.000 millones, de los cuales US$25.000 millones lo explicar\u00e1n los bienes, un incremento del 10% versus 2021. \u201c<i>Estos niveles r\u00e9cord se deben mayormente al robusto crecimiento en la primera mitad del 2022<\/i>\u201d, explic\u00f3 la entidad.<\/p>\n<p>Ahora, ya el comercio de bienes se desaceler\u00f3 en el tercer trimestre, al tiempo que creci\u00f3 el de servicios, mientras para el cuarto per\u00edodo se espera una desaceleraci\u00f3n conjunta.<br \/>\n\u201cSe espera que la desaceleraci\u00f3n sea m\u00e1s cruda para el 2023. Los factores negativos ya aparecieron\u201d.<\/p>\n<p>Tomado de: PORTADOLIO<\/p>\n","protected":false},"excerpt":{"rendered":"<p>El comercio global, uno de los sectores econ\u00f3micos m\u00e1s afectados desde hace m\u00e1s de dos a\u00f1os tras la pandemia, entr\u00f3 en un proceso de desaceleraci\u00f3n hacia el final del 2022 e inicio del 2023,\u00a0explicado en parte por los m\u00faltiples choques macroecon\u00f3micos como la guerra en Ucrania, los altos precios de los energ\u00e9ticos y la cruzada<\/p>\n","protected":false},"author":1,"featured_media":10304,"comment_status":"closed","ping_status":"closed","sticky":false,"template":"","format":"standard","meta":{"footnotes":""},"categories":[342,181],"tags":[],"class_list":["post-10303","post","type-post","status-publish","format-standard","has-post-thumbnail","hentry","category-news","category-noticias"],"views":204,"_links":{"self":[{"href":"https:\/\/www.amchambaq.com\/es_co\/wp-json\/wp\/v2\/posts\/10303","targetHints":{"allow":["GET"]}}],"collection":[{"href":"https:\/\/www.amchambaq.com\/es_co\/wp-json\/wp\/v2\/posts"}],"about":[{"href":"https:\/\/www.amchambaq.com\/es_co\/wp-json\/wp\/v2\/types\/post"}],"author":[{"embeddable":true,"href":"https:\/\/www.amchambaq.com\/es_co\/wp-json\/wp\/v2\/users\/1"}],"replies":[{"embeddable":true,"href":"https:\/\/www.amchambaq.com\/es_co\/wp-json\/wp\/v2\/comments?post=10303"}],"version-history":[{"count":1,"href":"https:\/\/www.amchambaq.com\/es_co\/wp-json\/wp\/v2\/posts\/10303\/revisions"}],"predecessor-version":[{"id":10305,"href":"https:\/\/www.amchambaq.com\/es_co\/wp-json\/wp\/v2\/posts\/10303\/revisions\/10305"}],"wp:featuredmedia":[{"embeddable":true,"href":"https:\/\/www.amchambaq.com\/es_co\/wp-json\/wp\/v2\/media\/10304"}],"wp:attachment":[{"href":"https:\/\/www.amchambaq.com\/es_co\/wp-json\/wp\/v2\/media?parent=10303"}],"wp:term":[{"taxonomy":"category","embeddable":true,"href":"https:\/\/www.amchambaq.com\/es_co\/wp-json\/wp\/v2\/categories?post=10303"},{"taxonomy":"post_tag","embeddable":true,"href":"https:\/\/www.amchambaq.com\/es_co\/wp-json\/wp\/v2\/tags?post=10303"}],"curies":[{"name":"wp","href":"https:\/\/api.w.org\/{rel}","templated":true}]}}