{"id":10290,"date":"2022-12-15T15:06:04","date_gmt":"2022-12-15T20:06:04","guid":{"rendered":"https:\/\/www.amchambaq.com\/?p=10290"},"modified":"2022-12-15T15:06:04","modified_gmt":"2022-12-15T20:06:04","slug":"felicito-al-programa-empleo-hay-por-sus-resultados-contara-con-el-apoyo-que-hoy-tiene-del-estado-presidente-petro","status":"publish","type":"post","link":"https:\/\/www.amchambaq.com\/es_co\/felicito-al-programa-empleo-hay-por-sus-resultados-contara-con-el-apoyo-que-hoy-tiene-del-estado-presidente-petro\/","title":{"rendered":"\u201cFelicito al programa Empleo Hay por sus resultados, contar\u00e1 con el apoyo que hoy tiene del Estado\u201d: Presidente Petro"},"content":{"rendered":"<p>El presidente de la Rep\u00fablica, Gustavo Petro, extendi\u00f3 sus felicitaciones al Programa de Empleabilidad para J\u00f3venes, \u201cEmpleo Hay\u201d, por los importantes resultados que ha logrado en materia de formaci\u00f3n y empleabilidad juvenil en Colombia desde su puesta en marcha y reiter\u00f3 que mantendr\u00e1 el apoyo de su Gobierno a esta iniciativa.<\/p>\n<p>As\u00ed lo dio a conocer el Primer Mandatario durante la presentaci\u00f3n del balance del Programa Empleo Hay que viene ejecutando la C\u00e1mara de Comercio Colombo Americana (AmCham Colombia) con recursos de la Fundaci\u00f3n Howard G. Buffett y el apoyo de la Agencia Presidencial para la Cooperaci\u00f3n (APC Colombia) en Bogot\u00e1, Cartagena, Medell\u00edn y Cali.<\/p>\n<p>\u201cLos felicito por su programa, sus resultados, contar\u00e1n con el apoyo que hoy tiene del Estado, los invito a mirar esto ya en la perspectiva un poco m\u00e1s amplia que queremos comenzar el a\u00f1o entrante y ver si, por primera vez, podemos hacer un proceso de paz con la juventud popular\u201d, expres\u00f3 el presidente Petro.<\/p>\n<p>El jefe de Estado tambi\u00e9n invit\u00f3 al sector privado a trabajar juntos por la inclusi\u00f3n de la juventud colombiana.<\/p>\n<p>\u201cQuiz\u00e1s necesitar\u00edamos juntar esfuerzos porque las experiencias, si se juntan, tambi\u00e9n se empoderan. Si el mapa geogr\u00e1fico que se trace coincide con esfuerzos privados, que los hay con este tipo de filantrop\u00eda, le llaman los norteamericanos, de estas personas que han sido muy privilegiadas en el mundo, pero que tratan de volver parte de sus acumulados de riqueza en programas sociales en el mundo, se ubican hacia ese tipo de objetivos que es la inclusi\u00f3n de la juventud popular de Colombia, yo s\u00ed creo que vamos caminando juntos hacia una sociedad m\u00e1s pac\u00edfica y democr\u00e1tica\u201d, puntualiz\u00f3 Petro.<\/p>\n<p>A su turno, la presidenta ejecutiva de AmCham Colombia, Mar\u00eda Claudia Lacouture, destac\u00f3 el aporte econ\u00f3mico que brind\u00f3 la Fundaci\u00f3n Howard G. Buffett para hacer realidad esta iniciativa.<\/p>\n<p>\u201cLa inversi\u00f3n que ha hecho la Fundaci\u00f3n Howard G. Buffett es muy importante, son $46.992 millones de pesos para ejecutar este Programa para los j\u00f3venes que nos permite contribuir con oportunidades para esta poblaci\u00f3n. A la fecha, ha habido una inversi\u00f3n de $18.650 millones de pesos, de la cual el 64% se ha destinado a formaci\u00f3n, y lo que esperamos es poder multiplicar esos recursos para lograr generar mayores beneficios a muchos m\u00e1s j\u00f3venes\u201d, resalt\u00f3 Lacouture.<\/p>\n<p>Agreg\u00f3 que de esos $18 mil millones de pesos invertidos, se han destinado $11,9 mil millones en cursos gratuitos de formaci\u00f3n y m\u00e1s de $5,8 mil millones se han desembolsado directamente a los j\u00f3venes participantes como un incentivo econ\u00f3mico, eequivalente a $564.180\u00a0pesos mensuales durante su etapa de formaci\u00f3n, con el fin de estimular su permanencia en el Programa.<\/p>\n<p>De acuerdo con el balance entregado por la Presidenta de AmCham Colombia, son 6.591 j\u00f3venes entre los 18 y 28 a\u00f1os, con y sin condici\u00f3n de discapacidad, los que se han capacitado en alguno de los m\u00e1s de 40 cursos de formaci\u00f3n que ofrece Empleo Hay por solicitud de las empresas vinculadas al Programa y que incluyen temas como biling\u00fcismo, programaci\u00f3n en JAVA, desarrollo de aplicaciones web, gesti\u00f3n administrativa y financiera, servicio al cliente, preparaci\u00f3n de alimentos, marketing de atracci\u00f3n, entre otros.<\/p>\n<p>De esos 6.591 j\u00f3venes, 2.768 se han formado en biling\u00fcismo y 1.890 j\u00f3venes ya han obtenido empleo formal en 338 empresas ubicadas en Bogot\u00e1, Cartagena, Medell\u00edn y Cali de sectores como turismo, telecomunicaciones, salud, BPO, financiero, servicios, seguridad, comercio, log\u00edstica, sistema moda, manufactura, transporte, entre otros, las cuales, a su vez, se han beneficiado del talento de estos j\u00f3venes capacitados de acuerdo con las necesidades de sus industrias.<\/p>\n<p>\u201cInicialmente, nuestra meta era que 3.600 j\u00f3venes tuvieran empleo formal, pero vamos a cumplir m\u00e1s. Con el prop\u00f3sito de seguir construyendo, creemos que vamos a poder llegar a m\u00e1s de 4.000 j\u00f3venes con empleo formal para el a\u00f1o entrante, 2.900 de ellos biling\u00fces que puedan trabajar no solamente en su formaci\u00f3n t\u00e9cnica, sino que al mismo tiempo lo puedan hacer en otro idioma\u201d, puntualiz\u00f3 la Presidenta de AmCham Colombia.<\/p>\n<p>Empleo Hay tambi\u00e9n ha beneficiado al sector empresarial brind\u00e1ndole acompa\u00f1amiento en la b\u00fasqueda, selecci\u00f3n y reclutamiento de talento humano pertinente para sus necesidades laborales<strong>.<\/strong>\u00a0Precisamente, una de las empresas que, con miras a este objetivo, se ha sumado al Programa es el Grupo Zona Franca Bogot\u00e1.<\/p>\n<p>\u201cUnas sinceras felicitaciones por el logro de este Programa tan importante. Buena parte del empleo que hay en la Zona Franca de Bogot\u00e1 hoy en d\u00eda, cerca del 50% son j\u00f3venes entre 18 y 28 a\u00f1os, por eso cuando AmCham Colombia lanz\u00f3 Empleo Hay, nos sumamos a este programa\u201d, expres\u00f3 Juan Pablo Rivera, presidente del Grupo ZFB.<\/p>\n<p>A\u00f1adi\u00f3 que \u201cest\u00e1 inmerso en nuestro ADN todo un programa de responsabilidad social y de sostenibilidad que lo maneja la Fundaci\u00f3n de la Zona Franca y, realmente, ha sido un proceso muy interesante. Nosotros contamos con la Unifranca que es la universidad al interior de la Zona Franca y hemos designado una infraestructura para que, en ese espacio, programas como Empleo Hay contribuyan al desarrollo personal y profesional de las personas\u201d.<\/p>\n<p>Tomado de: AMCHAM COLOMBIA<\/p>\n","protected":false},"excerpt":{"rendered":"<p>El presidente de la Rep\u00fablica, Gustavo Petro, extendi\u00f3 sus felicitaciones al Programa de Empleabilidad para J\u00f3venes, \u201cEmpleo Hay\u201d, por los importantes resultados que ha logrado en materia de formaci\u00f3n y empleabilidad juvenil en Colombia desde su puesta en marcha y reiter\u00f3 que mantendr\u00e1 el apoyo de su Gobierno a esta iniciativa. As\u00ed lo dio a<\/p>\n","protected":false},"author":1,"featured_media":10291,"comment_status":"closed","ping_status":"closed","sticky":false,"template":"","format":"standard","meta":{"footnotes":""},"categories":[342,181],"tags":[],"class_list":["post-10290","post","type-post","status-publish","format-standard","has-post-thumbnail","hentry","category-news","category-noticias"],"views":105,"_links":{"self":[{"href":"https:\/\/www.amchambaq.com\/es_co\/wp-json\/wp\/v2\/posts\/10290","targetHints":{"allow":["GET"]}}],"collection":[{"href":"https:\/\/www.amchambaq.com\/es_co\/wp-json\/wp\/v2\/posts"}],"about":[{"href":"https:\/\/www.amchambaq.com\/es_co\/wp-json\/wp\/v2\/types\/post"}],"author":[{"embeddable":true,"href":"https:\/\/www.amchambaq.com\/es_co\/wp-json\/wp\/v2\/users\/1"}],"replies":[{"embeddable":true,"href":"https:\/\/www.amchambaq.com\/es_co\/wp-json\/wp\/v2\/comments?post=10290"}],"version-history":[{"count":1,"href":"https:\/\/www.amchambaq.com\/es_co\/wp-json\/wp\/v2\/posts\/10290\/revisions"}],"predecessor-version":[{"id":10292,"href":"https:\/\/www.amchambaq.com\/es_co\/wp-json\/wp\/v2\/posts\/10290\/revisions\/10292"}],"wp:featuredmedia":[{"embeddable":true,"href":"https:\/\/www.amchambaq.com\/es_co\/wp-json\/wp\/v2\/media\/10291"}],"wp:attachment":[{"href":"https:\/\/www.amchambaq.com\/es_co\/wp-json\/wp\/v2\/media?parent=10290"}],"wp:term":[{"taxonomy":"category","embeddable":true,"href":"https:\/\/www.amchambaq.com\/es_co\/wp-json\/wp\/v2\/categories?post=10290"},{"taxonomy":"post_tag","embeddable":true,"href":"https:\/\/www.amchambaq.com\/es_co\/wp-json\/wp\/v2\/tags?post=10290"}],"curies":[{"name":"wp","href":"https:\/\/api.w.org\/{rel}","templated":true}]}}