{"id":10284,"date":"2022-12-15T10:55:14","date_gmt":"2022-12-15T15:55:14","guid":{"rendered":"https:\/\/www.amchambaq.com\/?p=10284"},"modified":"2022-12-15T10:55:14","modified_gmt":"2022-12-15T15:55:14","slug":"itsa-se-transforma-en-la-institucion-universitaria-de-barranquilla","status":"publish","type":"post","link":"https:\/\/www.amchambaq.com\/es_co\/itsa-se-transforma-en-la-institucion-universitaria-de-barranquilla\/","title":{"rendered":"Itsa se transforma en la Instituci\u00f3n Universitaria de Barranquilla"},"content":{"rendered":"<p>Tras el cambio de imagen y nombre de la Instituci\u00f3n Universitaria Itsa, a Universidad de Barranquilla, el alcalde Jaime Pumarejo Heins anunci\u00f3 el inicio de una nueva era para la educaci\u00f3n superior p\u00fablica de la ciudad.<\/p>\n<p>Develando las siglas de la Instituci\u00f3n Universitaria de Barranquilla, IUB, en la sede de la Plaza de La Paz, del antiguo Itsa, el mandatario de los barranquilleros explic\u00f3 que lo que se busca con este renacer de la educaci\u00f3n es mejorar su calidad con apuestas como el biling\u00fcismo, doble titulaci\u00f3n, ampliaci\u00f3n de cupos, mejoramiento de infraestructura y becas universitarias a trav\u00e9s del programa \u2018Universidad al barrio\u2019, entre otras medidas.<\/p>\n<p>Noticia en desarrollo.<\/p>\n","protected":false},"excerpt":{"rendered":"<p>Tras el cambio de imagen y nombre de la Instituci\u00f3n Universitaria Itsa, a Universidad de Barranquilla, el alcalde Jaime Pumarejo Heins anunci\u00f3 el inicio de una nueva era para la educaci\u00f3n superior p\u00fablica de la ciudad. Develando las siglas de la Instituci\u00f3n Universitaria de Barranquilla, IUB, en la sede de la Plaza de La Paz,<\/p>\n","protected":false},"author":1,"featured_media":10285,"comment_status":"closed","ping_status":"closed","sticky":false,"template":"","format":"standard","meta":{"footnotes":""},"categories":[342,181],"tags":[],"class_list":["post-10284","post","type-post","status-publish","format-standard","has-post-thumbnail","hentry","category-news","category-noticias"],"views":162,"_links":{"self":[{"href":"https:\/\/www.amchambaq.com\/es_co\/wp-json\/wp\/v2\/posts\/10284","targetHints":{"allow":["GET"]}}],"collection":[{"href":"https:\/\/www.amchambaq.com\/es_co\/wp-json\/wp\/v2\/posts"}],"about":[{"href":"https:\/\/www.amchambaq.com\/es_co\/wp-json\/wp\/v2\/types\/post"}],"author":[{"embeddable":true,"href":"https:\/\/www.amchambaq.com\/es_co\/wp-json\/wp\/v2\/users\/1"}],"replies":[{"embeddable":true,"href":"https:\/\/www.amchambaq.com\/es_co\/wp-json\/wp\/v2\/comments?post=10284"}],"version-history":[{"count":1,"href":"https:\/\/www.amchambaq.com\/es_co\/wp-json\/wp\/v2\/posts\/10284\/revisions"}],"predecessor-version":[{"id":10286,"href":"https:\/\/www.amchambaq.com\/es_co\/wp-json\/wp\/v2\/posts\/10284\/revisions\/10286"}],"wp:featuredmedia":[{"embeddable":true,"href":"https:\/\/www.amchambaq.com\/es_co\/wp-json\/wp\/v2\/media\/10285"}],"wp:attachment":[{"href":"https:\/\/www.amchambaq.com\/es_co\/wp-json\/wp\/v2\/media?parent=10284"}],"wp:term":[{"taxonomy":"category","embeddable":true,"href":"https:\/\/www.amchambaq.com\/es_co\/wp-json\/wp\/v2\/categories?post=10284"},{"taxonomy":"post_tag","embeddable":true,"href":"https:\/\/www.amchambaq.com\/es_co\/wp-json\/wp\/v2\/tags?post=10284"}],"curies":[{"name":"wp","href":"https:\/\/api.w.org\/{rel}","templated":true}]}}