{"id":10278,"date":"2022-12-14T08:55:30","date_gmt":"2022-12-14T13:55:30","guid":{"rendered":"https:\/\/www.amchambaq.com\/?p=10278"},"modified":"2022-12-14T08:55:30","modified_gmt":"2022-12-14T13:55:30","slug":"presidente-gustavo-petro-sanciono-ley-de-la-reforma-tributaria","status":"publish","type":"post","link":"https:\/\/www.amchambaq.com\/es_co\/presidente-gustavo-petro-sanciono-ley-de-la-reforma-tributaria\/","title":{"rendered":"Presidente Gustavo Petro sancion\u00f3 ley de la reforma tributaria"},"content":{"rendered":"<p>Este martes 13 de diciembre, el presidente <b>Gustavo Petro sancion\u00f3 la Ley de la reforma tributaria<\/b>, que tras su firma entrar\u00e1 en vigencia a partir del 1 de enero.<\/p>\n<p>El acto se realiz\u00f3 en la Casa de Nari\u00f1o a donde asisti\u00f3 el ministro de Hacienda, Jos\u00e9 Antonio Ocampo, uno de los gestores del proyecto y quien sac\u00f3 adelante la iniciativa en el Congreso.<\/p>\n<p>Durante el acto, el mandatario enfatiz\u00f3 que ninguna de las anteriores reformas tributarias han mejorado las circunstancias de la sociedad colombiana y que\u00a0<i>&#8220;tenemos que movernos en un objetivo de justicia social y financiar proyectos que logren este cometido. Estos recursos le generan mayor capacidad al Gobierno para financiar&#8221;<\/i>.<\/p>\n<p id=\"p575580-m527-7-528\" class=\"parrafo\">As\u00ed mismo,\u00a0<b>el Presidente manifest\u00f3 que el problema se centra en los puestos de trabajo y que por eso hay que fomentar la econom\u00eda popular,\u00a0<\/b>poniendo a su disposici\u00f3n recursos del Estado.<\/p>\n<p id=\"p575580-m533-8-534\" class=\"parrafo\">Agreg\u00f3 que esta vez vio un Congreso que se atrevi\u00f3 a tener independencia de poder:\u00a0<i>&#8220;Quiz\u00e1s no tanto como lo quisimos ver nosotros. A m\u00ed s\u00ed me hubiera gustado el impuesto a las altas pensiones, pero logramos lo principal&#8221;.<\/i><\/p>\n<p id=\"p575580-m539-9-540\" class=\"parrafo\">Petro tambi\u00e9n anunci\u00f3 que el pr\u00f3ximo a\u00f1o, espec\u00edficamente en el mes de febrero, presentar\u00e1 un proyecto de adici\u00f3n presupuestal al Congreso de la Rep\u00fablica para poder cumplir los objetivos de su plan de Gobierno.<\/p>\n<p>El jefe de Estado prosigui\u00f3 diciendo que busca generar proyectos de inversi\u00f3n directa para llevar al pa\u00eds a mejores condiciones:<i>\u00a0&#8220;A partir del primero de enero, este proyecto tendr\u00e1 la valoraci\u00f3n de la sociedad colombiana tanto en su gasto como en su ingreso. All\u00ed se ver\u00e1 el balance&#8221;.<\/i><\/p>\n<p id=\"p575580-m563-13-564\" class=\"parrafo\">All\u00ed tambi\u00e9n estuvo el ministro de Hacienda, Jos\u00e9 Antonio Ocampo. \u00c9l se mostr\u00f3 agradecido con todas las personas que los apoyaron a sacar adelante esta iniciativa:<br \/>\n<i>&#8220;Se hizo un trabajo arduo y tuvo mucha consulta. No fue un proyecto de &#8216;pupitrazo&#8217;, sino que fue uno de los m\u00e1s concertados de la historia&#8221;.<\/i><\/p>\n<p id=\"p575580-m569-14-570\" class=\"parrafo\"><i>&#8220;Tuve un equipo que trabaj\u00f3 mucho y sabemos que en este proyecto de ley quedaron instauradas varias normas fundamentales&#8221;<\/i>, agreg\u00f3 Ocampo.<\/p>\n<p id=\"p575580-m575-15-576\" class=\"parrafo\">Luego vino la intervenci\u00f3n del ministro del Interior, Alfonso Prada, quien le dio todo el m\u00e9rito de la reforma tributaria al ministro de Hacienda. &#8220;<i>Gratitud absoluta por entregar semejante reforma tributaria que tiene un cambio profundo en el pa\u00eds. Adem\u00e1s, agradecer a la coalici\u00f3n de Gobierno que esta comprometida con estas iniciativas&#8221;.<\/i><\/p>\n<p id=\"p575580-m581-16-582\" class=\"parrafo\">En el evento tambi\u00e9n estuvieron presentes la senadora Clara L\u00f3pez, el representante \u00c1lvaro Monedero; el presidente de la Andi, Bruce Mac Master y algunos representantes de gremios econ\u00f3micos del pa\u00eds.<\/p>\n<p id=\"p575580-m587-17-588\" class=\"parrafo\"><b>Tomado de: PORTAFOLIO<\/b><\/p>\n<p>&nbsp;<\/p>\n","protected":false},"excerpt":{"rendered":"<p>Este martes 13 de diciembre, el presidente Gustavo Petro sancion\u00f3 la Ley de la reforma tributaria, que tras su firma entrar\u00e1 en vigencia a partir del 1 de enero. El acto se realiz\u00f3 en la Casa de Nari\u00f1o a donde asisti\u00f3 el ministro de Hacienda, Jos\u00e9 Antonio Ocampo, uno de los gestores del proyecto y<\/p>\n","protected":false},"author":1,"featured_media":10279,"comment_status":"closed","ping_status":"closed","sticky":false,"template":"","format":"standard","meta":{"footnotes":""},"categories":[342,181],"tags":[],"class_list":["post-10278","post","type-post","status-publish","format-standard","has-post-thumbnail","hentry","category-news","category-noticias"],"views":95,"_links":{"self":[{"href":"https:\/\/www.amchambaq.com\/es_co\/wp-json\/wp\/v2\/posts\/10278","targetHints":{"allow":["GET"]}}],"collection":[{"href":"https:\/\/www.amchambaq.com\/es_co\/wp-json\/wp\/v2\/posts"}],"about":[{"href":"https:\/\/www.amchambaq.com\/es_co\/wp-json\/wp\/v2\/types\/post"}],"author":[{"embeddable":true,"href":"https:\/\/www.amchambaq.com\/es_co\/wp-json\/wp\/v2\/users\/1"}],"replies":[{"embeddable":true,"href":"https:\/\/www.amchambaq.com\/es_co\/wp-json\/wp\/v2\/comments?post=10278"}],"version-history":[{"count":1,"href":"https:\/\/www.amchambaq.com\/es_co\/wp-json\/wp\/v2\/posts\/10278\/revisions"}],"predecessor-version":[{"id":10280,"href":"https:\/\/www.amchambaq.com\/es_co\/wp-json\/wp\/v2\/posts\/10278\/revisions\/10280"}],"wp:featuredmedia":[{"embeddable":true,"href":"https:\/\/www.amchambaq.com\/es_co\/wp-json\/wp\/v2\/media\/10279"}],"wp:attachment":[{"href":"https:\/\/www.amchambaq.com\/es_co\/wp-json\/wp\/v2\/media?parent=10278"}],"wp:term":[{"taxonomy":"category","embeddable":true,"href":"https:\/\/www.amchambaq.com\/es_co\/wp-json\/wp\/v2\/categories?post=10278"},{"taxonomy":"post_tag","embeddable":true,"href":"https:\/\/www.amchambaq.com\/es_co\/wp-json\/wp\/v2\/tags?post=10278"}],"curies":[{"name":"wp","href":"https:\/\/api.w.org\/{rel}","templated":true}]}}