{"id":10267,"date":"2022-12-13T08:47:54","date_gmt":"2022-12-13T13:47:54","guid":{"rendered":"https:\/\/www.amchambaq.com\/?p=10267"},"modified":"2022-12-13T08:47:54","modified_gmt":"2022-12-13T13:47:54","slug":"barranquilla-integra-red-global-de-gobiernos-para-sostenibilidad","status":"publish","type":"post","link":"https:\/\/www.amchambaq.com\/es_co\/barranquilla-integra-red-global-de-gobiernos-para-sostenibilidad\/","title":{"rendered":"Barranquilla integra red global de gobiernos para sostenibilidad"},"content":{"rendered":"<p>Desde este lunes\u00a0<strong>Barranquilla\u00a0<\/strong>ingreso de la ciudad a la organizaci\u00f3n de<strong>\u00a0Gobiernos Locales por la Sostenibilidad<\/strong>\u00a0-ICLEI-, una red global de m\u00e1s de 2.500 ciudades, pueblos y regiones comprometidas con el desarrollo urbano sustentable y la financiaci\u00f3n de proyectos.<\/p>\n<p>El alcalde\u00a0<strong>Jaime Pumarejo Heins<\/strong>, quien ha participado en representaci\u00f3n de m\u00e1s de 100 ciudades de Am\u00e9rica Latina y el Caribe, destac\u00f3 la labor que est\u00e1 realizando ICLEI.<\/p>\n<p>\u201cEst\u00e1 haciendo un trabajo incre\u00edble, sobre todo esta semana, durante este evento, haciendo que se escuchen nuestra voz, y las necesidades y requerimientos de las ciudades, con el prop\u00f3sito de cumplir las metas de\u00a0<strong>biodiverciudad<\/strong>\u201d.<\/p>\n<p>Entre los beneficios de esta alianza se encuentra el impulso de los bosques urbanos en Barranquilla a trav\u00e9s de la iniciativa\u00a0<strong>Cities4Forests<\/strong>, tambi\u00e9n se trabajar\u00e1 en cooperaciones para continuar con la instalaci\u00f3n de buses el\u00e9ctricos, impactando la movilidad del Sistema Integrado de Transporte Masivo -Transmetro. Adem\u00e1s, apoyar\u00e1 en la toma de acciones en pro del cambio clim\u00e1tico, entre otros.<\/p>\n<p>En representaci\u00f3n de ICLEI, el secretario General, Gino Van Begin, y el secretario Ejecutivo Adjunto de Am\u00e9rica del Sur,\u00a0<strong>Rodrigo Corradi<\/strong>, oficializaron la firma de este convenio con el mandatario distrital. El acto se llev\u00f3 a cabo en el marco de COP15, la cumbre de biodiversidad m\u00e1s importante del mundo, que se desarrolla en Montreal-Quebec (Canad\u00e1).<\/p>\n<p>A su turno,\u00a0<strong>Gino Van Begin<\/strong>\u00a0resalt\u00f3\u00a0 a Barranquilla como referente de biodiverciudad a nivel global y asegur\u00f3 que llevar\u00e1n a la red de ICLEI esta iniciativa para que adquieran el compromiso y empiecen a implementar acciones para construir biodiverciudad.<\/p>\n<p>\u201cQueremos felicitar a Barranquilla por lo que ha venido haciendo en esta materia y se hayan tomado la oportunidad de viajar hasta\u00a0<strong>Canad\u00e1\u00a0<\/strong>por esta causa. Eso es lo que vale y marca la diferencia\u201d, mencion\u00f3 Van Begin.<\/p>\n<div class=\"field-item odd\">\n<div class=\"content-titulo\">\n<div class=\"titulo\"><strong>Detalles de la red<\/strong><\/div>\n<\/div>\n<\/div>\n<div class=\"field-item even\">\n<div class=\"entity entity-paragraphs-item paragraphs-item-descripcion\">\n<div class=\"content\">\n<div class=\"field field-name-field-descripcion field-type-text-long field-label-hidden\">\n<div class=\"field-items\">\n<div class=\"field-item even\">\n<p>Es importante mencionar que ICLEI influencia las pol\u00edticas de sustentabilidad e impulsa la acci\u00f3n local, construyendo conexiones entre niveles de gobierno, sectores y grupos de partes interesadas. En Am\u00e9rica del Sur, la red enlaza a sus m\u00e1s de 100 asociados en\u00a0<strong>7 pa\u00edses<\/strong>\u00a0con tres oficinas nacionales establecidas en Colombia, Argentina y Brasil.<\/p>\n<p>La organizaci\u00f3n, que lleva\u00a0<strong>m\u00e1s de 20 a\u00f1os generando<\/strong>\u00a0y fortaleciendo capacidades a nivel interno y externo, se ha posicionado a lo largo de los a\u00f1os y ha sido reconocida como una de las m\u00e1s representativas a nivel global por llevar a sus integrantes a importantes escenarios de toma de decisi\u00f3n a nivel nacional e internacional en materia de implementaci\u00f3n de proyectos que fortalezcan el desarrollo sostenible.<\/p>\n<p>Por otro lado, Barranquilla realiz\u00f3 la firma del memorando de entendimiento con\u00a0<strong>World Resources Institute<\/strong>\u00a0\u2013<strong>WRI<\/strong>.<\/p>\n<p>Entre tanto, Craig Hanson, director General de Programas, celebr\u00f3 el ingreso de Barranquilla a Cities4Forests, un movimiento de 84 ciudades de todo el mundo que utilizan su poder pol\u00edtico, econ\u00f3mico y cultural para proteger y gestionar\u00a0<strong>bosques\u00a0<\/strong>urbanos para el bienestar de la comunidad.<\/p>\n<p>\u201cBarranquilla se uni\u00f3 a Cities4Forests y realmente ayudar\u00e1 a la ciudad a avanzar en salud ciudadana y en la\u00a0<strong>mentalidad econ\u00f3mica\u00a0<\/strong>de esta maravillosa ciudad de Latinoam\u00e9rica\u201d, se\u00f1al\u00f3 Hanson.<\/p>\n<p>La ciudad ya cuenta con cuatro bosques urbanos construidos, que son casi\u00a0<strong>16 hect\u00e1reas<\/strong>\u00a0de espacios destinados exclusivamente al desarrollo de 15.714 \u00e1rboles.<\/p>\n<\/div>\n<\/div>\n<\/div>\n<\/div>\n<\/div>\n<\/div>\n","protected":false},"excerpt":{"rendered":"<p>Desde este lunes\u00a0Barranquilla\u00a0ingreso de la ciudad a la organizaci\u00f3n de\u00a0Gobiernos Locales por la Sostenibilidad\u00a0-ICLEI-, una red global de m\u00e1s de 2.500 ciudades, pueblos y regiones comprometidas con el desarrollo urbano sustentable y la financiaci\u00f3n de proyectos. El alcalde\u00a0Jaime Pumarejo Heins, quien ha participado en representaci\u00f3n de m\u00e1s de 100 ciudades de Am\u00e9rica Latina y el<\/p>\n","protected":false},"author":1,"featured_media":10268,"comment_status":"closed","ping_status":"closed","sticky":false,"template":"","format":"standard","meta":{"footnotes":""},"categories":[342,181],"tags":[],"class_list":["post-10267","post","type-post","status-publish","format-standard","has-post-thumbnail","hentry","category-news","category-noticias"],"views":106,"_links":{"self":[{"href":"https:\/\/www.amchambaq.com\/es_co\/wp-json\/wp\/v2\/posts\/10267","targetHints":{"allow":["GET"]}}],"collection":[{"href":"https:\/\/www.amchambaq.com\/es_co\/wp-json\/wp\/v2\/posts"}],"about":[{"href":"https:\/\/www.amchambaq.com\/es_co\/wp-json\/wp\/v2\/types\/post"}],"author":[{"embeddable":true,"href":"https:\/\/www.amchambaq.com\/es_co\/wp-json\/wp\/v2\/users\/1"}],"replies":[{"embeddable":true,"href":"https:\/\/www.amchambaq.com\/es_co\/wp-json\/wp\/v2\/comments?post=10267"}],"version-history":[{"count":1,"href":"https:\/\/www.amchambaq.com\/es_co\/wp-json\/wp\/v2\/posts\/10267\/revisions"}],"predecessor-version":[{"id":10269,"href":"https:\/\/www.amchambaq.com\/es_co\/wp-json\/wp\/v2\/posts\/10267\/revisions\/10269"}],"wp:featuredmedia":[{"embeddable":true,"href":"https:\/\/www.amchambaq.com\/es_co\/wp-json\/wp\/v2\/media\/10268"}],"wp:attachment":[{"href":"https:\/\/www.amchambaq.com\/es_co\/wp-json\/wp\/v2\/media?parent=10267"}],"wp:term":[{"taxonomy":"category","embeddable":true,"href":"https:\/\/www.amchambaq.com\/es_co\/wp-json\/wp\/v2\/categories?post=10267"},{"taxonomy":"post_tag","embeddable":true,"href":"https:\/\/www.amchambaq.com\/es_co\/wp-json\/wp\/v2\/tags?post=10267"}],"curies":[{"name":"wp","href":"https:\/\/api.w.org\/{rel}","templated":true}]}}