{"id":10242,"date":"2022-12-07T15:06:48","date_gmt":"2022-12-07T20:06:48","guid":{"rendered":"https:\/\/www.amchambaq.com\/?p=10242"},"modified":"2022-12-07T15:06:48","modified_gmt":"2022-12-07T20:06:48","slug":"estamos-haciendo-historia-con-esta-barranquilla-bilingue-jaime-pumarejo","status":"publish","type":"post","link":"https:\/\/www.amchambaq.com\/es_co\/estamos-haciendo-historia-con-esta-barranquilla-bilingue-jaime-pumarejo\/","title":{"rendered":"\u201cEstamos haciendo historia con esta Barranquilla biling\u00fce\u201d: Jaime Pumarejo"},"content":{"rendered":"<p>\u00a1Barranquilla biling\u00fce es una realidad! En la ciudad fue aprobada la pol\u00edtica p\u00fablica que permitir\u00e1 darle continuidad a la educaci\u00f3n biling\u00fce de calidad en los colegios oficiales durante los pr\u00f3ximos 8 a\u00f1os. As\u00ed lo ratific\u00f3 el alcalde distrital Jaime Pumarejo Heins, cuando en compa\u00f1\u00eda de directivos docentes, maestros, padres de familia, estudiantes, aliados, empresarios y comunidad en general\u00a0sancion\u00f3 el proyecto de acuerdo para vigencias futuras en la construcci\u00f3n de una ciudad biling\u00fce.<\/p>\n<p>La cita tuvo lugar en el primer colegio p\u00fablico biling\u00fce de Colombia \u2013 la Instituci\u00f3n Educativa Distrital T\u00e9cnica Biling\u00fce Jorge Nicol\u00e1s Abello\u2013, donde la comunidad educativa hizo presencia para ser testigo de ese momento hist\u00f3rico.<\/p>\n<p>Lo anterior se dio luego de que el pasado viernes 2 de diciembre, el Concejo Distrital \u2013de manera un\u00e1nime\u2013 diera su voto positivo para el proyecto de acuerdo para instaurar la pol\u00edtica p\u00fablica de biling\u00fcismo en la ciudad; lo que permitir\u00e1 darles las herramientas de ense\u00f1anza y el aprendizaje del ingl\u00e9s a estudiantes desde transici\u00f3n y primaria, secundaria y media.<\/p>\n<p>En su intervenci\u00f3n, el alcalde Pumarejo reiter\u00f3 que el biling\u00fcismo es la obra \u201cm\u00e1s importante que dejaremos en este cuatrienio. No tiene un solo ladrillo, no tiene un solo clavo, pero tiene todo el amor, todo el cari\u00f1o y todo el potencial para transformar la vida de miles de ni\u00f1os\u201d.<\/p>\n<p>Destac\u00f3 a la Instituci\u00f3n Educativa Distrital T\u00e9cnica Biling\u00fce\u00a0Jorge Nicol\u00e1s Abello, primer colegio p\u00fablico biling\u00fce de Colombia, por empezar este camino: \u201cEsto que ustedes han hecho desencaden\u00f3 un proyecto que hoy acaba de dar un paso gigantesco, pero naci\u00f3 de la intenci\u00f3n de mejorar la calidad de vida de los estudiantes. Hoy quiero reconocer a este colegio por esa valent\u00eda y ese coraje\u201d.<\/p>\n<p>El mandatario distrital tambi\u00e9n asegur\u00f3 que, con la pol\u00edtica p\u00fablica de biling\u00fcismo, ahora en Barranquilla no solo se graduar\u00e1n t\u00e9cnicos laborales, sino que tambi\u00e9n empezar\u00e1n a egresar j\u00f3venes con competencias biling\u00fces.<\/p>\n<p>Pumarejo destac\u00f3, adem\u00e1s, que el biling\u00fcismo en la ciudad cuenta con \u201clos mejores aliados. En ingl\u00e9s para el trabajo tenemos tambi\u00e9n grandes empresas que est\u00e1n haciendo la tarea y la AmCham nos ha acompa\u00f1ado en ese proceso. Adem\u00e1s, a partir de ahora el proyecto de biling\u00fcismo va a ser administrado por un ente del Gobierno brit\u00e1nico; eso garantiza transparencia y es muestra de la calidad educativa que hoy tienen los colegios de Barranquilla\u201d.<\/p>\n<p>A su turno, Matilde Camargo, rectora de la Instituci\u00f3n Educativa Distrital T\u00e9cnica Biling\u00fce\u00a0Jorge Nicol\u00e1s Abello, manifest\u00f3 sentirse orgullosa porque &#8220;hoy es un d\u00eda trascendental e hist\u00f3rico para la educaci\u00f3n p\u00fablica en Barranquilla. Esta aprobaci\u00f3n de pol\u00edtica p\u00fablica de biling\u00fcismo por ocho a\u00f1os significa que no nos van a poner a sufrir con el biling\u00fcismo&#8221;.<\/p>\n<p>Record\u00f3 que hace m\u00e1s de 20 a\u00f1os &#8220;le solicitamos al Gobierno distrital que metieran el hombro por la educaci\u00f3n p\u00fablica porque nos ten\u00edan los colegios privados sobre la cabeza, y hoy aplaudo a la Administraci\u00f3n por todo lo que se ha logrado&#8221;.<\/p>\n<p>Los estudiantes Angelina Z\u00e1rate, Chelsea Salas Garc\u00eda y Jhosep \u00c1vila P\u00e9rez, de la Instituci\u00f3n Educativa Distrital T\u00e9cnica Biling\u00fce Jorge Nicol\u00e1s Abello, as\u00ed como el docente Fabi\u00e1n Padilla y la rectora Matilde Camargo, fueron los encargados de contar a los asistentes c\u00f3mo ha sido la experiencia y el proceso de formaci\u00f3n biling\u00fce que permiti\u00f3 la consolidaci\u00f3n de una escuela p\u00fablica que aprende 100 % en ingl\u00e9s.<\/p>\n<p>Esta escuela p\u00fablica se convirti\u00f3 en modelo para la estructuraci\u00f3n del curr\u00edculo integrado en la ense\u00f1anza del ingl\u00e9s, que ser\u00e1 aplicado a todos los colegios oficiales de la ciudad, a trav\u00e9s del Consejo Brit\u00e1nico, en el marco del programa de biling\u00fcismo.<\/p>\n<p><strong>Sobre la sanci\u00f3n<\/strong><\/p>\n<p>Durante el encuentro, la comunidad educativa, empresarios, entes gubernamentales, instituciones, medios de comunicaci\u00f3n y dem\u00e1s invitados, vivieron una experiencia \u00fanica conociendo los momentos m\u00e1s destacados que han logrado convertir esta gran apuesta en referente a nivel nacional.<\/p>\n<p>Seguido de esto, con la sanci\u00f3n del mandatario distrital, a trav\u00e9s de la firma del proyecto de acuerdo, y la aprobaci\u00f3n del Concejo de Barranquilla, quedaron garantizados los recursos para el plan de biling\u00fcismo 2023-2030 en los colegios p\u00fablicos, ratificando que en esta ciudad ser biling\u00fce es un derecho de todos y no un privilegio.<\/p>\n<p>La secretaria de Educaci\u00f3n, Bibiana Rinc\u00f3n, destac\u00f3 los ejes diferenciales de este programa que inici\u00f3 hace 3 a\u00f1os con un \u00e9nfasis en la formaci\u00f3n en ingl\u00e9s desde los primeros a\u00f1os. \u201cBarranquilla ha sido pionera en la implementaci\u00f3n del programa, logrando un impacto integral con 3 enfoques claves: la formaci\u00f3n de estudiantes, formaci\u00f3n y fortalecimiento de procesos pedag\u00f3gicos de docentes y la implementaci\u00f3n de acciones para la construcci\u00f3n de ecosistemas biling\u00fces\u201d, dijo.<\/p>\n<p>En el presente a\u00f1o, el programa Soy Biling\u00fce lleg\u00f3 a 121 instituciones educativas distritales, y para el 2023 se ampliar\u00e1 la cobertura e impacto para completar todas las 154 instituciones educativas distritales de Barranquilla con el programa de biling\u00fcismo. En los 3 a\u00f1os de implementaci\u00f3n, 95.000 estudiantes han sido impactados y 2.000 docentes y directivos se est\u00e1n formando en lengua y did\u00e1ctica para la ense\u00f1anza del ingl\u00e9s. Adem\u00e1s, Barranquilla hizo entrega de m\u00e1s de 80.000 recursos did\u00e1cticos y material en ingl\u00e9s al 100 % de IED, y puso a disposici\u00f3n de toda la comunidad educativa el banco de recursos digital \u201821st Century Kids\u2019, con herramientas de ense\u00f1anza y aprendizaje del ingl\u00e9s, contextualizada en el entorno local de la ciudad.<\/p>\n<p>La consecuci\u00f3n de esta gran apuesta se realizar\u00e1 a trav\u00e9s de un convenio con el Consejo Brit\u00e1nico como aliado, para la construcci\u00f3n de un curr\u00edculo integrado en la ense\u00f1anza del ingl\u00e9s, as\u00ed como el acompa\u00f1amiento en la formaci\u00f3n de estudiantes y docentes. Iniciando con un estudio prospectivo del biling\u00fcismo en Barranquilla con el British Council y la Universidad de los Andes, para identificar una l\u00ednea gu\u00eda para la construcci\u00f3n de acciones estrat\u00e9gicas y de impacto, enmarcada en la pol\u00edtica p\u00fablica.<\/p>\n<p>El proyecto a 8 a\u00f1os tiene 4 l\u00edneas estrat\u00e9gicas: formaci\u00f3n a docentes, formaci\u00f3n en estudiantes, diagn\u00f3stico y seguimiento, y dotaci\u00f3n y mentores de biling\u00fcismo. La proyecci\u00f3n cada a\u00f1o contempla m\u00e1s de 85.000 estudiantes con formaci\u00f3n en ingl\u00e9s, pruebas diagn\u00f3stico para estudiantes, y consultores acad\u00e9micos. As\u00ed como la formaci\u00f3n e impacto anual a 2.000 directivos docentes y profesores en did\u00e1ctica para la ense\u00f1anza de ingl\u00e9s, curso de ingl\u00e9s, y esquema de desarrollo profesional continuo.<\/p>\n<p>Actualmente, Barranquilla es pionera en la implementaci\u00f3n del biling\u00fcismo como veh\u00edculo de oportunidades desde los m\u00e1s peque\u00f1os de los colegios p\u00fablicos. Esto permitir\u00e1 un crecimiento exponencial a la ciudad, y el cierre de brechas de capital humano y desarrollo social, y econ\u00f3mico de los barranquilleros.<\/p>\n","protected":false},"excerpt":{"rendered":"<p>\u00a1Barranquilla biling\u00fce es una realidad! En la ciudad fue aprobada la pol\u00edtica p\u00fablica que permitir\u00e1 darle continuidad a la educaci\u00f3n biling\u00fce de calidad en los colegios oficiales durante los pr\u00f3ximos 8 a\u00f1os. As\u00ed lo ratific\u00f3 el alcalde distrital Jaime Pumarejo Heins, cuando en compa\u00f1\u00eda de directivos docentes, maestros, padres de familia, estudiantes, aliados, empresarios y<\/p>\n","protected":false},"author":1,"featured_media":10243,"comment_status":"closed","ping_status":"closed","sticky":false,"template":"","format":"standard","meta":{"footnotes":""},"categories":[342,181],"tags":[],"class_list":["post-10242","post","type-post","status-publish","format-standard","has-post-thumbnail","hentry","category-news","category-noticias"],"views":53,"_links":{"self":[{"href":"https:\/\/www.amchambaq.com\/es_co\/wp-json\/wp\/v2\/posts\/10242","targetHints":{"allow":["GET"]}}],"collection":[{"href":"https:\/\/www.amchambaq.com\/es_co\/wp-json\/wp\/v2\/posts"}],"about":[{"href":"https:\/\/www.amchambaq.com\/es_co\/wp-json\/wp\/v2\/types\/post"}],"author":[{"embeddable":true,"href":"https:\/\/www.amchambaq.com\/es_co\/wp-json\/wp\/v2\/users\/1"}],"replies":[{"embeddable":true,"href":"https:\/\/www.amchambaq.com\/es_co\/wp-json\/wp\/v2\/comments?post=10242"}],"version-history":[{"count":1,"href":"https:\/\/www.amchambaq.com\/es_co\/wp-json\/wp\/v2\/posts\/10242\/revisions"}],"predecessor-version":[{"id":10244,"href":"https:\/\/www.amchambaq.com\/es_co\/wp-json\/wp\/v2\/posts\/10242\/revisions\/10244"}],"wp:featuredmedia":[{"embeddable":true,"href":"https:\/\/www.amchambaq.com\/es_co\/wp-json\/wp\/v2\/media\/10243"}],"wp:attachment":[{"href":"https:\/\/www.amchambaq.com\/es_co\/wp-json\/wp\/v2\/media?parent=10242"}],"wp:term":[{"taxonomy":"category","embeddable":true,"href":"https:\/\/www.amchambaq.com\/es_co\/wp-json\/wp\/v2\/categories?post=10242"},{"taxonomy":"post_tag","embeddable":true,"href":"https:\/\/www.amchambaq.com\/es_co\/wp-json\/wp\/v2\/tags?post=10242"}],"curies":[{"name":"wp","href":"https:\/\/api.w.org\/{rel}","templated":true}]}}