{"id":10239,"date":"2022-12-07T08:56:31","date_gmt":"2022-12-07T13:56:31","guid":{"rendered":"https:\/\/www.amchambaq.com\/?p=10239"},"modified":"2022-12-07T08:56:31","modified_gmt":"2022-12-07T13:56:31","slug":"las-razones-por-las-que-el-pib-de-colombia-para-el-2023-seria-de-07","status":"publish","type":"post","link":"https:\/\/www.amchambaq.com\/es_co\/las-razones-por-las-que-el-pib-de-colombia-para-el-2023-seria-de-07\/","title":{"rendered":"Las razones por las que el PIB de Colombia para el 2023 ser\u00eda de 0,7 %"},"content":{"rendered":"<p>Varias entidades han venido revisando sus proyecciones para el 2023 y el equipo de <b>BBVA Research<\/b>\u00a0entreg\u00f3 este martes sus pron\u00f3sticos para el pr\u00f3ximo a\u00f1o, para el cual la entidad espera que la econom\u00eda colombiana crezca en 0,7% y en 1,8% en 2024, \u201cdespu\u00e9s de una elevada din\u00e1mica en 2021 (10,7%) y 2022 (8,0%) \u201d.<\/p>\n<p>El\u00a0<b>banco<\/b>\u00a0destac\u00f3 que, en promedio, la demanda interna, especialmente el consumo privado y la inversi\u00f3n en maquinaria, crecer\u00e1 por debajo del<b>\u00a0PIB<\/b>\u00a0en los pr\u00f3ximos dos a\u00f1os. As\u00ed mismo, que la inversi\u00f3n en obras civiles se mantendr\u00e1 fuerte.<\/p>\n<p><b>BBVA<\/b>\u00a0destac\u00f3 que el consumo privado se ha venido desacelerando desde ya por la moderaci\u00f3n del mercado laboral y otros flujos de financiaci\u00f3n y las mayores tasas de inter\u00e9s e inflaci\u00f3n.<\/p>\n<p>De acuerdo con Alejandro Reyes, economista principal del banco, hay una serie de factores que est\u00e1n detr\u00e1s de la desaceleraci\u00f3n, como es en primer lugar, la situaci\u00f3n del mercado laboral,\u00a0<i>\u201cque vio un impulso importante de recuperaci\u00f3n desde el a\u00f1o pasado tras la pandemia, pero que ahora muestra una desaceleraci\u00f3n que probablemente se mantendr\u00e1 hacia 2023\u201d<\/i>.<\/p>\n<p>El segundo elemento, seg\u00fan el economista, es una menor din\u00e1mica del cr\u00e9dito de consumo.\u00a0<i>\u201cHoy en d\u00eda estamos con ahorro negativo, esa din\u00e1mica de ahorro para gastar se acab\u00f3 y por ello veremos una menor din\u00e1mica en el consumo\u201d<\/i>, indic\u00f3.<\/p>\n<p id=\"p575246-m394-3-395\" class=\"parrafo\"><i>Adem\u00e1s, de un menor incremento de otras fuentes de financiamiento en recursos como el caf\u00e9 y las remesas, as\u00ed como una\u00a0<b>mayor inflaci\u00f3n y tasas<\/b>, que reducen la capacidad de compra. \u201cAdem\u00e1s, se agot\u00f3 el ahorro de los hogares que antes compensaba estos efectos negativos\u201d,<\/i>\u00a0dijo.<\/p>\n<p id=\"p575246-m400-4-401\" class=\"parrafo\">A ra\u00edz de esto, de acuerdo con\u00a0<b>BBVA<\/b>, \u201cla econom\u00eda reducir\u00e1 su capacidad de crear nuevo empleo y este estar\u00e1 m\u00e1s concentrado en la informalidad, afectando la capacidad de consumo privado\u201d. Entre las estimaciones de la entidad est\u00e1 que el desempleo urbano se ubicar\u00e1 en 12% para el cierre del pr\u00f3ximo a\u00f1o, por encima del 10,5% con que se espera que termine 2022. Para 2024 se estima tambi\u00e9n un incremento a 12,5% en el desempleo urbano en 2024.<\/p>\n<div id=\"p575246-m406-5-407\" class=\"highlighted\">\n<div id=\"m411-410-412\" class=\"tiemposBold3\">La inflaci\u00f3n y las tasas<\/div>\n<\/div>\n<p id=\"p575246-m418-6-419\" class=\"parrafo\">Uno de los temas que m\u00e1s preocupa a\u00a0<b>la econom\u00eda es el aumento de los precios<\/b>, y seg\u00fan la entidad, la tasa de inflaci\u00f3n se reducir\u00e1 desde 2023, pero a un ritmo m\u00e1s gradual que en ciclos anteriores, lo cual influir\u00e1 para que las reducciones en los tipos de inter\u00e9s del Banco de la Rep\u00fablica \u201csean tambi\u00e9n progresivas desde finales del pr\u00f3ximo a\u00f1o\u201d.<\/p>\n<p>Para 2022 la entidad estima que la variaci\u00f3n en el \u00cdndice de Precios del Consumidor (IPC) cierre en 12,5%, y baje cerca del 7,3% en 2023 y al 4,5% en 2024, a\u00fan por encima del rango meta del Emisor (2%-4%).<\/p>\n<p id=\"p575246-m424-7-425\" class=\"parrafo\">Seg\u00fan proyecta la entidad de investigaci\u00f3n, \u201cla inflaci\u00f3n transitar\u00e1 una senda gradual de desaceleraci\u00f3n desde 2023, pero todav\u00eda enfrentar\u00e1 algunos desaf\u00edos en su moderaci\u00f3n\u201d.<br \/>\nEntre los determinantes para la inflaci\u00f3n que identific\u00f3 el banco est\u00e1 la devaluaci\u00f3n que encarece los bienes importados, el incremento del\u00a0<b>salario m\u00ednimo<\/b>\u00a0que presionar\u00e1 la inflaci\u00f3n del primer semestre de 2023 y la alta indexaci\u00f3n, que se transmitir\u00e1 con mayor facilidad en el primer semestre de 2023.<\/p>\n<p id=\"p575246-m430-8-431\" class=\"parrafo\">En contraste,\u00a0<b>BBVA Research<\/b>\u00a0reconoce que un menor crecimiento de la demanda interna reducir\u00e1 las presiones inflacionarias, especialmente en el segundo semestre de 2023.<\/p>\n<p>Tomado de: PORTAFOLIO<\/p>\n","protected":false},"excerpt":{"rendered":"<p>Varias entidades han venido revisando sus proyecciones para el 2023 y el equipo de BBVA Research\u00a0entreg\u00f3 este martes sus pron\u00f3sticos para el pr\u00f3ximo a\u00f1o, para el cual la entidad espera que la econom\u00eda colombiana crezca en 0,7% y en 1,8% en 2024, \u201cdespu\u00e9s de una elevada din\u00e1mica en 2021 (10,7%) y 2022 (8,0%) \u201d. El\u00a0banco\u00a0destac\u00f3<\/p>\n","protected":false},"author":1,"featured_media":8918,"comment_status":"closed","ping_status":"closed","sticky":false,"template":"","format":"standard","meta":{"footnotes":""},"categories":[342,181],"tags":[],"class_list":["post-10239","post","type-post","status-publish","format-standard","has-post-thumbnail","hentry","category-news","category-noticias"],"views":160,"_links":{"self":[{"href":"https:\/\/www.amchambaq.com\/es_co\/wp-json\/wp\/v2\/posts\/10239","targetHints":{"allow":["GET"]}}],"collection":[{"href":"https:\/\/www.amchambaq.com\/es_co\/wp-json\/wp\/v2\/posts"}],"about":[{"href":"https:\/\/www.amchambaq.com\/es_co\/wp-json\/wp\/v2\/types\/post"}],"author":[{"embeddable":true,"href":"https:\/\/www.amchambaq.com\/es_co\/wp-json\/wp\/v2\/users\/1"}],"replies":[{"embeddable":true,"href":"https:\/\/www.amchambaq.com\/es_co\/wp-json\/wp\/v2\/comments?post=10239"}],"version-history":[{"count":1,"href":"https:\/\/www.amchambaq.com\/es_co\/wp-json\/wp\/v2\/posts\/10239\/revisions"}],"predecessor-version":[{"id":10240,"href":"https:\/\/www.amchambaq.com\/es_co\/wp-json\/wp\/v2\/posts\/10239\/revisions\/10240"}],"wp:featuredmedia":[{"embeddable":true,"href":"https:\/\/www.amchambaq.com\/es_co\/wp-json\/wp\/v2\/media\/8918"}],"wp:attachment":[{"href":"https:\/\/www.amchambaq.com\/es_co\/wp-json\/wp\/v2\/media?parent=10239"}],"wp:term":[{"taxonomy":"category","embeddable":true,"href":"https:\/\/www.amchambaq.com\/es_co\/wp-json\/wp\/v2\/categories?post=10239"},{"taxonomy":"post_tag","embeddable":true,"href":"https:\/\/www.amchambaq.com\/es_co\/wp-json\/wp\/v2\/tags?post=10239"}],"curies":[{"name":"wp","href":"https:\/\/api.w.org\/{rel}","templated":true}]}}