{"id":10227,"date":"2022-12-05T09:08:57","date_gmt":"2022-12-05T14:08:57","guid":{"rendered":"https:\/\/www.amchambaq.com\/?p=10227"},"modified":"2022-12-05T09:08:57","modified_gmt":"2022-12-05T14:08:57","slug":"estos-serian-los-principales-puntos-del-nuevo-modelo-de-salud-en-colombia-que-propone-el-gobierno-petro","status":"publish","type":"post","link":"https:\/\/www.amchambaq.com\/es_co\/estos-serian-los-principales-puntos-del-nuevo-modelo-de-salud-en-colombia-que-propone-el-gobierno-petro\/","title":{"rendered":"Estos ser\u00edan los principales puntos del nuevo modelo de salud en Colombia que propone el Gobierno Petro"},"content":{"rendered":"<p>El gobierno del presidente Gustavo Petro busca transformar el sistema de salud del pa\u00eds transitando hacia un modelo preventivo y predictivo que estar\u00e1 basado en la Atenci\u00f3n Primaria en Salud (APS), se centrar\u00e1 en la gesti\u00f3n de las personas con un enfoque familiar y territorial, y ser\u00e1 m\u00e1s integral, participativo e intersectorial.<\/p>\n<p>As\u00ed lo dio a conocer el viceministro de Protecci\u00f3n Social, Luis Alberto Mart\u00ednez, durante su participaci\u00f3n en el segundo conversatorio p\u00fablico-privado convocado por la C\u00e1mara de Comercio Colombo Americana, AmCham Colombia y que se llam\u00f3 \u201cSalud: acceso, prevenci\u00f3n y promoci\u00f3n\u201d, organizado con apoyo de Gilead Colombia.<\/p>\n<p>\u201cLa idea es dejar de tener un modelo que est\u00e1 centrado en la enfermedad, un modelo reactivo que espera que las personas sufran, en palabras de la Corte dice que este modelo con un enfoque curativo atenta contra la dignidad de las personas toda vez que hay que esperar que sufran de manera f\u00edsica y\/o psicol\u00f3gica para empezar a atenderlas, entonces, necesitamos mantener a las personas, a las familias dentro del radar del sistema de salud, no esperar a que surja la enfermedad\u201d, asegur\u00f3 el viceministro Mart\u00ednez.<\/p>\n<p>As\u00ed, el nuevo modelo de salud que propone el Gobierno Nacional tiene cuatro principales enfoques. El primero es la Atenci\u00f3n Primaria en Salud (APS) sin dependencia de la capacidad de pago y sin discriminaci\u00f3n de ning\u00fan tipo; otro es el enfoque como derecho humano fundamental; el tercero es la territorializaci\u00f3n para poder identificar y enfocar las necesidades en cada territorio para avanzar de manera equitativa; y el cuarto enfoque es garantizar la participaci\u00f3n vinculante de toda la poblaci\u00f3n en el dise\u00f1o, implementaci\u00f3n y monitoreo del modelo.<\/p>\n<p>\u201cEl objetivo de este modelo es lograr que cada persona y su familia tenga un equipo de salud territorial y un lugar de atenci\u00f3n cercano que le permita sentirse protegido y acompa\u00f1ado en el proceso de mantenerse saludable contando con unos equipos de apoyo, talento humano que se requiera con menos frecuencia, probablemente especialistas, y con mecanismos de derivaci\u00f3n hacia servicios m\u00e1s complejos que requieran mayor resolutividad\u201d, explic\u00f3 el funcionario.<\/p>\n<p>El viceministro Mart\u00ednez enfatiz\u00f3 en que ser\u00e1 un modelo basado en APS y determinantes sociales.<strong>\u00a0\u201c<\/strong>Tendr\u00edamos un modelo que est\u00e1 centrado en las personas y con un enfoque familiar y territorial; m\u00e1s promocional, preventivo y predictivo; m\u00e1s ambulatorio que hospitalario, con la tecnolog\u00eda apropiada y m\u00e1s integral, participativo e intersectorial, donde est\u00e1 llamado el sector privado a trabajar\u201d.<\/p>\n<p>Agreg\u00f3 que ser\u00e1n diez los componentes del nuevo modelo: Equipos en Salud Territorial; redes integradas e integrales territoriales de salud; cantidad y capacidades del personal de salud; desarrollo de ciencia y tecnolog\u00eda; territorializaci\u00f3n social, gobernanza democr\u00e1tica y recuperaci\u00f3n de la gobernabilidad del sistema de salud; un Sistema \u00danico de Informaci\u00f3n en Salud; tr\u00e1nsito hacia una soberan\u00eda sanitaria; un ejercicio de inspecci\u00f3n, vigilancia y control; participaci\u00f3n y movilizaci\u00f3n social; e intersectorialidad.<\/p>\n<p>En cuanto a los Equipos en Salud Territorial, el Viceministro dijo que su trabajo se aterrizar\u00e1 en cada territorio, dado que no son las mismas necesidades en toda la heterogeneidad que existe a nivel nacional y departamental. \u201cArrancamos con alrededor de 1.050 equipos, hay 442 nuevos, hay 506 que se est\u00e1n ajustando y hay 14 dedicados a la ola invernal que tenemos en La Mojana. Estos Equipos est\u00e1n distribuidos en 23 departamentos y 216 municipios, de los cuales 596 ya se encuentran operando y 442 est\u00e1n en etapa de contrataci\u00f3n\u201d.<\/p>\n<p><strong>Mejoras en salud deben lograrse con participaci\u00f3n de todos los actores: AmCham Colombia<\/strong><\/p>\n<p>La presidenta ejecutiva de AmCham Colombia, Mar\u00eda Claudia Lacouture, se\u00f1al\u00f3 que, en el proceso de fortalecer el sistema de salud que se viene consolidando desde hace cerca de 30 a\u00f1os, es importante la participaci\u00f3n de todos los actores del sistema.<\/p>\n<p>\u201cDesde AmCham Colombia estamos realizando estas conversaciones recopilando informaci\u00f3n para presentar al Gobierno Nacional acciones que contribuyan a la coordinaci\u00f3n del sector p\u00fablico y privado y la idea es que este ejercicio sea constante para que todos podamos aportar\u201d, dijo Lacouture.<\/p>\n<p>Agreg\u00f3 que \u201cno es un solo actor el que tiene la responsabilidad de contribuir a que todos los colombianos puedan tener acceso como tambi\u00e9n prevenci\u00f3n y acciones que mejoren la salud de los colombianos. Son m\u00faltiples actores y por eso quisimos dentro de todas las acciones tener este espacio para facilitar el encadenamiento de todos los actores\u201d.<\/p>\n<p>Destac\u00f3 que para beneficio de todos los colombianos es esencial construir sobre lo construido y existen unas herramientas como SISPRO, la Cuenta de Alto Costo, conocimientos que se han venido dando de modelos como el que est\u00e1 hoy en d\u00eda de prevenci\u00f3n de VIH que se pueden multiplicar a otras necesidades de salud, tanto en los principales territorios como en los m\u00e1s alejados.<\/p>\n<p>\u201cSin lugar a duda, hay una carencia en las regiones m\u00e1s apartadas de lograr acceso. Ah\u00ed hay un punto importante que tenemos que subirlo en la lista de prioridades y es c\u00f3mo llegamos a esos territorios alejados donde no hay presencia de ninguno de nosotros, esa es una labor que requiere de todo el acompa\u00f1amiento, no solamente del sector p\u00fablico si no tambi\u00e9n del sector privado\u201d, resalt\u00f3 Lacouture.<\/p>\n<p>Precisamente, sobre este punto, la gerente general de Gilead Sciences en Colombia, Natalia Granados, asegur\u00f3 que Gilead estableci\u00f3 su operaci\u00f3n en Colombia desde el segundo trimestre de este a\u00f1o, con talento 100% colombiano, con la misi\u00f3n de trabajar mancomunadamente con los actores del sistema de salud para crear un mundo m\u00e1s saludable e inclusivo para todos, as\u00ed como ofrecer su experiencia y conocimiento alrededor de modelos colaborativos para el abordaje de enfermedades transmisibles.<\/p>\n<p>\u201cLa cooperaci\u00f3n es parte esencial de nuestro modelo de trabajo y venimos con este \u00e1nimo a establecer nuestra operaci\u00f3n en Colombia. Por m\u00e1s de 35 a\u00f1os, Gilead ha tenido el prop\u00f3sito de trabajar de la mano con los diferentes actores del sistema no solo para proveer tecnolog\u00edas para el tratamiento y cura, sino tambi\u00e9n para construir redes de trabajo colaborativo que contribuyan al diagn\u00f3stico oportuno, la educaci\u00f3n de la poblaci\u00f3n como medida de prevenci\u00f3n, el fomento de la educaci\u00f3n m\u00e9dica y democratizada a todos los niveles, entre otros\u201d, se\u00f1al\u00f3 Granados.<\/p>\n<p>A\u00f1adi\u00f3 que algunos ejemplos de este trabajo colaborativo se han dado en M\u00e9xico, donde Gilead se ha sumado como colaborador estrat\u00e9gico de los esfuerzos del Gobierno en un programa de eliminaci\u00f3n de Hepatitis C con m\u00e1s de dos millones de pruebas r\u00e1pidas establecidas, m\u00e1s de 22.000 personas curadas y m\u00faltiples iniciativas de educaci\u00f3n a la poblaci\u00f3n general y a la comunidad m\u00e9dica.<\/p>\n<p>\u201cAsimismo, emprendemos constantes esfuerzos colaborativos para hacer frente a la epidemia del VIH, ejemplo de ello es una iniciativa con paz territorializada en el sur de Estados Unidos, donde por m\u00e1s de diez a\u00f1os hemos trabajado de la mano con m\u00e1s de 320 aliados para crear un impacto positivo en las personas con VIH, con foco en acceso a la atenci\u00f3n m\u00e9dica, la eliminaci\u00f3n de barreras para cuidar y educar a las comunidades, y cambiar la percepci\u00f3n p\u00fablica del VIH en esta zona del pa\u00eds\u201d, puntualiz\u00f3 la gerente de Gilead Colombia.<\/p>\n<p>Tomado de: AMCHAM COLOMBIA<\/p>\n","protected":false},"excerpt":{"rendered":"<p>El gobierno del presidente Gustavo Petro busca transformar el sistema de salud del pa\u00eds transitando hacia un modelo preventivo y predictivo que estar\u00e1 basado en la Atenci\u00f3n Primaria en Salud (APS), se centrar\u00e1 en la gesti\u00f3n de las personas con un enfoque familiar y territorial, y ser\u00e1 m\u00e1s integral, participativo e intersectorial. As\u00ed lo dio<\/p>\n","protected":false},"author":1,"featured_media":10228,"comment_status":"closed","ping_status":"closed","sticky":false,"template":"","format":"standard","meta":{"footnotes":""},"categories":[342,181],"tags":[],"class_list":["post-10227","post","type-post","status-publish","format-standard","has-post-thumbnail","hentry","category-news","category-noticias"],"views":45,"_links":{"self":[{"href":"https:\/\/www.amchambaq.com\/es_co\/wp-json\/wp\/v2\/posts\/10227","targetHints":{"allow":["GET"]}}],"collection":[{"href":"https:\/\/www.amchambaq.com\/es_co\/wp-json\/wp\/v2\/posts"}],"about":[{"href":"https:\/\/www.amchambaq.com\/es_co\/wp-json\/wp\/v2\/types\/post"}],"author":[{"embeddable":true,"href":"https:\/\/www.amchambaq.com\/es_co\/wp-json\/wp\/v2\/users\/1"}],"replies":[{"embeddable":true,"href":"https:\/\/www.amchambaq.com\/es_co\/wp-json\/wp\/v2\/comments?post=10227"}],"version-history":[{"count":1,"href":"https:\/\/www.amchambaq.com\/es_co\/wp-json\/wp\/v2\/posts\/10227\/revisions"}],"predecessor-version":[{"id":10229,"href":"https:\/\/www.amchambaq.com\/es_co\/wp-json\/wp\/v2\/posts\/10227\/revisions\/10229"}],"wp:featuredmedia":[{"embeddable":true,"href":"https:\/\/www.amchambaq.com\/es_co\/wp-json\/wp\/v2\/media\/10228"}],"wp:attachment":[{"href":"https:\/\/www.amchambaq.com\/es_co\/wp-json\/wp\/v2\/media?parent=10227"}],"wp:term":[{"taxonomy":"category","embeddable":true,"href":"https:\/\/www.amchambaq.com\/es_co\/wp-json\/wp\/v2\/categories?post=10227"},{"taxonomy":"post_tag","embeddable":true,"href":"https:\/\/www.amchambaq.com\/es_co\/wp-json\/wp\/v2\/tags?post=10227"}],"curies":[{"name":"wp","href":"https:\/\/api.w.org\/{rel}","templated":true}]}}