{"id":10223,"date":"2022-12-02T14:41:44","date_gmt":"2022-12-02T19:41:44","guid":{"rendered":"https:\/\/www.amchambaq.com\/?p=10223"},"modified":"2022-12-02T14:41:44","modified_gmt":"2022-12-02T19:41:44","slug":"concejo-distrital-aprueba-politica-publica-de-bilinguismo-para-ejecutar-durante-los-proximos-8-anos","status":"publish","type":"post","link":"https:\/\/www.amchambaq.com\/es_co\/concejo-distrital-aprueba-politica-publica-de-bilinguismo-para-ejecutar-durante-los-proximos-8-anos\/","title":{"rendered":"Concejo Distrital aprueba Pol\u00edtica P\u00fablica de Biling\u00fcismo, para ejecutar durante los pr\u00f3ximos 8 a\u00f1os"},"content":{"rendered":"<p>La primera generaci\u00f3n biling\u00fce de Barranquilla se est\u00e1 formando en los colegios oficiales de la ciudad y, a partir de ahora, quedar\u00e1 garantizada la continuidad de su proceso formativo luego de que el Concejo Distrital de Barranquilla aprobara el proyecto de crear la Pol\u00edtica P\u00fablica de Biling\u00fcismo en la ciudad, permitiendo instaurar el plan a 8 a\u00f1os \u2013a partir del 2023\u2013\u00a0 en todas las instituciones educativas distritales.<\/p>\n<p>Directivos, maestros, docentes de ingl\u00e9s y estudiantes celebraron la noticia, tras acompa\u00f1ar a la secretaria de Educaci\u00f3n, Bibiana Rinc\u00f3n, en la cita en el Concejo, donde expuso el proyecto, este viernes, en segundo debate.<\/p>\n<p>Durante la plenaria, la comunidad educativa hizo presencia ratificando su compromiso a trav\u00e9s de mensajes que acompa\u00f1aron la intervenci\u00f3n de la funcionaria; donde tambi\u00e9n se autoriz\u00f3 la asignaci\u00f3n del presupuesto de vigencias futuras en el desarrollo del proyecto de biling\u00fcismo en el periodo 2023-2030, es decir, durante los pr\u00f3ximos a\u00f1os se garantizar\u00e1n los recursos para la ense\u00f1anza y el aprendizaje del ingl\u00e9s en estudiantes, maestros y directivos de las 154 IED.<\/p>\n<p>\u201cEl d\u00eda de hoy marca un hito hist\u00f3rico en la educaci\u00f3n p\u00fablica de la ciudad. Hoy vemos que se vuelve realidad el anhelo de ver que de las instituciones p\u00fablicas de Barranquilla saldr\u00e1n j\u00f3venes hablando ingl\u00e9s; ser\u00e1n biling\u00fces y tendr\u00e1n la mejor herramienta para luchar por sus sue\u00f1os. Con la aprobaci\u00f3n de esta pol\u00edtica p\u00fablica estamos reafirmando que s\u00ed se puede so\u00f1ar en grande y que nuestra ciudad, desde esta generaci\u00f3n, est\u00e1 lista para conectarse m\u00e1s al mundo. Ya vemos el resultado de nuestro trabajo a trav\u00e9s de los ni\u00f1os y j\u00f3venes que se proyectan,\u00a0 y esto es posible gracias a aliados como el British Council, la Universidad del Norte y el ITSA, y se mantendr\u00e1 en el tiempo tras esta aprobaci\u00f3n del Concejo Distrital, impactando a toda\u00a0 nuestra poblaci\u00f3n\u201d, expres\u00f3 el alcalde Jaime Pumarejo.<\/p>\n<p>Los estudiantes Mariana Pedroza, de la instituci\u00f3n Betania Norte; Natasha P\u00e1ez, de la IED Sof\u00eda Camargo y Luis Axel, de la IED Las Nieves; adem\u00e1s de los docentes Guadalupe Fern\u00e1ndez y Breiner Saleth fueron la voz en representaci\u00f3n de todos los ni\u00f1os, j\u00f3venes y maestros de colegios p\u00fablicos frente al Concejo, donde reafirmaron la relevancia y el valor de \u2018Soy Biling\u00fce\u2019 como un derecho de todos y no como un privilegio.<\/p>\n<p>La secretaria de Educaci\u00f3n, Bibiana Rinc\u00f3n, realiz\u00f3 la presentaci\u00f3n y sustentaci\u00f3n del programa \u2018Soy Biling\u00fce\u2019 a 8 a\u00f1os frente a los miembros de la corporaci\u00f3n. La jefa de la dependencia educativa argument\u00f3 la propuesta del proyecto, enfatizando que \u201clos ni\u00f1os en edades tempranas son mejores aprendices de idiomas que en edades posteriores. Adem\u00e1s, la inversi\u00f3n en biling\u00fcismo ha estado concentrada hist\u00f3ricamente solo en secundaria y media. Por eso Barranquilla ha sido pionera y referente en el programa, brindando un valor agregado con la formaci\u00f3n en ingl\u00e9s desde transici\u00f3n y primaria, y un plan a largo plazo para dejar capacidad instalada\u201d.<\/p>\n<p>La consecuci\u00f3n de esta gran apuesta se realizar\u00e1 a trav\u00e9s de un convenio con el Consejo Brit\u00e1nico como aliado, para la construcci\u00f3n de un curr\u00edculo integrado en la ense\u00f1anza del ingl\u00e9s, as\u00ed como el acompa\u00f1amiento en la formaci\u00f3n de estudiantes y docentes. Se inici\u00f3 con un estudio prospectivo del biling\u00fcismo en Barranquilla con el British Council y la Universidad de los Andes; y con base en el diagn\u00f3stico se identific\u00f3 una l\u00ednea gu\u00eda para la construcci\u00f3n de acciones estrat\u00e9gicas y de impacto enmarcadas en la pol\u00edtica p\u00fablica.<\/p>\n<p>El proyecto a 8 a\u00f1os est\u00e1 enmarcado en 4 l\u00edneas estrat\u00e9gicas: formaci\u00f3n a docentes, formaci\u00f3n en estudiantes, diagn\u00f3stico y seguimiento, y dotaci\u00f3n y mentores de biling\u00fcismo. La proyecci\u00f3n de impacto cada a\u00f1o contempla m\u00e1s de 85.000 estudiantes con formaci\u00f3n en ingl\u00e9s, pruebas diagn\u00f3stico para estudiantes, y consultores acad\u00e9micos. As\u00ed como la formaci\u00f3n e impacto anual a 2.000 directivos docentes y profesores en did\u00e1ctica para la ense\u00f1anza de ingl\u00e9s, curso de ingl\u00e9s, y esquema de desarrollo profesional continuo.<\/p>\n<p>El Distrito le apuesta a la revoluci\u00f3n educativa de su ciudad a trav\u00e9s del fortalecimiento y desarrollo de competencias comunicativas en ingl\u00e9s, y busca que Barranquilla sea una ciudad l\u00edder en biling\u00fcismo, cerrando brechas de capital humano y permitiendo el desarrollo social y econ\u00f3mico de la ciudad, para brindar m\u00e1s y mejores oportunidades a sus ciudadanos.<\/p>\n<p><strong>Avances del programa Soy Biling\u00fce<\/strong><\/p>\n<p>Desde el a\u00f1o 2020, la Administraci\u00f3n distrital, bajo el liderazgo del alcalde Jaime Pumarejo, ha venido trabajando en esta gran apuesta, que a 2022 alcanz\u00f3 la cobertura de 121 IED. En el 2023 llegar\u00e1 al 100% de colegios oficiales de la ciudad (154).<\/p>\n<p>A trav\u00e9s del programa Soy Biling\u00fce se ha logrado un impacto integral con 3 enfoques claves: la formaci\u00f3n de estudiantes, formaci\u00f3n y fortalecimiento de procesos pedag\u00f3gicos de docentes y la implementaci\u00f3n de acciones para la construcci\u00f3n de ecosistemas biling\u00fces. A la fecha, en los 3 a\u00f1os de implementaci\u00f3n, son 95.000 estudiantes beneficiados con el aprendizaje de la lengua extranjera y 2.000 docentes y directivos quienes se est\u00e1n formando en lengua y did\u00e1ctica para la ense\u00f1anza del ingl\u00e9s.<\/p>\n<p>Barranquilla adem\u00e1s realiz\u00f3 la entrega en 2022 de m\u00e1s de 80,000 recursos did\u00e1cticos y material en ingl\u00e9s al 100% de IED para apoyar los procesos de ense\u00f1anza aprendizaje del idioma. Adicionalmente, puso a disposici\u00f3n de toda la comunidad educativa el banco de recursos digital \u201821st Century Kids\u2019 que cuenta con herramientas de ense\u00f1anza y aprendizaje del ingl\u00e9s, contextualizada en el entorno local de la ciudad.<\/p>\n<p>La capital del Atl\u00e1ntico sigue expandiendo sus fronteras a trav\u00e9s de la educaci\u00f3n, formando a la primera generaci\u00f3n con conocimiento y dominio de una lengua extranjera, que asegura que en Barranquilla se habla ingl\u00e9s.<\/p>\n<p>Tomado de: ALCALD\u00cdA DE BARRANQUILLA<\/p>\n","protected":false},"excerpt":{"rendered":"<p>La primera generaci\u00f3n biling\u00fce de Barranquilla se est\u00e1 formando en los colegios oficiales de la ciudad y, a partir de ahora, quedar\u00e1 garantizada la continuidad de su proceso formativo luego de que el Concejo Distrital de Barranquilla aprobara el proyecto de crear la Pol\u00edtica P\u00fablica de Biling\u00fcismo en la ciudad, permitiendo instaurar el plan a<\/p>\n","protected":false},"author":1,"featured_media":10224,"comment_status":"closed","ping_status":"closed","sticky":false,"template":"","format":"standard","meta":{"footnotes":""},"categories":[342,181],"tags":[],"class_list":["post-10223","post","type-post","status-publish","format-standard","has-post-thumbnail","hentry","category-news","category-noticias"],"views":125,"_links":{"self":[{"href":"https:\/\/www.amchambaq.com\/es_co\/wp-json\/wp\/v2\/posts\/10223","targetHints":{"allow":["GET"]}}],"collection":[{"href":"https:\/\/www.amchambaq.com\/es_co\/wp-json\/wp\/v2\/posts"}],"about":[{"href":"https:\/\/www.amchambaq.com\/es_co\/wp-json\/wp\/v2\/types\/post"}],"author":[{"embeddable":true,"href":"https:\/\/www.amchambaq.com\/es_co\/wp-json\/wp\/v2\/users\/1"}],"replies":[{"embeddable":true,"href":"https:\/\/www.amchambaq.com\/es_co\/wp-json\/wp\/v2\/comments?post=10223"}],"version-history":[{"count":1,"href":"https:\/\/www.amchambaq.com\/es_co\/wp-json\/wp\/v2\/posts\/10223\/revisions"}],"predecessor-version":[{"id":10225,"href":"https:\/\/www.amchambaq.com\/es_co\/wp-json\/wp\/v2\/posts\/10223\/revisions\/10225"}],"wp:featuredmedia":[{"embeddable":true,"href":"https:\/\/www.amchambaq.com\/es_co\/wp-json\/wp\/v2\/media\/10224"}],"wp:attachment":[{"href":"https:\/\/www.amchambaq.com\/es_co\/wp-json\/wp\/v2\/media?parent=10223"}],"wp:term":[{"taxonomy":"category","embeddable":true,"href":"https:\/\/www.amchambaq.com\/es_co\/wp-json\/wp\/v2\/categories?post=10223"},{"taxonomy":"post_tag","embeddable":true,"href":"https:\/\/www.amchambaq.com\/es_co\/wp-json\/wp\/v2\/tags?post=10223"}],"curies":[{"name":"wp","href":"https:\/\/api.w.org\/{rel}","templated":true}]}}