{"id":10172,"date":"2022-11-21T08:27:13","date_gmt":"2022-11-21T13:27:13","guid":{"rendered":"https:\/\/www.amchambaq.com\/?p=10172"},"modified":"2022-11-21T08:27:13","modified_gmt":"2022-11-21T13:27:13","slug":"negociacion-del-salario-minimo-comienza-en-firme-el-30-de-noviembre","status":"publish","type":"post","link":"https:\/\/www.amchambaq.com\/es_co\/negociacion-del-salario-minimo-comienza-en-firme-el-30-de-noviembre\/","title":{"rendered":"Negociaci\u00f3n del salario m\u00ednimo comienza en firme el 30 de noviembre"},"content":{"rendered":"<div id=\"body\" class=\"content-article size-m\">\n<p>La negociaci\u00f3n del aumento que tendr\u00e1 el salario m\u00ednimo para el pr\u00f3ximo a\u00f1o comenzar\u00e1 en firme en la Comisi\u00f3n Permanente de Concertaci\u00f3n de Pol\u00edticas Salariales y Laborales (CPCPSL), el pr\u00f3ximo mi\u00e9rcoles 30 de noviembre asegur\u00f3 la ministra de Trabajo,\u00a0<strong>Gloria In\u00e9s Ram\u00edrez<\/strong>.<\/p>\n<\/div>\n<div id=\"paragraphs\" class=\"content-article paragraphs size-m\">\n<div class=\"field-collection-container clearfix\">\n<div class=\"field field-name-field-contenido-articulos-2 field-type-field-collection field-label-hidden\">\n<div class=\"field-item even\">\n<div class=\"field-collection-view clearfix view-mode-full field-collection-view-final\">\n<div class=\"content\">\n<div class=\"paragraphs-items paragraphs-items-field-campos paragraphs-items-field-campos-full paragraphs-items-full\">\n<div class=\"field field-name-field-campos field-type-paragraphs field-label-hidden\">\n<div class=\"field-item even\">\n<div id=\"relacionado-body\">\n<div class=\"box-title\">\n<p>Se espera que el aumento del m\u00ednimo para 2023, est\u00e9 en un rango de entre 12 % y 15 %, teniendo en cuenta que la inflaci\u00f3n anual a octubre es de 12,22 % y la del a\u00f1o corrido es de 10,86 %. La proyecci\u00f3n es que<strong>\u00a0la inflaci\u00f3n<\/strong>\u00a0a cierre de 2022 estar\u00eda en un 11 %.<\/p>\n<p>\u201cHay factores externos adversos, pero el salario m\u00ednimo tiene un procedimiento, la mesa de concertaci\u00f3n ser\u00e1 el 30 de noviembre que es el d\u00eda que da la ley para construir las medidas de productividad.\u00a0El 5 y 6 de diciembre, se entregar\u00e1n<strong>\u00a0las cifras<\/strong>\u201d, dijo la ministra.<\/p>\n<p>El dato de la productividad es un par\u00e1metro b\u00e1sico para definir el ajuste del salario m\u00ednimo para el pr\u00f3ximo a\u00f1o, al igual que el de\u00a0<strong>\u00cdndice de Precios al Consumo\u00a0<\/strong>(IPC) total nacional a\u00f1o corrido y anual; el Producto Interno Bruto (PIB) y la proyecci\u00f3n de la inflaci\u00f3n para el periodo de negociaci\u00f3n y el siguiente a\u00f1o.<\/p>\n<div class=\"field-item odd\">\n<div class=\"entity entity-paragraphs-item paragraphs-item-descripcion\">\n<div class=\"content\">\n<div class=\"field field-name-field-descripcion field-type-text-long field-label-hidden\">\n<div class=\"field-items\">\n<div class=\"field-item even\">\n<p>La productividad es una medida de qu\u00e9 tan eficientemente se combinaron los factores trabajo y capital para producir valor econ\u00f3mico en un a\u00f1o. Una alta productividad implica que se logra producir un nivel m\u00e1s alto de valor econ\u00f3mico con menor intensidad de uso de trabajo o capital.<\/p>\n<p>La ministra Ram\u00edrez sostuvo que la decisi\u00f3n que se adopte favorecer\u00e1 a la mayor\u00eda de los trabajadores colombianos y proteger\u00e1 el poder adquisitivo del salario m\u00ednimo.<\/p>\n<p>Cabe recordar que la comisi\u00f3n es el espacio tripartito del cual hacen parte representantes del\u00a0<strong>Gobierno<\/strong>, gremios y centrales sindicales.<\/p>\n<\/div>\n<\/div>\n<\/div>\n<\/div>\n<\/div>\n<\/div>\n<div class=\"field-item even\">\n<div class=\"shares\">El siguiente es el cronograma de la concertaci\u00f3n:<\/div>\n<\/div>\n<div class=\"field-item odd\">\n<div class=\"entity entity-paragraphs-item paragraphs-item-descripcion\">\n<div class=\"content\">\n<div class=\"field field-name-field-descripcion field-type-text-long field-label-hidden\">\n<div class=\"field-items\">\n<div class=\"field-item even\">\n<p><strong>30\u00a0de\u00a0noviembre y 1\u00a0de\u00a0diciembre<\/strong><\/p>\n<p>Reuni\u00f3n\u00a0de\u00a0la Subdirecci\u00f3n\u00a0de\u00a0Productividad.<\/p>\n<p><strong>5 de\u00a0diciembre<\/strong><\/p>\n<p>Se instala Mesa\u00a0de\u00a0Concertaci\u00f3n del salario\u00a0m\u00ednimo\u00a0de\u00a02023.<\/p>\n<p><strong>6\u00a0de\u00a0diciembre<\/strong><\/p>\n<p>Sesi\u00f3n\u00a0de\u00a0la\u00a0Mesa\u00a0de\u00a0concertaci\u00f3n\u00a09\u00a0de\u00a0diciembre,\u00a0presentaci\u00f3n\u00a0de\u00a0ofertas\u00a0para\u00a0el\u00a0incremento\u00a0del\u00a0salario\u00a0\u00a0m\u00ednimo\u00a0del\u00a02023.<\/p>\n<p><strong>12,\u00a013,\u00a014\u00a0y\u00a015\u00a0de\u00a0diciembre<\/strong><\/p>\n<p>Jornadas\u00a0de\u00a0discusi\u00f3n\u00a0y\u00a0concertaci\u00f3n\u00a0del\u00a0salario\u00a0m\u00ednimo\u00a0del\u00a0pr\u00f3ximo a\u00f1o.<\/p>\n<p><strong>15\u00a0de\u00a0diciembre<\/strong><\/p>\n<p>Primer\u00a0vencimiento\u00a0legal\u00a0para\u00a0concertaci\u00f3n\u00a0del\u00a0salario\u00a0m\u00ednimo\u00a0de\u00a02023.<\/p>\n<p><strong>19\u00a0de\u00a0diciembre<\/strong><\/p>\n<p>Presentaci\u00f3n\u00a0del\u00a0escrito\u00a0de\u00a0salvedades\u00a0de\u00a0las\u00a0partes.<\/p>\n<p><strong>22\u00a0de\u00a0diciembre<\/strong><\/p>\n<p>Sesi\u00f3n\u00a0de\u00a0la\u00a0Comisi\u00f3n\u00a0de\u00a0Concertaci\u00f3n\u00a0para\u00a0estudio\u00a0de\u00a0salvedades.<\/p>\n<p><strong>30\u00a0de\u00a0diciembre<\/strong><\/p>\n<p>Fecha\u00a0l\u00edmite\u00a0expedici\u00f3n\u00a0del\u00a0decreto\u00a0de\u00a0salario\u00a0m\u00ednimo.<\/p>\n<p>Tomado de: EL HERALDO<\/p>\n<\/div>\n<\/div>\n<\/div>\n<\/div>\n<\/div>\n<\/div>\n<\/div>\n<\/div>\n<\/div>\n<\/div>\n<\/div>\n<\/div>\n<\/div>\n<\/div>\n<\/div>\n<\/div>\n<\/div>\n","protected":false},"excerpt":{"rendered":"<p>La negociaci\u00f3n del aumento que tendr\u00e1 el salario m\u00ednimo para el pr\u00f3ximo a\u00f1o comenzar\u00e1 en firme en la Comisi\u00f3n Permanente de Concertaci\u00f3n de Pol\u00edticas Salariales y Laborales (CPCPSL), el pr\u00f3ximo mi\u00e9rcoles 30 de noviembre asegur\u00f3 la ministra de Trabajo,\u00a0Gloria In\u00e9s Ram\u00edrez. Se espera que el aumento del m\u00ednimo para 2023, est\u00e9 en un rango de<\/p>\n","protected":false},"author":1,"featured_media":10173,"comment_status":"closed","ping_status":"closed","sticky":false,"template":"","format":"standard","meta":{"footnotes":""},"categories":[342,181],"tags":[],"class_list":["post-10172","post","type-post","status-publish","format-standard","has-post-thumbnail","hentry","category-news","category-noticias"],"views":115,"_links":{"self":[{"href":"https:\/\/www.amchambaq.com\/es_co\/wp-json\/wp\/v2\/posts\/10172","targetHints":{"allow":["GET"]}}],"collection":[{"href":"https:\/\/www.amchambaq.com\/es_co\/wp-json\/wp\/v2\/posts"}],"about":[{"href":"https:\/\/www.amchambaq.com\/es_co\/wp-json\/wp\/v2\/types\/post"}],"author":[{"embeddable":true,"href":"https:\/\/www.amchambaq.com\/es_co\/wp-json\/wp\/v2\/users\/1"}],"replies":[{"embeddable":true,"href":"https:\/\/www.amchambaq.com\/es_co\/wp-json\/wp\/v2\/comments?post=10172"}],"version-history":[{"count":1,"href":"https:\/\/www.amchambaq.com\/es_co\/wp-json\/wp\/v2\/posts\/10172\/revisions"}],"predecessor-version":[{"id":10174,"href":"https:\/\/www.amchambaq.com\/es_co\/wp-json\/wp\/v2\/posts\/10172\/revisions\/10174"}],"wp:featuredmedia":[{"embeddable":true,"href":"https:\/\/www.amchambaq.com\/es_co\/wp-json\/wp\/v2\/media\/10173"}],"wp:attachment":[{"href":"https:\/\/www.amchambaq.com\/es_co\/wp-json\/wp\/v2\/media?parent=10172"}],"wp:term":[{"taxonomy":"category","embeddable":true,"href":"https:\/\/www.amchambaq.com\/es_co\/wp-json\/wp\/v2\/categories?post=10172"},{"taxonomy":"post_tag","embeddable":true,"href":"https:\/\/www.amchambaq.com\/es_co\/wp-json\/wp\/v2\/tags?post=10172"}],"curies":[{"name":"wp","href":"https:\/\/api.w.org\/{rel}","templated":true}]}}