{"id":10118,"date":"2022-10-31T09:09:30","date_gmt":"2022-10-31T14:09:30","guid":{"rendered":"https:\/\/www.amchambaq.com\/?p=10118"},"modified":"2022-10-31T09:09:30","modified_gmt":"2022-10-31T14:09:30","slug":"hay-que-tramitar-con-responsabilidad-la-tributaria-amcham-colombia","status":"publish","type":"post","link":"https:\/\/www.amchambaq.com\/es_co\/hay-que-tramitar-con-responsabilidad-la-tributaria-amcham-colombia\/","title":{"rendered":"Hay que tramitar con responsabilidad la tributaria: AmCham Colombia"},"content":{"rendered":"<p>Tramitar con responsabilidad el proyecto de ley de\u00a0<strong>reforma tributaria<\/strong>, es el llamado que realiza la\u00a0<strong>C\u00e1mara de Comercio Colombo Americana (AmCham Colombia)<\/strong>\u00a0a las plenarias de\u00a0<strong>Senado\u00a0<\/strong>y\u00a0<strong>C\u00e1mara<\/strong>.<\/p>\n<p>\u201cHacemos un llamado a las plenarias de Senado y C\u00e1mara de Representantes a que se d\u00e9 una discusi\u00f3n responsable, sin afanes y a conciencia de las\u00a0<strong>implicaciones\u00a0<\/strong>que las medidas traer\u00e1n para el pa\u00eds\u201d, sostuvo\u00a0<strong>Maria Claudia Lacouture<\/strong>, presidenta de AmCham Colombia<\/p>\n<p>Agreg\u00f3 que el contexto econ\u00f3mico nacional e internacional ha venido cambiando, por ende, los colombianos ya enfrentan las consecuencias de una alta inflaci\u00f3n, de un d\u00f3lar alto y comienza a verse una reducci\u00f3n en el consumo de los\u00a0<strong>hogares\u00a0<\/strong>en productos de primera necesidad.<\/p>\n<p>\u201cDestacamos la permanente disposici\u00f3n al\u00a0<strong>di\u00e1logo\u00a0<\/strong>y escucha por parte del\u00a0<strong>Ministro de<\/strong>\u00a0<strong>Hacienda\u00a0<\/strong>y su equipo en la construcci\u00f3n de propuestas para que el proyecto de reforma tributaria que entrar\u00e1 en su recta final logre los objetivos de recaudo sin afectar la capacidad del tejido empresarial de generar empleo y desarrollo en beneficio de todos los colombianos\u201d, puntualiz\u00f3 Lacouture.<\/p>\n<p>La\u00a0<strong>dirigente\u00a0<\/strong><strong>gremial\u00a0<\/strong>insisti\u00f3 que la manera de reducir el impacto y generar recursos para todos es mediante la generaci\u00f3n de empleo forma, y para ello se necesita un tejido empresarial robusto y con condiciones para su crecimiento.<\/p>\n<p>\u201cUna\u00a0<strong>desproporcionada\u00a0<\/strong>alza de impuestos, cambio en las reglas de juego para inversionistas y\u00a0<strong>zonas francas<\/strong>, modificaciones al\u00a0<strong>TLC\u00a0<\/strong>aumentando costos de env\u00edos desde\u00a0<strong>Estados<\/strong>\u00a0<strong>Unidos\u00a0<\/strong>o el incremento de costos en alimentos o suplementos alimenticios que ya se han visto afectados por el mayor costo de vida afectar\u00e1 directa e indirectamente a todos los colombianos\u201d, dijo Lacouture.<\/p>\n<p>Por \u00faltimo, indic\u00f3 que el sector privado reafirma su compromiso con el pa\u00eds y la disposici\u00f3n al di\u00e1logo con\u00a0<strong>Gobierno\u00a0<\/strong>y\u00a0<strong>congresistas\u00a0<\/strong>para que se tomen las medidas en la l\u00ednea correcta y que permita enfrentar la coyuntura por la que se\u00a0<strong>atraviesa\u00a0<\/strong>sin desconocer las necesidades sociales que tiene el pa\u00eds.<\/p>\n<div class=\"teads-inread teads-display sm-screen rs_preserve rs_skip\">\n<div>\n<div class=\"teads-ui-components-adchoices\"><\/div>\n<\/div>\n<\/div>\n","protected":false},"excerpt":{"rendered":"<p>Tramitar con responsabilidad el proyecto de ley de\u00a0reforma tributaria, es el llamado que realiza la\u00a0C\u00e1mara de Comercio Colombo Americana (AmCham Colombia)\u00a0a las plenarias de\u00a0Senado\u00a0y\u00a0C\u00e1mara. \u201cHacemos un llamado a las plenarias de Senado y C\u00e1mara de Representantes a que se d\u00e9 una discusi\u00f3n responsable, sin afanes y a conciencia de las\u00a0implicaciones\u00a0que las medidas traer\u00e1n para el<\/p>\n","protected":false},"author":1,"featured_media":10119,"comment_status":"closed","ping_status":"closed","sticky":false,"template":"","format":"standard","meta":{"footnotes":""},"categories":[181],"tags":[],"class_list":["post-10118","post","type-post","status-publish","format-standard","has-post-thumbnail","hentry","category-noticias"],"views":108,"_links":{"self":[{"href":"https:\/\/www.amchambaq.com\/es_co\/wp-json\/wp\/v2\/posts\/10118","targetHints":{"allow":["GET"]}}],"collection":[{"href":"https:\/\/www.amchambaq.com\/es_co\/wp-json\/wp\/v2\/posts"}],"about":[{"href":"https:\/\/www.amchambaq.com\/es_co\/wp-json\/wp\/v2\/types\/post"}],"author":[{"embeddable":true,"href":"https:\/\/www.amchambaq.com\/es_co\/wp-json\/wp\/v2\/users\/1"}],"replies":[{"embeddable":true,"href":"https:\/\/www.amchambaq.com\/es_co\/wp-json\/wp\/v2\/comments?post=10118"}],"version-history":[{"count":1,"href":"https:\/\/www.amchambaq.com\/es_co\/wp-json\/wp\/v2\/posts\/10118\/revisions"}],"predecessor-version":[{"id":10120,"href":"https:\/\/www.amchambaq.com\/es_co\/wp-json\/wp\/v2\/posts\/10118\/revisions\/10120"}],"wp:featuredmedia":[{"embeddable":true,"href":"https:\/\/www.amchambaq.com\/es_co\/wp-json\/wp\/v2\/media\/10119"}],"wp:attachment":[{"href":"https:\/\/www.amchambaq.com\/es_co\/wp-json\/wp\/v2\/media?parent=10118"}],"wp:term":[{"taxonomy":"category","embeddable":true,"href":"https:\/\/www.amchambaq.com\/es_co\/wp-json\/wp\/v2\/categories?post=10118"},{"taxonomy":"post_tag","embeddable":true,"href":"https:\/\/www.amchambaq.com\/es_co\/wp-json\/wp\/v2\/tags?post=10118"}],"curies":[{"name":"wp","href":"https:\/\/api.w.org\/{rel}","templated":true}]}}