{"id":10104,"date":"2022-10-25T09:06:31","date_gmt":"2022-10-25T14:06:31","guid":{"rendered":"https:\/\/www.amchambaq.com\/?p=10104"},"modified":"2022-10-25T09:06:31","modified_gmt":"2022-10-25T14:06:31","slug":"la-reforma-tributaria-debilitaria-el-crecimiento-del-pais-aliadas","status":"publish","type":"post","link":"https:\/\/www.amchambaq.com\/es_co\/la-reforma-tributaria-debilitaria-el-crecimiento-del-pais-aliadas\/","title":{"rendered":"La reforma tributaria debilitar\u00eda el crecimiento del pa\u00eds: Aliadas"},"content":{"rendered":"<p>La reforma tributaria como se est\u00e1 presentando, si bien es progresista, debilitar\u00eda el crecimiento del pa\u00eds asegur\u00f3 la presidente de la alianza Aliadas, Mar\u00eda Claudia Lacouture.<\/p>\n<p>\u201cEso no quiere decir que un fisco bueno, de m\u00faltiples fuentes genera una desestimulaci\u00f3n en el tejido econ\u00f3mico de Colombia\u201d, dijo la dirigente gremial en el marco de una rueda de prensa realizada al cumplirse el primer aniversario de la alianza.<\/p>\n<p>Destac\u00f3 que cada una de las fuentes que se est\u00e1n proponiendo en la reforma tributaria son, de alguna u otra forma, negativas para el tejido empresarial que, adicionalmente, siguen siendo el mismo el que est\u00e1 tributando.<\/p>\n<p>&#8220;Si queremos que Colombia progrese, que haya cada vez m\u00e1s acciones que permitan construir y generar progreso en Colombia se necesita generar empleo y se da a trav\u00e9s del esfuerzo que hace el tejido empresarial\u201d, dijo.<\/p>\n<p>La alianza de la que hacen parte 38 afiliados que representan alrededor de 7.000 empresas y genera 5 millones de empleos en el pa\u00eds, hizo un llamado un llamado al Gobierno Nacional en seguir construyendo un desarrollo econ\u00f3mico que permita la participaci\u00f3n conjunta.<\/p>\n<p>&#8220;Desde Aliadas hemos hecho un llamado a buscar ese consenso y equilibrio, que realmente tengamos en cuenta el contexto en que estamos. No se puede trabajar en contra del crecimiento, se tiene que buscar c\u00f3mo fortalecerlo&#8221;, agreg\u00f3 Lacouture.<\/p>\n<p>Record\u00f3 que la demanda ha disminuido por cuenta de costos de fletes, asimismo, la alta inflaci\u00f3n y el nerviosismo de recesi\u00f3n han influido. \u201cEl llamado es a buscar herramientas de facilitaci\u00f3n de comercio\u201d, detall\u00f3.<\/p>\n<p>\u201cLa alianza ha levantado la mano para llamar la atenci\u00f3n sobre los riesgos de aprobar una reforma tributaria recesiva que castiga al sector productivo, que la salud sufra una fuerte involuci\u00f3n eliminando de tajo la experiencia y el provecho de un sistema de 30 a\u00f1os, que el sistema laboral y de pensiones se altere poniendo en riesgo la posibilidad de crear nuevos puestos de trabajo; que una pol\u00edtica energ\u00e9tica que acabe con los ingresos del pa\u00eds que permite apoyar a los colombianos la joya de la corona de empresa nacional: Ecopetrol y al afectar los ingresos provenientes del sector minero energ\u00e9tico se desfinancien importantes iniciativas sociales que benefician a la poblaci\u00f3n m\u00e1s vulnerable\u201d, se\u00f1alan en un pronunciamiento.<\/p>\n<p>Afirman que comparten el prop\u00f3sito del Gobierno de avanzar hacia una transici\u00f3n energ\u00e9tica, pero ha advertido que debe hacerse de forma gradual, justa y segura mientras comiencen a generarse los recursos provenientes de nuevas actividades y sin perder las rentas de la econom\u00eda extractiva esenciales para responder ante las necesidades de la poblaci\u00f3n m\u00e1s vulnerable. Adicionalmente, no se puede perder el conocimiento, la innovaci\u00f3n que se ha venido trabajando en estos sectores que pueden aportar de forma importante en la transici\u00f3n.<\/p>\n","protected":false},"excerpt":{"rendered":"<p>La reforma tributaria como se est\u00e1 presentando, si bien es progresista, debilitar\u00eda el crecimiento del pa\u00eds asegur\u00f3 la presidente de la alianza Aliadas, Mar\u00eda Claudia Lacouture. \u201cEso no quiere decir que un fisco bueno, de m\u00faltiples fuentes genera una desestimulaci\u00f3n en el tejido econ\u00f3mico de Colombia\u201d, dijo la dirigente gremial en el marco de una<\/p>\n","protected":false},"author":1,"featured_media":10105,"comment_status":"closed","ping_status":"closed","sticky":false,"template":"","format":"standard","meta":{"footnotes":""},"categories":[181],"tags":[],"class_list":["post-10104","post","type-post","status-publish","format-standard","has-post-thumbnail","hentry","category-noticias"],"views":49,"_links":{"self":[{"href":"https:\/\/www.amchambaq.com\/es_co\/wp-json\/wp\/v2\/posts\/10104","targetHints":{"allow":["GET"]}}],"collection":[{"href":"https:\/\/www.amchambaq.com\/es_co\/wp-json\/wp\/v2\/posts"}],"about":[{"href":"https:\/\/www.amchambaq.com\/es_co\/wp-json\/wp\/v2\/types\/post"}],"author":[{"embeddable":true,"href":"https:\/\/www.amchambaq.com\/es_co\/wp-json\/wp\/v2\/users\/1"}],"replies":[{"embeddable":true,"href":"https:\/\/www.amchambaq.com\/es_co\/wp-json\/wp\/v2\/comments?post=10104"}],"version-history":[{"count":1,"href":"https:\/\/www.amchambaq.com\/es_co\/wp-json\/wp\/v2\/posts\/10104\/revisions"}],"predecessor-version":[{"id":10106,"href":"https:\/\/www.amchambaq.com\/es_co\/wp-json\/wp\/v2\/posts\/10104\/revisions\/10106"}],"wp:featuredmedia":[{"embeddable":true,"href":"https:\/\/www.amchambaq.com\/es_co\/wp-json\/wp\/v2\/media\/10105"}],"wp:attachment":[{"href":"https:\/\/www.amchambaq.com\/es_co\/wp-json\/wp\/v2\/media?parent=10104"}],"wp:term":[{"taxonomy":"category","embeddable":true,"href":"https:\/\/www.amchambaq.com\/es_co\/wp-json\/wp\/v2\/categories?post=10104"},{"taxonomy":"post_tag","embeddable":true,"href":"https:\/\/www.amchambaq.com\/es_co\/wp-json\/wp\/v2\/tags?post=10104"}],"curies":[{"name":"wp","href":"https:\/\/api.w.org\/{rel}","templated":true}]}}