{"id":10065,"date":"2022-10-12T17:04:32","date_gmt":"2022-10-12T22:04:32","guid":{"rendered":"https:\/\/www.amchambaq.com\/?p=10065"},"modified":"2022-10-12T17:04:32","modified_gmt":"2022-10-12T22:04:32","slug":"barranquilla-es-la-septima-ciudad-mas-competitiva-de-colombia","status":"publish","type":"post","link":"https:\/\/www.amchambaq.com\/es_co\/barranquilla-es-la-septima-ciudad-mas-competitiva-de-colombia\/","title":{"rendered":"Barranquilla es la s\u00e9ptima ciudad m\u00e1s competitiva de Colombia"},"content":{"rendered":"<p>Barranquilla es la s\u00e9ptima ciudad m\u00e1s competitiva del pa\u00eds y la primera de la<strong>\u00a0Costa Caribe<\/strong>\u00a0de acuerdo con los resultados del \u00cdndice de Competitividad de Ciudades (ICC) 2022 elaborado por el Consejo Privado de Competitividad (CPC) y la Universidad del Rosario.<\/p>\n<p>Barranquilla y su \u00e1rea\u00a0<strong>metropolitana\u00a0<\/strong>(incluye solo a Soledad) se mantuvo este a\u00f1o en la s\u00e9ptima posici\u00f3n de la medici\u00f3n entre las 32 ciudad y \u00e1reas analizadas, igual que en 2021, y registr\u00f3 un puntaje de 6 sobre 10.<\/p>\n<p>La lista la lideran Bogot\u00e1 (7.82), Medell\u00edn (6.97) y Tunja (6.41) en los tres primeros lugares.<\/p>\n<p>La ciudad se ubic\u00f3 de tercera en los pilares de sostenibilidad ambiental y sofisticaci\u00f3n y diversificaci\u00f3n.<\/p>\n<p>El mejor desempe\u00f1o lo alcanza en el pilar de sofisticaci\u00f3n y diversificaci\u00f3n en el que registra una calificaci\u00f3n de 9,5 sobre 10.<\/p>\n<p>Se destaca en el pilar de sostenibilidad ambiental en el que ocupa el tercer puesto de la medici\u00f3n.<\/p>\n<p>Los desaf\u00edos m\u00e1s importantes que se identificaron est\u00e1n en los pilares de educaci\u00f3n\u00a0<strong>b\u00e1sica\u00a0<\/strong>y\u00a0<strong>media<\/strong>, y mercado laboral en los que se ubica en las posiciones 20 y 23, respectivamente.<\/p>\n<p>En materia de educaci\u00f3n b\u00e1sica y media, la ciudad registra sus puntajes m\u00e1s bajos en los indicadores de relaci\u00f3n estudiantes-docentes (3,92 sobre 10) e inversi\u00f3n en calidad de la educaci\u00f3n b\u00e1sica y media (3,10).<\/p>\n<p>En cuanto a\u00a0<strong>mercado laboral,<\/strong>\u00a0Barranquilla y su \u00e1rea metropolitana presenta sus mayores brechas en subocupaci\u00f3n (1,90 sobre 10) y empleo vulnerable (3,44).<\/p>\n<p>Frente a 2021, Barranquilla AM conserva su posici\u00f3n en el\u00a0<strong>escalaf\u00f3n<\/strong>, a pesar de experimentar una ca\u00edda en el puntaje general de 0,1 puntos.<\/p>\n<p>En particular, la ciudad\u00a0<strong>registra\u00a0<\/strong>sus mayores ca\u00eddas en puntuaci\u00f3n en los pilares de educaci\u00f3n superior y formaci\u00f3n para el trabajo (0,6 puntos) y sistema financiero (0,8 puntos).<\/p>\n<p>Adem\u00e1s, mejora sustancial el pilar de innovaci\u00f3n (0,5 puntos), debido a su avance en los indicadores que conforman el\u00a0<strong>subpilar\u00a0<\/strong>de registros de propiedad industrial.<\/p>\n<p>El rector de la Universidad del Rosario,\u00a0<strong>Alejandro<\/strong>\u00a0<strong>Cheyne<\/strong>, dijo que los resultados de esta edici\u00f3n son de gran inter\u00e9s, pues la mayor\u00eda corresponde a informaci\u00f3n disponible para 2021, lo que revela la posible senda que siguieron los indicadores econ\u00f3micos y sociales de las ciudades despu\u00e9s de la crisis generada por la pandemia.<\/p>\n<p>Se encuentra que en 2021 se observ\u00f3 una tendencia generalizada de recuperaci\u00f3n en las\u00a0<strong>ciudades<\/strong>, pero no todas lo hicieron al mismo ritmo.<\/p>\n<p>Es as\u00ed como se observa una ampliaci\u00f3n en las brechas de\u00a0<strong>desempe\u00f1o\u00a0<\/strong>entre ciudades en los pilares que guardan una fuerte relaci\u00f3n con la reactivaci\u00f3n econ\u00f3mica.<\/p>\n<p>Entre estos, el pilar de mercado laboral, en el que la diferencia en puntaje entre el mejor y el peor de la medici\u00f3n aument\u00f3 a 5,1 puntos.<\/p>\n<p>Algo similar se present\u00f3 en los pilares de adopci\u00f3n TIC, salud,\u00a0<strong>educaci\u00f3n superior\u00a0<\/strong>y formaci\u00f3n para el trabajo, entorno para los negocios, tama\u00f1o del mercado, entre otros.<\/p>\n<p>\u201cLo anterior, resulta particularmente importante y constituye se\u00f1ales de alerta hacia d\u00f3nde deben\u00a0<strong>dirigirse\u00a0<\/strong>las acciones e iniciativas de los actores locales. Esto con el fin de garantizar una recuperaci\u00f3n total de las econom\u00edas regionales y contribuir al cierre de brechas en materia de desarrollo\u201d, dijo el rector.<\/p>\n<p>Por otra parte, en esta oportunidad, el CPC y la\u00a0<strong>Universidad del Rosario\u00a0<\/strong>quisieron reconocer el esfuerzo de algunas ciudades que se destacaron por su desempe\u00f1o en aspectos clave de la competitividad.<\/p>\n<p>Entre estas las ciudades de\u00a0<strong>Monter\u00eda\u00a0<\/strong>y\u00a0<strong>Villavicencio\u00a0<\/strong>por lograr los\u00a0<strong>mayores<\/strong>\u00a0avances en el ranking general; Tunja por contar con el desempe\u00f1o competitivo m\u00e1s destacado; y la ciudad de Pasto por tener el mejor desempe\u00f1o en educaci\u00f3n b\u00e1sica y media del pa\u00eds.<\/p>\n<p>Finalmente, es importante destacar que, en esta ocasi\u00f3n, se introdujeron ajustes en el ICC 2022 que\u00a0<strong>imposibilitan\u00a0<\/strong>su comparaci\u00f3n con publicaciones de a\u00f1os anteriores.<\/p>\n<p>Los mayores cambios se generaron en el pilar de mercado\u00a0<strong>laboral<\/strong>, a partir de las nuevas estad\u00edsticas laborales que ofrece la Gran Encuesta Integrada de Hogares del DANE, que incorpora a partir de 2021 el marco censal de 2018. Adicionalmente, se realizaron ajustes en algunos indicadores, como resultado del proceso de mejora continua de la medici\u00f3n.<\/p>\n<p>Tomado de: EL HERALDO<\/p>\n","protected":false},"excerpt":{"rendered":"<p>Barranquilla es la s\u00e9ptima ciudad m\u00e1s competitiva del pa\u00eds y la primera de la\u00a0Costa Caribe\u00a0de acuerdo con los resultados del \u00cdndice de Competitividad de Ciudades (ICC) 2022 elaborado por el Consejo Privado de Competitividad (CPC) y la Universidad del Rosario. Barranquilla y su \u00e1rea\u00a0metropolitana\u00a0(incluye solo a Soledad) se mantuvo este a\u00f1o en la s\u00e9ptima posici\u00f3n<\/p>\n","protected":false},"author":1,"featured_media":10066,"comment_status":"closed","ping_status":"closed","sticky":false,"template":"","format":"standard","meta":{"footnotes":""},"categories":[181],"tags":[],"class_list":["post-10065","post","type-post","status-publish","format-standard","has-post-thumbnail","hentry","category-noticias"],"views":85,"_links":{"self":[{"href":"https:\/\/www.amchambaq.com\/es_co\/wp-json\/wp\/v2\/posts\/10065","targetHints":{"allow":["GET"]}}],"collection":[{"href":"https:\/\/www.amchambaq.com\/es_co\/wp-json\/wp\/v2\/posts"}],"about":[{"href":"https:\/\/www.amchambaq.com\/es_co\/wp-json\/wp\/v2\/types\/post"}],"author":[{"embeddable":true,"href":"https:\/\/www.amchambaq.com\/es_co\/wp-json\/wp\/v2\/users\/1"}],"replies":[{"embeddable":true,"href":"https:\/\/www.amchambaq.com\/es_co\/wp-json\/wp\/v2\/comments?post=10065"}],"version-history":[{"count":1,"href":"https:\/\/www.amchambaq.com\/es_co\/wp-json\/wp\/v2\/posts\/10065\/revisions"}],"predecessor-version":[{"id":10067,"href":"https:\/\/www.amchambaq.com\/es_co\/wp-json\/wp\/v2\/posts\/10065\/revisions\/10067"}],"wp:featuredmedia":[{"embeddable":true,"href":"https:\/\/www.amchambaq.com\/es_co\/wp-json\/wp\/v2\/media\/10066"}],"wp:attachment":[{"href":"https:\/\/www.amchambaq.com\/es_co\/wp-json\/wp\/v2\/media?parent=10065"}],"wp:term":[{"taxonomy":"category","embeddable":true,"href":"https:\/\/www.amchambaq.com\/es_co\/wp-json\/wp\/v2\/categories?post=10065"},{"taxonomy":"post_tag","embeddable":true,"href":"https:\/\/www.amchambaq.com\/es_co\/wp-json\/wp\/v2\/tags?post=10065"}],"curies":[{"name":"wp","href":"https:\/\/api.w.org\/{rel}","templated":true}]}}