{"id":10046,"date":"2022-10-10T15:12:20","date_gmt":"2022-10-10T20:12:20","guid":{"rendered":"https:\/\/www.amchambaq.com\/?p=10046"},"modified":"2022-10-10T15:12:20","modified_gmt":"2022-10-10T20:12:20","slug":"colombia-pidio-a-estados-unidos-que-regrese-a-la-organizacion-internacional-de-cafe","status":"publish","type":"post","link":"https:\/\/www.amchambaq.com\/es_co\/colombia-pidio-a-estados-unidos-que-regrese-a-la-organizacion-internacional-de-cafe\/","title":{"rendered":"Colombia pidi\u00f3 a Estados Unidos que regrese a la organizaci\u00f3n internacional de caf\u00e9"},"content":{"rendered":"<p>En el marco de la reuni\u00f3n anual del Consejo Internacional del Caf\u00e9 (CIC), m\u00e1xima autoridad de la Organizaci\u00f3n Internacional del Caf\u00e9 (OIC),<strong>\u00a0el ministro de Hacienda y Cr\u00e9dito P\u00fablico, Jos\u00e9 Antonio Ocampo, inst\u00f3 a Estados Unidos regresar a la entidad multilateral por ser el principal consumidor de este producto en el mundo.<\/strong><\/p>\n<p>\u201cNo quisiera finalizar sin hacerle un llamado al gobierno de los Estados Unidos, el mayor consumidor del mundo, a reconsiderar la decisi\u00f3n que tom\u00f3 en 2017 de retirarse de la OIC, para que nuevamente se una a este foro de di\u00e1logo p\u00fablico-privado orientado a la superaci\u00f3n la pobreza y la promoci\u00f3n del desarrollo y la prosperidad en las zonas rurales del mundo.\u00a0<strong>Extiendo la misma petici\u00f3n a pa\u00edses productores que se han retirado, en particular a Guatemala y Uganda\u201d<\/strong>, dijo Ocampo en el cierre de su discurso.<\/p>\n<p><strong>Durante el encuentro se firm\u00f3 el Acuerdo Internacional del Caf\u00e9 2022 para eesncontrar nuevas formas de trabajos con todos los actores de la cadena y mejorar las condiciones tanto para el sector privado como el p\u00fablico.<\/strong>\u00a0Una de las metas tambi\u00e9n es la sostenibilidad de esta agroindustria y la inversi\u00f3n de recursos contra el control de plagas y enfermedades.<\/p>\n<p>\u201cComo es un di\u00e1logo entre consumidores y productores, 63% del consumo mundial est\u00e1 sentado en la OIC.\u00a0<strong>Esta entidad trabaja como una organizaci\u00f3n p\u00fablico-privada, el acuerdo que se firm\u00f3 hoy en Bogot\u00e1 tiene varios compromisos para la colaboraci\u00f3n del sector privado, tostadoras, comercializadoras, etc., con el sector p\u00fablico. Todo para mejorar el mercado del caf\u00e9\u201d, dijo Ocampo.<\/strong><\/p>\n<p><strong>El l\u00edder de la cartera de Hacienda asegur\u00f3 que el acuerdo marca el comienzo de una nueva era para exportadores e importadores.<\/strong>\u00a0\u201cJuntos pondr\u00e1n en marcha estrategias para enfrentar los desaf\u00edos de la industria del caf\u00e9, entre los cuales se encuentran la sostenibilidad, la inclusi\u00f3n, la resiliencia mediante la movilizaci\u00f3n de recursos en \u00e1reas como control de plagas y enfermedades, la inocuidad de alimentos, la adaptaci\u00f3n al cambio clim\u00e1tico, el relevo generacional y el mejoramiento de las condiciones sociales y econ\u00f3micas para lograr la prosperidad de las familias productoras\u201d.<\/p>\n<p>Tomado de: AGRONEGOCIOS<\/p>\n","protected":false},"excerpt":{"rendered":"<p>En el marco de la reuni\u00f3n anual del Consejo Internacional del Caf\u00e9 (CIC), m\u00e1xima autoridad de la Organizaci\u00f3n Internacional del Caf\u00e9 (OIC),\u00a0el ministro de Hacienda y Cr\u00e9dito P\u00fablico, Jos\u00e9 Antonio Ocampo, inst\u00f3 a Estados Unidos regresar a la entidad multilateral por ser el principal consumidor de este producto en el mundo. \u201cNo quisiera finalizar sin<\/p>\n","protected":false},"author":1,"featured_media":9746,"comment_status":"closed","ping_status":"closed","sticky":false,"template":"","format":"standard","meta":{"footnotes":""},"categories":[181],"tags":[],"class_list":["post-10046","post","type-post","status-publish","format-standard","has-post-thumbnail","hentry","category-noticias"],"views":72,"_links":{"self":[{"href":"https:\/\/www.amchambaq.com\/es_co\/wp-json\/wp\/v2\/posts\/10046","targetHints":{"allow":["GET"]}}],"collection":[{"href":"https:\/\/www.amchambaq.com\/es_co\/wp-json\/wp\/v2\/posts"}],"about":[{"href":"https:\/\/www.amchambaq.com\/es_co\/wp-json\/wp\/v2\/types\/post"}],"author":[{"embeddable":true,"href":"https:\/\/www.amchambaq.com\/es_co\/wp-json\/wp\/v2\/users\/1"}],"replies":[{"embeddable":true,"href":"https:\/\/www.amchambaq.com\/es_co\/wp-json\/wp\/v2\/comments?post=10046"}],"version-history":[{"count":1,"href":"https:\/\/www.amchambaq.com\/es_co\/wp-json\/wp\/v2\/posts\/10046\/revisions"}],"predecessor-version":[{"id":10047,"href":"https:\/\/www.amchambaq.com\/es_co\/wp-json\/wp\/v2\/posts\/10046\/revisions\/10047"}],"wp:featuredmedia":[{"embeddable":true,"href":"https:\/\/www.amchambaq.com\/es_co\/wp-json\/wp\/v2\/media\/9746"}],"wp:attachment":[{"href":"https:\/\/www.amchambaq.com\/es_co\/wp-json\/wp\/v2\/media?parent=10046"}],"wp:term":[{"taxonomy":"category","embeddable":true,"href":"https:\/\/www.amchambaq.com\/es_co\/wp-json\/wp\/v2\/categories?post=10046"},{"taxonomy":"post_tag","embeddable":true,"href":"https:\/\/www.amchambaq.com\/es_co\/wp-json\/wp\/v2\/tags?post=10046"}],"curies":[{"name":"wp","href":"https:\/\/api.w.org\/{rel}","templated":true}]}}