{"id":10023,"date":"2022-10-06T10:15:22","date_gmt":"2022-10-06T15:15:22","guid":{"rendered":"https:\/\/www.amchambaq.com\/?p=10023"},"modified":"2022-10-06T10:15:22","modified_gmt":"2022-10-06T15:15:22","slug":"la-carga-tributaria-es-desproporcionada-amcham-colombia","status":"publish","type":"post","link":"https:\/\/www.amchambaq.com\/es_co\/la-carga-tributaria-es-desproporcionada-amcham-colombia\/","title":{"rendered":"La carga tributaria es desproporcionada: AmCham Colombia"},"content":{"rendered":"<p><em>El siguiente es el comunicado de la C\u00e1mara de Comercio Colombo Americana, AmCham Colombia, en cabeza de la presidenta Mar\u00eda Claudia Lacouture, en relaci\u00f3n con la ponencia para primer debate del proyecto de reforma tributaria radicada en las \u00faltimas horas en el Congreso de la Rep\u00fablica.<\/em><\/p>\n<p>\u201cLa urgencia para atender, con la reforma tributaria, las necesidades fiscales del pa\u00eds no pueden significar el marchitamiento de sectores industriales y productivos que se ver\u00e1n afectados con una desproporcionada carga tributaria, dobles impuestos o desestimulo a la actividad empresarial y la atracci\u00f3n de inversi\u00f3n.<\/p>\n<p>Las condiciones econ\u00f3micas con una alta inflaci\u00f3n, que a\u00fan no cede a pesar de las estrictas medidas del Banco de la Rep\u00fablica, la perspectiva de una recesi\u00f3n internacional que reducir\u00e1 el comercio exterior y la proyecci\u00f3n de aumento en el precio de los combustibles generan un panorama que obliga a legisladores, gobierno y empresarios a actuar con la mayor responsabilidad para evitar que la carga impuesta hoy limite la capacidad productiva y la posibilidad de obtener m\u00e1s recursos en el mediano plazo.<\/p>\n<p>Desde AmCham Colombia instamos a los congresistas a hacer una reflexi\u00f3n cr\u00edtica sobre los efectos de la reforma tributaria y las necesidades reales para el desarrollo del pa\u00eds sin ahogar a quienes precisamente son quienes crean empleo, mueven la econom\u00eda y pagan los impuestos\u201d.<\/p>\n<p>Tomado de: AMCHAM COLOMBIA<\/p>\n","protected":false},"excerpt":{"rendered":"<p>El siguiente es el comunicado de la C\u00e1mara de Comercio Colombo Americana, AmCham Colombia, en cabeza de la presidenta Mar\u00eda Claudia Lacouture, en relaci\u00f3n con la ponencia para primer debate del proyecto de reforma tributaria radicada en las \u00faltimas horas en el Congreso de la Rep\u00fablica. \u201cLa urgencia para atender, con la reforma tributaria, las<\/p>\n","protected":false},"author":1,"featured_media":10024,"comment_status":"closed","ping_status":"closed","sticky":false,"template":"","format":"standard","meta":{"footnotes":""},"categories":[181],"tags":[],"class_list":["post-10023","post","type-post","status-publish","format-standard","has-post-thumbnail","hentry","category-noticias"],"views":59,"_links":{"self":[{"href":"https:\/\/www.amchambaq.com\/es_co\/wp-json\/wp\/v2\/posts\/10023","targetHints":{"allow":["GET"]}}],"collection":[{"href":"https:\/\/www.amchambaq.com\/es_co\/wp-json\/wp\/v2\/posts"}],"about":[{"href":"https:\/\/www.amchambaq.com\/es_co\/wp-json\/wp\/v2\/types\/post"}],"author":[{"embeddable":true,"href":"https:\/\/www.amchambaq.com\/es_co\/wp-json\/wp\/v2\/users\/1"}],"replies":[{"embeddable":true,"href":"https:\/\/www.amchambaq.com\/es_co\/wp-json\/wp\/v2\/comments?post=10023"}],"version-history":[{"count":1,"href":"https:\/\/www.amchambaq.com\/es_co\/wp-json\/wp\/v2\/posts\/10023\/revisions"}],"predecessor-version":[{"id":10025,"href":"https:\/\/www.amchambaq.com\/es_co\/wp-json\/wp\/v2\/posts\/10023\/revisions\/10025"}],"wp:featuredmedia":[{"embeddable":true,"href":"https:\/\/www.amchambaq.com\/es_co\/wp-json\/wp\/v2\/media\/10024"}],"wp:attachment":[{"href":"https:\/\/www.amchambaq.com\/es_co\/wp-json\/wp\/v2\/media?parent=10023"}],"wp:term":[{"taxonomy":"category","embeddable":true,"href":"https:\/\/www.amchambaq.com\/es_co\/wp-json\/wp\/v2\/categories?post=10023"},{"taxonomy":"post_tag","embeddable":true,"href":"https:\/\/www.amchambaq.com\/es_co\/wp-json\/wp\/v2\/tags?post=10023"}],"curies":[{"name":"wp","href":"https:\/\/api.w.org\/{rel}","templated":true}]}}