{"id":10017,"date":"2022-10-04T10:47:23","date_gmt":"2022-10-04T15:47:23","guid":{"rendered":"https:\/\/www.amchambaq.com\/?p=10017"},"modified":"2022-10-04T10:47:23","modified_gmt":"2022-10-04T15:47:23","slug":"petro-apoya-estatus-de-proteccion-temporal-para-colombianos-en-ee-uu","status":"publish","type":"post","link":"https:\/\/www.amchambaq.com\/es_co\/petro-apoya-estatus-de-proteccion-temporal-para-colombianos-en-ee-uu\/","title":{"rendered":"Petro apoya estatus de protecci\u00f3n temporal para colombianos en EE.UU."},"content":{"rendered":"<p>El presidente de Colombia, Gustavo Petro, s<b>e mostr\u00f3 a favor de un estatus de protecci\u00f3n temporal (TPS, en ingl\u00e9s) p<\/b>ara los ciudadanos colombianos migrantes en Estados Unidos, similar al que ya se aplica con los ciudadanos de Venezuela.<\/p>\n<p>\u201c<i>Creo que un TPS para los colombianos en Estados Unidos es necesario. No lo digo como negociaci\u00f3n, no es que porque hagamos un TPS a venezolanos en Colombia deba haber uno para colombianos en Estados Unidos (&#8230;) si no porque es el derecho humano<\/i>\u201d, se\u00f1al\u00f3 el mandatario nacional.<\/p>\n<p>El mensaje del jefe de Estado\u00a0<b>se realiz\u00f3 en una declaraci\u00f3n conjunta con el secretario de Estado de EE. UU., Antony Blinken<\/b>, que visit\u00f3 el pa\u00eds para reunirse formalmente con el mandatario en una gira expr\u00e9s por la regi\u00f3n en el marco de la pr\u00f3xima cumbre de la Organizaci\u00f3n de Estados Americanos (OEA) a celebrarse esta semana en Per\u00fa.<\/p>\n<p>Otros temas que se tocaron en la reuni\u00f3n fueron<b>\u00a0el narcotr\u00e1fico<\/b>\u00a0\u201cdesde una nueva visi\u00f3n m\u00e1s integral\u201d; el proceso de paz, la redistribuci\u00f3n de tierras y seguridad en las Am\u00e9ricas.<\/p>\n<p>Por su parte, Blinken reconoci\u00f3 la estrecha relaci\u00f3n en los a\u00f1os recientes entre EE. UU. y Colombia, as\u00ed como los esfuerzos de ambos Estados para la implementaci\u00f3n de los Acuerdos de Paz.<\/p>\n<p>Tomado de: PORTAFOLIO<\/p>\n","protected":false},"excerpt":{"rendered":"<p>El presidente de Colombia, Gustavo Petro, se mostr\u00f3 a favor de un estatus de protecci\u00f3n temporal (TPS, en ingl\u00e9s) para los ciudadanos colombianos migrantes en Estados Unidos, similar al que ya se aplica con los ciudadanos de Venezuela. \u201cCreo que un TPS para los colombianos en Estados Unidos es necesario. No lo digo como negociaci\u00f3n,<\/p>\n","protected":false},"author":1,"featured_media":10018,"comment_status":"closed","ping_status":"closed","sticky":false,"template":"","format":"standard","meta":{"footnotes":""},"categories":[181],"tags":[],"class_list":["post-10017","post","type-post","status-publish","format-standard","has-post-thumbnail","hentry","category-noticias"],"views":48,"_links":{"self":[{"href":"https:\/\/www.amchambaq.com\/es_co\/wp-json\/wp\/v2\/posts\/10017","targetHints":{"allow":["GET"]}}],"collection":[{"href":"https:\/\/www.amchambaq.com\/es_co\/wp-json\/wp\/v2\/posts"}],"about":[{"href":"https:\/\/www.amchambaq.com\/es_co\/wp-json\/wp\/v2\/types\/post"}],"author":[{"embeddable":true,"href":"https:\/\/www.amchambaq.com\/es_co\/wp-json\/wp\/v2\/users\/1"}],"replies":[{"embeddable":true,"href":"https:\/\/www.amchambaq.com\/es_co\/wp-json\/wp\/v2\/comments?post=10017"}],"version-history":[{"count":1,"href":"https:\/\/www.amchambaq.com\/es_co\/wp-json\/wp\/v2\/posts\/10017\/revisions"}],"predecessor-version":[{"id":10019,"href":"https:\/\/www.amchambaq.com\/es_co\/wp-json\/wp\/v2\/posts\/10017\/revisions\/10019"}],"wp:featuredmedia":[{"embeddable":true,"href":"https:\/\/www.amchambaq.com\/es_co\/wp-json\/wp\/v2\/media\/10018"}],"wp:attachment":[{"href":"https:\/\/www.amchambaq.com\/es_co\/wp-json\/wp\/v2\/media?parent=10017"}],"wp:term":[{"taxonomy":"category","embeddable":true,"href":"https:\/\/www.amchambaq.com\/es_co\/wp-json\/wp\/v2\/categories?post=10017"},{"taxonomy":"post_tag","embeddable":true,"href":"https:\/\/www.amchambaq.com\/es_co\/wp-json\/wp\/v2\/tags?post=10017"}],"curies":[{"name":"wp","href":"https:\/\/api.w.org\/{rel}","templated":true}]}}