{"id":9995,"date":"2022-09-30T15:41:15","date_gmt":"2022-09-30T20:41:15","guid":{"rendered":"https:\/\/www.amchambaq.com\/?p=9995"},"modified":"2022-09-30T15:41:15","modified_gmt":"2022-09-30T20:41:15","slug":"ee-uu-confirma-retroceso-de-su-economia-en-el-segundo-trimestre-del-ano","status":"publish","type":"post","link":"https:\/\/www.amchambaq.com\/en\/ee-uu-confirma-retroceso-de-su-economia-en-el-segundo-trimestre-del-ano\/","title":{"rendered":"EE. UU. confirma retroceso de su econom\u00eda en el segundo trimestre del a\u00f1o"},"content":{"rendered":"<p>El\u00a0<strong>Gobierno estadounidense\u00a0<\/strong>confirm\u00f3 este jueves que la econom\u00eda del pa\u00eds retrocedi\u00f3 el 0,1 % en el segundo trimestre del a\u00f1o y cay\u00f3 a un ritmo anual del 0,6 %.<\/p>\n<p>As\u00ed lo apunta el tercer y \u00faltimo c\u00e1lculo oficial de la evoluci\u00f3n econ\u00f3mica del pa\u00eds publicado por la\u00a0<strong>Oficina de Estad\u00edsticas Laborales\u00a0<\/strong>(BEA), que confirma la recesi\u00f3n t\u00e9cnica de la mayor econom\u00eda del mundo, al registrar dos trimestres seguidos de retroceso \u2014del 0,4 % de enero a marzo y de una d\u00e9cima de abril a junio\u2014.<\/p>\n<p>La BEA record\u00f3 que estos datos se produjeron en un contexto de elevada inflaci\u00f3n y de subidas de los tipos de inter\u00e9s para atajarla y con otros desaf\u00edos como los problemas en la cadena de suministro, aunque del lado positivo destac\u00f3 el bajo \u00edndice de desempleo.<\/p>\n<p>Advirti\u00f3, no obstante, de que los efectos de todos estos factores no se pueden calcular de forma separada a la hora de hacer la<strong>\u00a0estimaci\u00f3n econ\u00f3mica.<\/strong><\/p>\n<p>Seg\u00fan esta estad\u00edstica, el retroceso en el segundo trimestre refleja sobre todo las ca\u00eddas del lado de la inversi\u00f3n \u2014tanto la privada como la residencial\u2014\u00a0y del lado del gasto p\u00fablico, tanto federal como estatal o local.<\/p>\n<p>Ca\u00eddas que se vieron parcialmente compensadas por el aumento en las exportaciones y en el gasto de los<strong>\u00a0consumidores.<\/strong><\/p>\n<p>Las importaciones tambi\u00e9n subieron, lo que afecta negativamente al c\u00e1lculo del<strong>\u00a0PIB.<\/strong><\/p>\n<p>El tercer c\u00e1lculo no ha variado sobre el segundo porque a pesar de que se han revisado a la baja las exportaciones o la inversi\u00f3n, por contra se han revisado al alza el consumo de los hogares y el gasto p\u00fablico.<\/p>\n<p>Los dos trimestres de ca\u00edda del PIB confirman la recesi\u00f3n t\u00e9cnica de la primera econom\u00eda del mundo, aunque desde el Gobierno que preside el dem\u00f3crata\u00a0<strong>Joe Biden\u00a0<\/strong>se ha insistido en todo momento en que<strong>\u00a0Estados Unidos<\/strong>\u00a0no se encuentra en un escenario de recesi\u00f3n.<\/p>\n<p>Los riesgos, no obstante, siguen ah\u00ed en un momento de elevada incertidumbre como el actual, marcado por la alta inflaci\u00f3n y los efectos de la\u00a0<strong>guerra de Ucrania<\/strong>.<\/p>\n<p>Estados Unidos lleva meses tratando de contener los precios y la Reserva Federal aprob\u00f3 la semana pasada la quinta subida consecutiva de los tipos de inter\u00e9s, que est\u00e1n ya en una horquilla de entre el 3 y el 3,25 %, el nivel m\u00e1s alto en los \u00faltimos 14 a\u00f1os.<\/p>\n<p>El presidente de la Reserva Federal,\u00a0<strong>Jerome Powell,<\/strong>\u00a0reconoci\u00f3 la semana pasada, tras anunciar la nueva subida de tipos de 0,75 puntos, que esta pol\u00edtica monetaria mucho m\u00e1s restrictiva ralentizar\u00e1 la econom\u00eda.<\/p>\n<p>Powell admiti\u00f3 que la Fed sabe que los aumentos de tipos probablemente causar\u00e1n &#8220;un per\u00edodo de crecimiento econ\u00f3mico por debajo de la tendencia&#8221;, y que las condiciones del mercado laboral, extremadamente robusto desde que comenz\u00f3 la recuperaci\u00f3n\u00a0<strong>pospandemia<\/strong>, seguramente empeorar\u00e1n.<\/p>\n<p>Los expertos creen que los efectos de las subidas de tipos tardar\u00e1n algunos meses en notarse en el conjunto de la econom\u00eda, y no dudan de que tendr\u00e1n efectos negativos sobre el mercado inmobiliario o la demanda de bienes duraderos.<\/p>\n<p>La tasa de inflaci\u00f3n en Estados est\u00e1 bajando aunque contin\u00faa siendo muy elevada, del 8,3 % en agosto.<\/p>\n<p>El desempleo sigue siendo muy bajo aunque el mes pasado, rompi\u00f3 su racha de descenso en<strong>\u00a0Estados Unidos<\/strong>\u00a0al elevarse la tasa en dos d\u00e9cimas, hasta el 3,7 %.<\/p>\n<p>Tomado de: EL HERALDO<\/p>","protected":false},"excerpt":{"rendered":"<p>El\u00a0Gobierno estadounidense\u00a0confirm\u00f3 este jueves que la econom\u00eda del pa\u00eds retrocedi\u00f3 el 0,1 % en el segundo trimestre del a\u00f1o y cay\u00f3 a un ritmo anual del 0,6 %. As\u00ed lo apunta el tercer y \u00faltimo c\u00e1lculo oficial de la evoluci\u00f3n econ\u00f3mica del pa\u00eds publicado por la\u00a0Oficina de Estad\u00edsticas Laborales\u00a0(BEA), que confirma la recesi\u00f3n t\u00e9cnica de<\/p>","protected":false},"author":1,"featured_media":9996,"comment_status":"closed","ping_status":"closed","sticky":false,"template":"","format":"standard","meta":{"footnotes":""},"categories":[181],"tags":[],"class_list":["post-9995","post","type-post","status-publish","format-standard","has-post-thumbnail","hentry","category-noticias"],"views":62,"_links":{"self":[{"href":"https:\/\/www.amchambaq.com\/en\/wp-json\/wp\/v2\/posts\/9995","targetHints":{"allow":["GET"]}}],"collection":[{"href":"https:\/\/www.amchambaq.com\/en\/wp-json\/wp\/v2\/posts"}],"about":[{"href":"https:\/\/www.amchambaq.com\/en\/wp-json\/wp\/v2\/types\/post"}],"author":[{"embeddable":true,"href":"https:\/\/www.amchambaq.com\/en\/wp-json\/wp\/v2\/users\/1"}],"replies":[{"embeddable":true,"href":"https:\/\/www.amchambaq.com\/en\/wp-json\/wp\/v2\/comments?post=9995"}],"version-history":[{"count":1,"href":"https:\/\/www.amchambaq.com\/en\/wp-json\/wp\/v2\/posts\/9995\/revisions"}],"predecessor-version":[{"id":9997,"href":"https:\/\/www.amchambaq.com\/en\/wp-json\/wp\/v2\/posts\/9995\/revisions\/9997"}],"wp:featuredmedia":[{"embeddable":true,"href":"https:\/\/www.amchambaq.com\/en\/wp-json\/wp\/v2\/media\/9996"}],"wp:attachment":[{"href":"https:\/\/www.amchambaq.com\/en\/wp-json\/wp\/v2\/media?parent=9995"}],"wp:term":[{"taxonomy":"category","embeddable":true,"href":"https:\/\/www.amchambaq.com\/en\/wp-json\/wp\/v2\/categories?post=9995"},{"taxonomy":"post_tag","embeddable":true,"href":"https:\/\/www.amchambaq.com\/en\/wp-json\/wp\/v2\/tags?post=9995"}],"curies":[{"name":"wp","href":"https:\/\/api.w.org\/{rel}","templated":true}]}}