{"id":9985,"date":"2022-09-27T08:09:31","date_gmt":"2022-09-27T13:09:31","guid":{"rendered":"https:\/\/www.amchambaq.com\/?p=9985"},"modified":"2022-09-27T08:09:31","modified_gmt":"2022-09-27T13:09:31","slug":"estos-son-los-cambios-que-tendra-la-reforma-tributaria","status":"publish","type":"post","link":"https:\/\/www.amchambaq.com\/en\/estos-son-los-cambios-que-tendra-la-reforma-tributaria\/","title":{"rendered":"Estos son los cambios que tendr\u00e1 la reforma tributaria"},"content":{"rendered":"<p>El ministro de Hacienda, Jos\u00e9 Antonio Ocampo, asegur\u00f3 que avanza en el an\u00e1lisis de la\u00a0<strong>reforma tributaria\u00a0<\/strong>con los coordinadores ponentes del Congreso y ya est\u00e1n definidos la mayor\u00eda de los cambios que tendr\u00e1.<\/p>\n<p>Dijo que quedan pocos<strong>\u00a0temas pendientes por discutir<\/strong>\u00a0y que se espera que la ponencia quede lista la pr\u00f3xima semana.<\/p>\n<p>Se mantiene la decisi\u00f3n anunciada sobre los\u00a0<strong>cambios en dividendos\u00a0<\/strong>y ganancias ocasionales.<\/p>\n<p>En el impuesto al patrimonio se aprob\u00f3 una\u00a0<strong>tarifa adicional\u00a0<\/strong>para patrimonios mayores a los $10 mil millones que ser\u00e1 del 1,5 %. \u201cQued\u00f3 en firme la transici\u00f3n para valorar los activos de las inversiones\u00a0 de quienes declaran patrimonio\u201d, agreg\u00f3.<\/p>\n<p>Adem\u00e1s, se han realizado ajustes en el\u00a0<strong>impuesto<\/strong>\u00a0<strong>saludable<\/strong>, pl\u00e1sticos de un solo uso y al carbono con el fin de hacer una transici\u00f3n m\u00e1s favorable.<\/p>\n<div class=\"field-item odd\">\n<div class=\"entity entity-paragraphs-item paragraphs-item-descripcion\">\n<div class=\"content\">\n<div class=\"field field-name-field-descripcion field-type-text-long field-label-hidden\">\n<div class=\"field-items\">\n<div class=\"field-item even\">\n<p>\u201cEn cuanto a los impuestos al\u00a0<strong>carb\u00f3n\u00a0<\/strong>y el\u00a0<strong>petr\u00f3leo\u00a0<\/strong>se lleg\u00f3 al acuerdo de cambiar la no deducibilidad de\u00a0 la regal\u00edas por cinco puntos extra de renta\u201d, detall\u00f3.<\/p>\n<p>El gravamen a las\u00a0<strong>exportaciones\u00a0<\/strong>tendr\u00e1 una base m\u00e1s alta tomando el precio promedio de los \u00faltimos 20 a\u00f1os y una tasa del 20 % cuando se exceda de este. Para el petr\u00f3leo es USD71 por barril y el carb\u00f3n unos USD80 por tonelada.<\/p>\n<p>El impuesto saludable da un\u00a0<strong>periodo de transici\u00f3n<\/strong>\u00a0de dos a\u00f1os que permite un mayor porcentaje de az\u00facar en rangos de 6 a 10 gramos y m\u00e1s de 10 a. Despu\u00e9s del tiempo se\u00f1alado el impuesto subir\u00e1.<\/p>\n<p>Se contempla c\u00e1rcel para los\u00a0<strong>evasores\u00a0<\/strong>y con normas m\u00e1s estrictas frente a la evasi\u00f3n con apoyo en transacciones electr\u00f3nicas.<\/p>\n<\/div>\n<\/div>\n<\/div>\n<\/div>\n<\/div>\n<\/div>\n<div class=\"field-item even\">\n<div id=\"relacionado-body\">\n<div class=\"box-title\">\n<p>El impuesto al carbono se mantendr\u00e1n los hist\u00f3ricos que ten\u00edan en\u00a0<strong>gasolina<\/strong>, ACPM y gas, pero subir\u00e1n en 2024.<\/p>\n<p>En materia de\u00a0<strong>ultraprocesados<\/strong>, el ministro dijo que hay una nueva lista en la que se excluyeron algunos productos como los embutidos.<\/p>\n<p>Ratific\u00f3 que el\u00a0<strong>impuesto\u00a0saludable\u00a0<\/strong>no aplicar\u00e1 a peque\u00f1os productores y que la sobretasa a los bancos ser\u00e1 del 5 %.<\/p>\n<p>Ocampo se\u00f1al\u00f3 que el recaudo inicia ser\u00eda levemente inferior a los\u00a0<strong>$25 billones proyectados\u00a0<\/strong>y en cuatro a\u00f1os se espera llegar a esta cifra, especialmente con base en la aplicaci\u00f3n del impuesto al patrimonio.<\/p>\n<p>Para las zonas francas queda establecido que lo m\u00e1ximo que pueden vender al<strong>\u00a0mercado interno<\/strong>\u00a0es el 40 % de su producci\u00f3n en el primer a\u00f1o, porcentaje que bajar\u00e1 a 30 % y 20 %, en los a\u00f1os siguientes.<\/p>\n<\/div>\n<\/div>\n<\/div>","protected":false},"excerpt":{"rendered":"<p>El ministro de Hacienda, Jos\u00e9 Antonio Ocampo, asegur\u00f3 que avanza en el an\u00e1lisis de la\u00a0reforma tributaria\u00a0con los coordinadores ponentes del Congreso y ya est\u00e1n definidos la mayor\u00eda de los cambios que tendr\u00e1. Dijo que quedan pocos\u00a0temas pendientes por discutir\u00a0y que se espera que la ponencia quede lista la pr\u00f3xima semana. Se mantiene la decisi\u00f3n anunciada<\/p>","protected":false},"author":1,"featured_media":9986,"comment_status":"closed","ping_status":"closed","sticky":false,"template":"","format":"standard","meta":{"footnotes":""},"categories":[181],"tags":[],"class_list":["post-9985","post","type-post","status-publish","format-standard","has-post-thumbnail","hentry","category-noticias"],"views":63,"_links":{"self":[{"href":"https:\/\/www.amchambaq.com\/en\/wp-json\/wp\/v2\/posts\/9985","targetHints":{"allow":["GET"]}}],"collection":[{"href":"https:\/\/www.amchambaq.com\/en\/wp-json\/wp\/v2\/posts"}],"about":[{"href":"https:\/\/www.amchambaq.com\/en\/wp-json\/wp\/v2\/types\/post"}],"author":[{"embeddable":true,"href":"https:\/\/www.amchambaq.com\/en\/wp-json\/wp\/v2\/users\/1"}],"replies":[{"embeddable":true,"href":"https:\/\/www.amchambaq.com\/en\/wp-json\/wp\/v2\/comments?post=9985"}],"version-history":[{"count":1,"href":"https:\/\/www.amchambaq.com\/en\/wp-json\/wp\/v2\/posts\/9985\/revisions"}],"predecessor-version":[{"id":9987,"href":"https:\/\/www.amchambaq.com\/en\/wp-json\/wp\/v2\/posts\/9985\/revisions\/9987"}],"wp:featuredmedia":[{"embeddable":true,"href":"https:\/\/www.amchambaq.com\/en\/wp-json\/wp\/v2\/media\/9986"}],"wp:attachment":[{"href":"https:\/\/www.amchambaq.com\/en\/wp-json\/wp\/v2\/media?parent=9985"}],"wp:term":[{"taxonomy":"category","embeddable":true,"href":"https:\/\/www.amchambaq.com\/en\/wp-json\/wp\/v2\/categories?post=9985"},{"taxonomy":"post_tag","embeddable":true,"href":"https:\/\/www.amchambaq.com\/en\/wp-json\/wp\/v2\/tags?post=9985"}],"curies":[{"name":"wp","href":"https:\/\/api.w.org\/{rel}","templated":true}]}}