{"id":9981,"date":"2022-09-26T08:19:51","date_gmt":"2022-09-26T13:19:51","guid":{"rendered":"https:\/\/www.amchambaq.com\/?p=9981"},"modified":"2022-09-26T08:19:51","modified_gmt":"2022-09-26T13:19:51","slug":"exportaciones-colombianas-lo-que-se-debe-mejorar-y-fortalecer","status":"publish","type":"post","link":"https:\/\/www.amchambaq.com\/en\/exportaciones-colombianas-lo-que-se-debe-mejorar-y-fortalecer\/","title":{"rendered":"Exportaciones colombianas: lo que se debe mejorar y fortalecer"},"content":{"rendered":"<p><b>Las exportaciones colombianas tienen un reto importante: su diversificaci\u00f3n. <\/b>Por esta tarea han pasado un c\u00famulo de gobiernos y aunque se han realizado avances, a\u00fan hay un largo camino por recorrer. Al igual que sus antecesores,\u00a0<b>el gobierno de Gustavo Petro tambi\u00e9n apostar\u00e1 por la pluralizaci\u00f3n de las ventas externas,<\/b>\u00a0sin embargo, dada la convicci\u00f3n de su discurso de sustituir las exportaciones de productos minero-energ\u00e9ticos, la vara de medici\u00f3n est\u00e1 m\u00e1s elevada.<\/p>\n<p>\u201c<i>No es un tema nuevo, se viene trabajando desde a\u00f1os anteriores en ese prop\u00f3sito, que se tratar de trabajar sobre aquellos productos que pueden generar un valor agregado en el mercado internacional<\/i>\u201d, dijo Andr\u00e9s Mauricio Castro, decano de Negocios Internacionales de la Universidad Piloto de Colombia.<\/p>\n<p>Para Castro, con el paso de los a\u00f1os efectivamente se han incrementado valores y dinamismo en algunos sectores, \u201c<i>pero no se ha visto que tengamos un portafolio que se sustente sobre otros productos que no dependan de los minero-energ\u00e9ticos<\/i>\u201d.<\/p>\n<p>Seg\u00fan datos del Ministerio de Comercio, Industria y Turismo, las exportaciones de bienes no minero energ\u00e9ticos alcanzaron en 2021 un valor de US$18.186 millones, un monto inferior a la mitad del total exportado de US$41.224 millones.\u00a0<b>El a\u00f1o pasado, las ventas externas de estos bienes crecieron 24,5%, en comparaci\u00f3n con el 2020, y un 18,8% con relaci\u00f3n al 2019.<\/b><\/p>\n<p>Ahora bien, para el a\u00f1o en curso, el desempe\u00f1o de las exportaciones de bienes no minero energ\u00e9ticos marcaron un r\u00e9cord en el primer semestre<b>. Los datos del Ministerio de Comercio apuntaron al 38,4% del total exportado en este per\u00edodo por US$28.637,6 millones, es decir, US$11.008,5 millones.<\/b><\/p>\n<p>Al realizar la comparativa entre per\u00edodo, sobresale que estas ventas externas crecieron en 34,2% versus los primeros 6 meses del 2021 y 43,8% frente al mismo periodo del 2019.<\/p>\n<p>A\u00fan resta esperar cu\u00e1les ser\u00e1n las l\u00edneas por las que apostar\u00e1<b>\u00a0el Gobierno en esta nueva iniciativa de diversificar las exportaciones.<\/b>\u00a0Por lo pronto, parece haber buena sinton\u00eda con el sector con \u201c<i>mucho di\u00e1logo y participaci\u00f3n<\/i>\u201d, tal como lo mencion\u00f3 Javier D\u00edaz, presidente de Analdex, a este diario en una reciente entrevista.<\/p>\n<p>Tomado de: PORTAFOLIO<\/p>","protected":false},"excerpt":{"rendered":"<p>Las exportaciones colombianas tienen un reto importante: su diversificaci\u00f3n. Por esta tarea han pasado un c\u00famulo de gobiernos y aunque se han realizado avances, a\u00fan hay un largo camino por recorrer. Al igual que sus antecesores,\u00a0el gobierno de Gustavo Petro tambi\u00e9n apostar\u00e1 por la pluralizaci\u00f3n de las ventas externas,\u00a0sin embargo, dada la convicci\u00f3n de su<\/p>","protected":false},"author":1,"featured_media":9982,"comment_status":"closed","ping_status":"closed","sticky":false,"template":"","format":"standard","meta":{"footnotes":""},"categories":[181],"tags":[],"class_list":["post-9981","post","type-post","status-publish","format-standard","has-post-thumbnail","hentry","category-noticias"],"views":75,"_links":{"self":[{"href":"https:\/\/www.amchambaq.com\/en\/wp-json\/wp\/v2\/posts\/9981","targetHints":{"allow":["GET"]}}],"collection":[{"href":"https:\/\/www.amchambaq.com\/en\/wp-json\/wp\/v2\/posts"}],"about":[{"href":"https:\/\/www.amchambaq.com\/en\/wp-json\/wp\/v2\/types\/post"}],"author":[{"embeddable":true,"href":"https:\/\/www.amchambaq.com\/en\/wp-json\/wp\/v2\/users\/1"}],"replies":[{"embeddable":true,"href":"https:\/\/www.amchambaq.com\/en\/wp-json\/wp\/v2\/comments?post=9981"}],"version-history":[{"count":1,"href":"https:\/\/www.amchambaq.com\/en\/wp-json\/wp\/v2\/posts\/9981\/revisions"}],"predecessor-version":[{"id":9983,"href":"https:\/\/www.amchambaq.com\/en\/wp-json\/wp\/v2\/posts\/9981\/revisions\/9983"}],"wp:featuredmedia":[{"embeddable":true,"href":"https:\/\/www.amchambaq.com\/en\/wp-json\/wp\/v2\/media\/9982"}],"wp:attachment":[{"href":"https:\/\/www.amchambaq.com\/en\/wp-json\/wp\/v2\/media?parent=9981"}],"wp:term":[{"taxonomy":"category","embeddable":true,"href":"https:\/\/www.amchambaq.com\/en\/wp-json\/wp\/v2\/categories?post=9981"},{"taxonomy":"post_tag","embeddable":true,"href":"https:\/\/www.amchambaq.com\/en\/wp-json\/wp\/v2\/tags?post=9981"}],"curies":[{"name":"wp","href":"https:\/\/api.w.org\/{rel}","templated":true}]}}