{"id":9975,"date":"2022-09-22T09:36:50","date_gmt":"2022-09-22T14:36:50","guid":{"rendered":"https:\/\/www.amchambaq.com\/?p=9975"},"modified":"2022-09-22T09:36:50","modified_gmt":"2022-09-22T14:36:50","slug":"fed-profundiza-alza-de-tasas-y-abre-la-puerta-a-la-recesion","status":"publish","type":"post","link":"https:\/\/www.amchambaq.com\/en\/fed-profundiza-alza-de-tasas-y-abre-la-puerta-a-la-recesion\/","title":{"rendered":"Fed profundiza alza de tasas y abre la puerta a la recesi\u00f3n"},"content":{"rendered":"<p>La Reserva Federal ya lo advirti\u00f3: est\u00e1<i>\u00a0\u201cfirmemente decidida\u201d\u00a0<\/i>a bajar la inflaci\u00f3n hasta su meta original y ser\u00e1 un proceso que \u201c<i>no vendr\u00e1 sin dolor\u201d.<\/i><\/p>\n<p id=\"p571516-m1207-3-1208\" class=\"parrafo\">Las declaraciones de la hoja de ruta de la mayor econom\u00eda del mundo para los pr\u00f3ximos meses las entreg\u00f3 este mi\u00e9rcoles\u00a0<b>Jerome Powell,<\/b>\u00a0el presidente de esta entidad, luego de marcar un nuevo precedente para el control de la disparada de precios en ese pa\u00eds.<\/p>\n<p id=\"p571516-m1213-4-1214\" class=\"parrafo\">La entidad volvi\u00f3 a subir por tercera vez consecutiva la tasa de inter\u00e9s por 75 puntos b\u00e1sicos, haci\u00e9ndose eco de lo que anticipaba el mercado y dejando a los fondos federales en un rango de 3% a 3,25%, el mayor nivel desde 2008, antes de estallar la crisis financiera.<\/p>\n<p id=\"p571516-m1219-5-1220\" class=\"parrafo\">En las proyecciones que entregaron este mi\u00e9rcoles se observa que la tasa de inter\u00e9s podr\u00eda cerrar el a\u00f1o entre un rango de 4,25% y 5,50%,<b>\u00a0con lo cual se anticipa una gran subida de tasas desde este punto hasta lo que reste de a\u00f1o, para posteriormente descender de forma suave al 2,9% para 2025.<\/b><\/p>\n<p id=\"p571516-m1225-6-1226\" class=\"parrafo\"><i>\u201cEl mensaje es que la Fed mantiene el curso de la normalizaci\u00f3n, contin\u00faa hablando de extender este ciclo ajustando las perspectivas de hasta d\u00f3nde llegar\u00e1 la tasa de inter\u00e9s\u201d<\/i>, se\u00f1al\u00f3 Diego Camacho, economista s\u00e9nior internacional de Credicorp Capital.<\/p>\n<p id=\"p571516-m1231-7-1232\" class=\"parrafo\">Por su parte, Ian Shepherdson, economista jefe de la consultora Pantheon Macroeconomics, coincide con su colega al mencionar que\u00a0<i>\u201cen definitiva no hay tregua para la l\u00ednea dura\u201d\u00a0<\/i>por parte de la Fed, aunque s\u00ed observan un margen de maniobra\u00a0<i>\u201cincluso a muy corto plazo\u201d\u00a0<\/i>si coinciden con sus previsiones de que la inflaci\u00f3n subyacente caer\u00e1 m\u00e1s r\u00e1pido de lo que piensa el organismo o inclusive el mercado.<\/p>\n<p id=\"p571516-m1237-8-1238\" class=\"parrafo\">Si bien en un principio tanto<b>\u00a0Powell\u00a0<\/b>como Biden rechazaban la idea de una recesi\u00f3n en la econom\u00eda, tras el paso del calendario, el directivo de la Fed ha cambiado su argumento y ahora lo ve hasta viable.<\/p>\n<p id=\"p571516-m1269-10-1270\" class=\"parrafo\">En las previsiones publicadas este mi\u00e9rcoles, la misma Reserva Federal recort\u00f3 su pron\u00f3stico de crecimiento para la econom\u00eda desde un 1,7% en junio pasado a un casi nulo del 0,2%.<\/p>\n<p id=\"p571516-m1275-11-1276\" class=\"parrafo\"><i>\u201cLa Fed castiga la perspectiva de crecimiento y se alinea a lo que hab\u00edamos anticipado. Lo que nos est\u00e1 diciendo es que el ciclo de normalizaci\u00f3n va a seguir as\u00ed le cueste en t\u00e9rminos de crecimiento y con ese dato es b\u00e1sicamente confirmar una recesi\u00f3n\u201d,\u00a0<\/i>dijo Camacho, de Credicorp Capital.<\/p>\n<p id=\"p571516-m1281-12-1282\" class=\"parrafo\">En esto coincidi\u00f3 Eduard Moya, analista s\u00e9nior de mercado para las Am\u00e9ricas de Oanda.<\/p>\n<p id=\"p571516-m1287-13-1288\" class=\"parrafo\"><i>\u201cLa Reserva Federal no se va a arriesgar con la inflaci\u00f3n y se est\u00e1 preparando para enviar la econom\u00eda a una recesi\u00f3n. Adi\u00f3s al aterrizaje suave\u201d,<\/i>\u00a0mencion\u00f3.<\/p>\n<p id=\"p571516-m1293-14-1294\" class=\"parrafo\">Entre otras previsiones que se entregaron este mi\u00e9rcoles, la\u00a0<b>Reserva Federal\u00a0<\/b>espera que en 2023 el PIB repunte al 1,2% y contin\u00fae as\u00ed hasta el 1,8% en 2025. Tambi\u00e9n estima que la tasa de desempleo cierre este a\u00f1o en 3,8%, una ligera alza desde el 3,7% previsto en junio. Esta continuar\u00eda subiendo hasta el 4,4% para 2023 y 2024 para luego caer ligeramente al 4,3% en 2025.<\/p>\n<div id=\"p571516-m1299-15-1300\" class=\"highlighted\">\n<div id=\"m1304-1303-1305\" class=\"tiemposBold3\">Las consecuencias para Colombia<\/div>\n<\/div>\n<p id=\"p571516-m1311-16-1312\" class=\"parrafo\">En el contexto de un mundo globalizado, las decisiones de pol\u00edtica monetaria terminan afectado, de alguna u otra manera las relaciones de ese pa\u00eds con otro, tal es el caso de Colombia, donde Estados Unidos es su principal socio.<\/p>\n<p id=\"p571516-m1317-17-1318\" class=\"parrafo\">Tanto para el pa\u00eds como para otros territorios emergentes, las consecuencias podr\u00edan ser las mismas. Diego Camacho, de Credicorp Capital, dijo que esta decisi\u00f3n de la Fed de mantener las alzas de tasas hasta ver una inflaci\u00f3n de 2% (2025) se traduce en<i>\u00a0\u201cuna presi\u00f3n continua para los costos de financiamiento externos\u201d,<\/i>\u00a0as\u00ed como\u00a0<i>\u201cun deterioro adicional a las perspectivas de crecimiento de la econom\u00eda global\u201d.<\/i><\/p>\n<p id=\"p571516-m1323-18-1324\" class=\"parrafo\">Adem\u00e1s, junto a los desaf\u00edos de los mercados energ\u00e9ticos,\u00a0<i>\u201cse tiene una receta que no es completamente favorable para los flujos de inversi\u00f3n directa o de portafolio\u201d.<\/i><\/p>\n<p id=\"p571516-m1329-19-1330\" class=\"parrafo\">Otro efecto podr\u00eda ser una afectaci\u00f3n de la inflaci\u00f3n y una depreciaci\u00f3n del peso colombiano y de sus perspectivas de crecimiento, en caso de que el Banco de la Rep\u00fablica replique el incremento de las tasas de inter\u00e9s locales.\u00a0<b>As\u00ed lo analiz\u00f3 Henry Amorocho, profesor de Hacienda P\u00fablica y Presupuesto de la Facultad de Jurisprudencia de la Universidad del Rosario.<\/b><\/p>\n<p id=\"p571516-m1335-20-1336\" class=\"parrafo\"><i>\u201cNo es aconsejable que la Junta del Emisor replique el porcentaje de la Fed, porque incrementar en 75 puntos b\u00e1sicos el manejo de la tasa de intervenci\u00f3n en el pa\u00eds tendr\u00eda implicaciones serias\u201d,<\/i>\u00a0mencion\u00f3 el catedr\u00e1tico.<\/p>\n<p id=\"p571516-m1341-21-1342\" class=\"parrafo\">Amoroncho tambi\u00e9n se\u00f1al\u00f3 que<i>\u00a0\u201ces de suma importancia\u201d\u00a0<\/i>que se maneje \u201ccon cuidado\u201d la subida de la tasa de inter\u00e9s, para quien lo mejor es \u201cno hacerlo\u201d, pero si se deciden por ello, que no sea m\u00e1s del 0,7%.<\/p>\n<p>Tomado de: PORTAFOLIO<\/p>","protected":false},"excerpt":{"rendered":"<p>La Reserva Federal ya lo advirti\u00f3: est\u00e1\u00a0\u201cfirmemente decidida\u201d\u00a0a bajar la inflaci\u00f3n hasta su meta original y ser\u00e1 un proceso que \u201cno vendr\u00e1 sin dolor\u201d. Las declaraciones de la hoja de ruta de la mayor econom\u00eda del mundo para los pr\u00f3ximos meses las entreg\u00f3 este mi\u00e9rcoles\u00a0Jerome Powell,\u00a0el presidente de esta entidad, luego de marcar un nuevo<\/p>","protected":false},"author":1,"featured_media":9976,"comment_status":"closed","ping_status":"closed","sticky":false,"template":"","format":"standard","meta":{"footnotes":""},"categories":[181],"tags":[],"class_list":["post-9975","post","type-post","status-publish","format-standard","has-post-thumbnail","hentry","category-noticias"],"views":52,"_links":{"self":[{"href":"https:\/\/www.amchambaq.com\/en\/wp-json\/wp\/v2\/posts\/9975","targetHints":{"allow":["GET"]}}],"collection":[{"href":"https:\/\/www.amchambaq.com\/en\/wp-json\/wp\/v2\/posts"}],"about":[{"href":"https:\/\/www.amchambaq.com\/en\/wp-json\/wp\/v2\/types\/post"}],"author":[{"embeddable":true,"href":"https:\/\/www.amchambaq.com\/en\/wp-json\/wp\/v2\/users\/1"}],"replies":[{"embeddable":true,"href":"https:\/\/www.amchambaq.com\/en\/wp-json\/wp\/v2\/comments?post=9975"}],"version-history":[{"count":1,"href":"https:\/\/www.amchambaq.com\/en\/wp-json\/wp\/v2\/posts\/9975\/revisions"}],"predecessor-version":[{"id":9977,"href":"https:\/\/www.amchambaq.com\/en\/wp-json\/wp\/v2\/posts\/9975\/revisions\/9977"}],"wp:featuredmedia":[{"embeddable":true,"href":"https:\/\/www.amchambaq.com\/en\/wp-json\/wp\/v2\/media\/9976"}],"wp:attachment":[{"href":"https:\/\/www.amchambaq.com\/en\/wp-json\/wp\/v2\/media?parent=9975"}],"wp:term":[{"taxonomy":"category","embeddable":true,"href":"https:\/\/www.amchambaq.com\/en\/wp-json\/wp\/v2\/categories?post=9975"},{"taxonomy":"post_tag","embeddable":true,"href":"https:\/\/www.amchambaq.com\/en\/wp-json\/wp\/v2\/tags?post=9975"}],"curies":[{"name":"wp","href":"https:\/\/api.w.org\/{rel}","templated":true}]}}