{"id":9972,"date":"2022-09-22T09:34:33","date_gmt":"2022-09-22T14:34:33","guid":{"rendered":"https:\/\/www.amchambaq.com\/?p=9972"},"modified":"2022-09-22T09:34:33","modified_gmt":"2022-09-22T14:34:33","slug":"economia-colombiana-se-alista-para-volver-al-crecimiento-prepandemia","status":"publish","type":"post","link":"https:\/\/www.amchambaq.com\/en\/economia-colombiana-se-alista-para-volver-al-crecimiento-prepandemia\/","title":{"rendered":"Econom\u00eda colombiana se alista para volver al crecimiento prepandemia"},"content":{"rendered":"<p>La econom\u00eda colombiana viene de varios meses con crecimientos muy positivos a ra\u00edz de la reactivaci\u00f3n tras la pandemia. Incluso, durante el primer semestre del a\u00f1o, el producto interno bruto (PIB) todav\u00eda mostraba tasas de expansi\u00f3n importante, <b>con un 10,6% para el acumulado a junio y de 8,6% y 12,6% para el primer y segundo trimestre respectivamente.<\/b><\/p>\n<p id=\"p571509-m544-4-545\" class=\"parrafo\">Sin embargo, ese impulso apoyado en gran medida por un efecto base que ayud\u00f3 a \u2018rebotar\u2019 a las cifras podr\u00eda estarse disipando, ya que seg\u00fan los expertos son varios los indicadores que muestran, de cara al segundo semestre de 2022, una menor tendencia de crecimiento.<\/p>\n<p id=\"p571509-m550-5-551\" class=\"parrafo\">Uno de los indicios lo muestra el<b>\u00a0Indicador de Seguimiento a la Econom\u00eda (ISE)\u00a0<\/b>que mide el Dane, y que para julio creci\u00f3 6,41% con relaci\u00f3n al mismo mes del a\u00f1o 2021, la tasa m\u00e1s baja en lo que va del a\u00f1o.<\/p>\n<p id=\"p571509-m556-6-557\" class=\"parrafo\">As\u00ed mismo, otro indicador de seguimiento que muestra c\u00f3mo la econom\u00eda viene relajando sus tasas de crecimiento es el Weekly Tracker de la Organizaci\u00f3n para la Cooperaci\u00f3n y el Desarrollo Econ\u00f3mico (Ocde), un indicador en tiempo real que utiliza datos de las tendencias de Google para medir la actividad econ\u00f3mica.<\/p>\n<p id=\"p571509-m568-8-569\" class=\"parrafo\">Seg\u00fan este indicador, mientras que en los primeros meses del a\u00f1o se ubic\u00f3 en cifras entre 5 puntos y 8 puntos, desde mediados de junio empez\u00f3 a descender, en julio se situ\u00f3 alrededor de los 2 puntos y, en agosto,\u00a0<b>descendi\u00f3 hasta incluso 1,4 puntos de actividad, en la semana entre el 14 y el 20 de agosto.<\/b><\/p>\n<p id=\"p571509-m574-9-575\" class=\"parrafo\">Por otro lado, el indicador semanal ha mostrado para las dos primeras semanas de septiembre una leve recuperaci\u00f3n, con cifras de 3,2 y 3,8 puntos, respectivamente.<\/p>\n<p id=\"p571509-m580-10-581\" class=\"parrafo\">As\u00ed mismo, datos sectoriales como la industria y el comercio vienen mostrando tambi\u00e9n se\u00f1ales de que las tasas altas de crecimiento est\u00e1n mermando.<\/p>\n<p id=\"p571509-m586-11-587\" class=\"parrafo\">El \u00faltimo deporte del Dane para la producci\u00f3n mensual manufacturera, referente a julio, evidenci\u00f3 un crecimiento anual de 5,2%, una tasa mucho m\u00e1s baja de las que reflej\u00f3 la industria durante el primer semestre:\u00a0<b>enero (15,1%), febrero (10,7%), marzo (12,3%), abril (13,5%), mayo (42,6%) y junio (12,3%).<\/b><\/p>\n<p id=\"p571509-m618-13-619\" class=\"parrafo\">Una tendencia similar se refleja en las cifras del comercio minorista, que para julio crecieron 7,7%, muy por debajo del mes anterior, cuando reportaron un incremento de 17,2%.<\/p>\n<p id=\"p571509-m624-14-625\" class=\"parrafo\">As\u00ed mismo, el comercio al por menor tambi\u00e9n ha tenido otros datos din\u00e1micos,<b>\u00a0como fue el crecimiento de 23,3% de abril, de 20,9% de enero, o de 34,8% en mayo.<\/b><\/p>\n<p id=\"p571509-m630-15-631\" class=\"parrafo\">Anwar Rodr\u00edguez Chehade, vicepresidente del centro de estudios econ\u00f3micos Anif, destac\u00f3 que el primer semestre del a\u00f1o registr\u00f3 una tasa m\u00e1s alta de crecimiento si se le compara con el mismo periodo del a\u00f1o anterior (10,6% vs 9,0% en el 2021),<i>\u00a0\u201cderivado de algunos efectos estad\u00edsticos de base que impulsaron la actividad econ\u00f3mica este semestre\u201d.<\/i><\/p>\n<p id=\"p571509-m636-16-637\" class=\"parrafo\">Entre estos, mencion\u00f3 el experto, est\u00e1 por ejemplo el paro nacional del 2021, que redujo el dinamismo econ\u00f3mico en gran parte del segundo trimestre, pues se afectaron las cadenas de suministro y se redujo la demanda de algunos bienes finales.<\/p>\n<p id=\"p571509-m648-18-649\" class=\"parrafo\"><i>\u201cPara la segunda mitad del 2022, ya no se contar\u00e1 con efectos de base, por lo que las tasas de crecimiento anuales converger\u00e1n de forma paulatina a las observabas antes de la emergencia sanitaria, en linea con lo que hemos previsto\u201d,\u00a0<\/i>dijo Rodr\u00edguez.<\/p>\n<p id=\"p571509-m654-19-655\" class=\"parrafo\">Por otro lado, Mauricio Hern\u00e1ndez, economista de BBVA Research para Colombia, reconoci\u00f3 que, a pesar de la desaceleraci\u00f3n que ya se est\u00e1 dando en la econom\u00eda, el crecimiento en el producto para 2022 ser\u00e1 fuerte, aunque, seg\u00fan Hern\u00e1ndez, tiene dos velocidades diferentes.<\/p>\n<p id=\"p571509-m660-20-661\" class=\"parrafo\"><i>\u201cLos registros que ya se publicaron al primer semestre reflejaron que la econom\u00eda creci\u00f3 de forma sobresaliente hasta junio. Luego, aunque todav\u00eda en niveles positivos, la actividad econ\u00f3mica tender\u00e1 a desacelerarse, tanto en lo concerniente a la demanda interna como en el rubro de las exportaciones\u201d,\u00a0<\/i>dijo.<\/p>\n<p id=\"p571509-m666-21-667\" class=\"parrafo\">Seg\u00fan el economista de BBVA, esta desaceleraci\u00f3n se mantendr\u00e1 durante 2023, a\u00f1o en el cual el pa\u00eds tendr\u00e1 unas tasas de crecimiento mucho m\u00e1s bajas, tanto por una menor demanda interna como por el menor impulso de la actividad global.<\/p>\n<div id=\"p571509-m672-22-673\" class=\"highlighted\">\n<div id=\"m677-676-678\" class=\"tiemposBold3\">Din\u00e1mica se consolida en un d\u00edgito<\/div>\n<\/div>\n<p id=\"p571509-m684-23-685\" class=\"parrafo\">El \u00faltimo reporte Nowcast de Bancolombia, publicado a principios de mes, se\u00f1ala que en agosto \u201c<i>el crecimiento anual se consolid\u00f3 en un d\u00edgito. Sin embargo, la actividad se aceler\u00f3 secuencialmente, y las estimaciones para el tercer trimestre mejoraron\u201d.<\/i><\/p>\n<p id=\"p571509-m690-24-691\" class=\"parrafo\">Seg\u00fan el an\u00e1lisis, entre junio y agosto la actividad productiva se expandi\u00f3 7,9% anual, una moderaci\u00f3n frente a lo registrado en el periodo anterior.<\/p>\n<p id=\"p571509-m696-25-697\" class=\"parrafo\">El reporte se\u00f1al\u00f3 que las cifras a corto plazo sugieren que el \u201caterrizaje de la econom\u00eda colombiana est\u00e1 ocurriendo gradualmente\u201d.<\/p>\n<p>Tomado de: PORTAFOLIO<\/p>","protected":false},"excerpt":{"rendered":"<p>La econom\u00eda colombiana viene de varios meses con crecimientos muy positivos a ra\u00edz de la reactivaci\u00f3n tras la pandemia. Incluso, durante el primer semestre del a\u00f1o, el producto interno bruto (PIB) todav\u00eda mostraba tasas de expansi\u00f3n importante, con un 10,6% para el acumulado a junio y de 8,6% y 12,6% para el primer y segundo<\/p>","protected":false},"author":1,"featured_media":0,"comment_status":"closed","ping_status":"closed","sticky":false,"template":"","format":"standard","meta":{"footnotes":""},"categories":[181],"tags":[],"class_list":["post-9972","post","type-post","status-publish","format-standard","hentry","category-noticias"],"views":48,"_links":{"self":[{"href":"https:\/\/www.amchambaq.com\/en\/wp-json\/wp\/v2\/posts\/9972","targetHints":{"allow":["GET"]}}],"collection":[{"href":"https:\/\/www.amchambaq.com\/en\/wp-json\/wp\/v2\/posts"}],"about":[{"href":"https:\/\/www.amchambaq.com\/en\/wp-json\/wp\/v2\/types\/post"}],"author":[{"embeddable":true,"href":"https:\/\/www.amchambaq.com\/en\/wp-json\/wp\/v2\/users\/1"}],"replies":[{"embeddable":true,"href":"https:\/\/www.amchambaq.com\/en\/wp-json\/wp\/v2\/comments?post=9972"}],"version-history":[{"count":1,"href":"https:\/\/www.amchambaq.com\/en\/wp-json\/wp\/v2\/posts\/9972\/revisions"}],"predecessor-version":[{"id":9974,"href":"https:\/\/www.amchambaq.com\/en\/wp-json\/wp\/v2\/posts\/9972\/revisions\/9974"}],"wp:attachment":[{"href":"https:\/\/www.amchambaq.com\/en\/wp-json\/wp\/v2\/media?parent=9972"}],"wp:term":[{"taxonomy":"category","embeddable":true,"href":"https:\/\/www.amchambaq.com\/en\/wp-json\/wp\/v2\/categories?post=9972"},{"taxonomy":"post_tag","embeddable":true,"href":"https:\/\/www.amchambaq.com\/en\/wp-json\/wp\/v2\/tags?post=9972"}],"curies":[{"name":"wp","href":"https:\/\/api.w.org\/{rel}","templated":true}]}}