{"id":9960,"date":"2022-09-20T09:16:29","date_gmt":"2022-09-20T14:16:29","guid":{"rendered":"https:\/\/www.amchambaq.com\/?p=9960"},"modified":"2022-09-20T09:16:29","modified_gmt":"2022-09-20T14:16:29","slug":"mas-de-600-empresas-de-la-costa-podrian-exportar-a-venezuela","status":"publish","type":"post","link":"https:\/\/www.amchambaq.com\/en\/mas-de-600-empresas-de-la-costa-podrian-exportar-a-venezuela\/","title":{"rendered":"M\u00e1s de 600 empresas de la Costa podr\u00edan exportar a Venezuela"},"content":{"rendered":"<p>En la frontera con\u00a0<strong>Venezuela<\/strong>\u00a0se podr\u00eda implementar la figura de zonas econ\u00f3micas especiales como un mecanismo para promover el intercambio comercial y las inversiones binacionales.<\/p>\n<p>As\u00ed se plante\u00f3 durante un encuentro de empresarios de\u00a0<strong>Barranquilla<\/strong>\u00a0y la<strong>\u00a0regi\u00f3n Caribe<\/strong>\u00a0con el ministro de Comercio, Industria y Turismo,\u00a0<strong>Germ\u00e1n Uma\u00f1a<\/strong>, y el embajador de Colombia en Venezuela,<strong>\u00a0Armando Benedetti.<\/strong><\/p>\n<p>Esta reuni\u00f3n tuvo como objetivo analizar el proceso de reactivaci\u00f3n de las relaciones binacionales y fue convocada por la Embajada de Colombia en Venezuela, organizada por la C<strong>\u00e1mara de Comercio de Barranquilla\u00a0<\/strong>con apoyo del Comit\u00e9 Intergremial del Atl\u00e1ntico, ProBarranquilla y la firma de abogados\u00a0<strong>Pava D\u00edaz Arana.<\/strong><\/p>\n<p>\u201cEstas son zonas en frontera que permitir\u00e1n la integraci\u00f3n de los dos pa\u00edses para fortalecer la competitividad, la producci\u00f3n, la prestaci\u00f3n de bienes y servicios y las exportaciones hacia terceros pa\u00edses\u201d, dijo el ministro.<\/p>\n<p>Funcionar\u00edan en La Guajira y en las regiones de integraci\u00f3n colombo-venezolanas y permitir\u00e1n crear cadenas de valor con la peque\u00f1a y mediana empresa y generar mayores alternativas de inversiones.<\/p>\n<p>Uma\u00f1a afirm\u00f3 que Colombia avanza en la reconstrucci\u00f3n de las relaciones desde diferentes frentes no solo econ\u00f3mico, sino de seguridad, social y diplom\u00e1tico.<\/p>\n<p>Uno de los temas en los que se trabaja es en la seguridad jur\u00eddica para las inversiones y para el comercio exterior. Este fue uno de los principales interrogantes expresados por los empresarios.<\/p>\n<p>Destac\u00f3 que el proceso de reactivaci\u00f3n de las relaciones comerciales va de la mano con el cierre de brechas en las zonas de frontera.<\/p>\n<p>La reapertura de la frontera est\u00e1 programada para este 26 de septiembre y el presidente\u00a0<strong>Gustavo Petro<\/strong>\u00a0confirm\u00f3 su presencia en este acto.<\/p>\n<p>Por su parte, Armando Benedetti destac\u00f3 la participaci\u00f3n de los empresarios de la regi\u00f3n, de diferentes sectores y tama\u00f1os, quienes est\u00e1n interesados en la reactivaci\u00f3n del intercambio comercial.<\/p>\n<p>\u201cEste es el primer ejercicio que hacemos en el pa\u00eds y lo quise hacer en Barranquilla\u201d, dijo el diplom\u00e1tico.<\/p>\n<p>Sostuvo que se buscar\u00e1 que se abra una ruta comercial entre Barranquilla y Caracas, la cual podr\u00e1 atender a la conectividad a\u00e9rea dela\u00a0<strong>Costa Caribe.<\/strong><\/p>\n<p>Con respecto a las zonas econ\u00f3micas especiales, dijo que ser\u00edan similares a las zonas francas y contar\u00edan con exenciones de impuestos y otras medidas para incentivar el comercio.<\/p>\n<p>Entre los retos que se deben asumir en este proceso se encuentran temas como la infraestructura migratoria, de controles fitosanitarios y otros.<\/p>\n<p>Tambi\u00e9n se mostr\u00f3 convencido de que se va a reducir el contrabando y otras actividades ilegales. \u201cCuando se abra la frontera se arrebatar\u00e1 ese espacio para las mafias, se dice que hay unas 300 trochas\u201d, agreg\u00f3.<\/p>\n<div class=\"field-item odd\">\n<div class=\"content-titulo\">\n<div class=\"titulo\"><strong>Recuperaci\u00f3n de la demanda<\/strong><\/div>\n<\/div>\n<\/div>\n<div class=\"field-item even\">\n<div class=\"entity entity-paragraphs-item paragraphs-item-descripcion\">\n<div class=\"content\">\n<div class=\"field field-name-field-descripcion field-type-text-long field-label-hidden\">\n<div class=\"field-items\">\n<div class=\"field-item even\">\n<p>De acuerdo con el ministro Uma\u00f1a, se espera cerrar este a\u00f1o con exportaciones por el orden de\u00a0 los USD1.200 millones y en los pr\u00f3ximo cuatro a\u00f1os esta cifra llegar\u00eda a unos USD4.500 millones.<\/p>\n<p>El funcionario advirti\u00f3 que si bien es cierto que Venezuela ya registra crecimiento econ\u00f3mico, la demanda se va a recuperar en forma moderada.<\/p>\n<p>Es por ello que el Gobierno promover\u00e1 la oferta venezolana en el pa\u00eds con el fin de evitar que se presente una balanza comercial deficitaria con Colombia.<\/p>\n<div class=\"field-item even\">\n<div class=\"content-titulo\">\n<div class=\"titulo\"><strong>Empresas coste\u00f1as<\/strong><\/div>\n<\/div>\n<\/div>\n<div class=\"field-item odd\">\n<div class=\"entity entity-paragraphs-item paragraphs-item-descripcion\">\n<div class=\"content\">\n<div class=\"field field-name-field-descripcion field-type-text-long field-label-hidden\">\n<div class=\"field-items\">\n<div class=\"field-item even\">\n<p>Se calcula al retomarse las relaciones comerciales con Venezuela que son m\u00e1s de 600 las empresas de la regi\u00f3n que estar\u00edan en condiciones de comenzar a exportar hacia este pa\u00eds.<\/p>\n<p>El presidente del Comit\u00e9 Intergremial del Atl\u00e1ntico, Efra\u00edn Cepeda, dijo que la recuperaci\u00f3n de la confianza comercial es el pilar de las relaciones binacionales. \u201cLa seguridad jur\u00eddica fue otro de los temas que sali\u00f3 a relucir, para saber c\u00f3mo ser\u00eda el tema de los pagos de las exportaciones colombianas a Venezuela\u201d, indic\u00f3.<\/p>\n<p>Para el dirigente gremial, en este proceso las empresas del Atl\u00e1ntico se ver\u00e1n beneficiadas con el aumento de sus exportaciones, las cuales en 2018 eran de unos USD350 millones.<\/p>\n<p>\u201cCon el crecimiento de la econom\u00eda venezolana y la dolarizaci\u00f3n se recupera la demanda y se abren grandes posibilidades para las empresas de la regi\u00f3n\u201d, indic\u00f3.<\/p>\n<p>Se han identificado sectores con oportunidades como alimentos, metalmec\u00e1nico, salud y el\u00e9ctrico, entre otros.<\/p>\n<p>A su vez, el gerente de la Asociaci\u00f3n Nacional de Empresarios (ANDI), seccional Atl\u00e1ntico y Magdalena, Alberto Vives, asegur\u00f3 que hay muchas expectativas frente a la reactivaci\u00f3n de las relaciones comerciales.<\/p>\n<p>\u201cPara la regi\u00f3n Caribe y Barranquilla es clave este mercado y creo que hay oportunidades interesantes que dinamizan esta econom\u00eda\u201d, detall\u00f3 el empresario.<\/p>\n<p>A su vez, la presidente de Acopi, Rosmery Quintero,\u00a0 afirm\u00f3 que Venezuela es el mercado natural para Colombia y que son muchas las oportunidades que se presentan para las mipymes.<\/p>\n<p>\u201cHay inquietudes que se presentan y se necesita que las empresas sean m\u00e1s competitivas para poder exportar\u201d, agreg\u00f3.<\/p>\n<p>Para el gremio de las micro, peque\u00f1as y medianas empresas se deben garantizar las condiciones que las hagan m\u00e1s competitivas y una de ellas es una tarifa de energ\u00eda que sea justa.<\/p>\n<div class=\"field-item odd\">\n<div class=\"content-titulo\">\n<div class=\"titulo\"><strong>Temas que generan inquietudes<\/strong><\/div>\n<\/div>\n<\/div>\n<div class=\"field-item even\">\n<div class=\"entity entity-paragraphs-item paragraphs-item-descripcion\">\n<div class=\"content\">\n<div class=\"field field-name-field-descripcion field-type-text-long field-label-hidden\">\n<div class=\"field-items\">\n<div class=\"field-item even\">\n<p>Seguridad jur\u00eddica, doble tributaci\u00f3n y sanciones de Estados Unidos a Venezuela fueron varios de los interrogantes planteados por los empresarios de la Costa Caribe en el espacio abierto por el Gobierno nacional en el que se analiz\u00f3 la reactivaci\u00f3n de las relaciones con este pa\u00eds. Las compa\u00f1\u00edas interesadas en retomar el intercambio comercial se\u00f1alaron que les interesa tener una mayor claridad sobre los bancos autorizados para realizar transacciones y la forma c\u00f3mo se realizar\u00e1n los pagos de las exportaciones, pues no quieren repetir experiencias del pasado, y tambi\u00e9n sobre la necesidad de que se aumenten los controles al contrabando.<\/p>\n<p>Como respuesta a estas inquietudes el ministro Germ\u00e1n Uma\u00f1a dijo que\u00a0 ya se est\u00e1 trabajando en estos temas, incluyendo la manera de recibir los pagos anticipados bien sea por bancos o por cuentas de compensaci\u00f3n, entre otros.<\/p>\n<p>Tomado de: EL HERALDO+<\/p>\n<\/div>\n<\/div>\n<\/div>\n<\/div>\n<\/div>\n<\/div>\n<\/div>\n<\/div>\n<\/div>\n<\/div>\n<\/div>\n<\/div>\n<div class=\"field-item even\">\n<div id=\"relacionado-body\">\n<div class=\"box-title\"><\/div>\n<\/div>\n<\/div>\n<\/div>\n<\/div>\n<\/div>\n<\/div>\n<\/div>\n<\/div>","protected":false},"excerpt":{"rendered":"<p>En la frontera con\u00a0Venezuela\u00a0se podr\u00eda implementar la figura de zonas econ\u00f3micas especiales como un mecanismo para promover el intercambio comercial y las inversiones binacionales. As\u00ed se plante\u00f3 durante un encuentro de empresarios de\u00a0Barranquilla\u00a0y la\u00a0regi\u00f3n Caribe\u00a0con el ministro de Comercio, Industria y Turismo,\u00a0Germ\u00e1n Uma\u00f1a, y el embajador de Colombia en Venezuela,\u00a0Armando Benedetti. Esta reuni\u00f3n tuvo como<\/p>","protected":false},"author":1,"featured_media":9961,"comment_status":"closed","ping_status":"closed","sticky":false,"template":"","format":"standard","meta":{"footnotes":""},"categories":[181],"tags":[],"class_list":["post-9960","post","type-post","status-publish","format-standard","has-post-thumbnail","hentry","category-noticias"],"views":78,"_links":{"self":[{"href":"https:\/\/www.amchambaq.com\/en\/wp-json\/wp\/v2\/posts\/9960","targetHints":{"allow":["GET"]}}],"collection":[{"href":"https:\/\/www.amchambaq.com\/en\/wp-json\/wp\/v2\/posts"}],"about":[{"href":"https:\/\/www.amchambaq.com\/en\/wp-json\/wp\/v2\/types\/post"}],"author":[{"embeddable":true,"href":"https:\/\/www.amchambaq.com\/en\/wp-json\/wp\/v2\/users\/1"}],"replies":[{"embeddable":true,"href":"https:\/\/www.amchambaq.com\/en\/wp-json\/wp\/v2\/comments?post=9960"}],"version-history":[{"count":1,"href":"https:\/\/www.amchambaq.com\/en\/wp-json\/wp\/v2\/posts\/9960\/revisions"}],"predecessor-version":[{"id":9962,"href":"https:\/\/www.amchambaq.com\/en\/wp-json\/wp\/v2\/posts\/9960\/revisions\/9962"}],"wp:featuredmedia":[{"embeddable":true,"href":"https:\/\/www.amchambaq.com\/en\/wp-json\/wp\/v2\/media\/9961"}],"wp:attachment":[{"href":"https:\/\/www.amchambaq.com\/en\/wp-json\/wp\/v2\/media?parent=9960"}],"wp:term":[{"taxonomy":"category","embeddable":true,"href":"https:\/\/www.amchambaq.com\/en\/wp-json\/wp\/v2\/categories?post=9960"},{"taxonomy":"post_tag","embeddable":true,"href":"https:\/\/www.amchambaq.com\/en\/wp-json\/wp\/v2\/tags?post=9960"}],"curies":[{"name":"wp","href":"https:\/\/api.w.org\/{rel}","templated":true}]}}