{"id":9934,"date":"2022-09-13T10:59:40","date_gmt":"2022-09-13T15:59:40","guid":{"rendered":"https:\/\/www.amchambaq.com\/?p=9934"},"modified":"2022-09-13T10:59:40","modified_gmt":"2022-09-13T15:59:40","slug":"economia-colombiana-ocde-resalto-la-actividad-en-el-pais-en-agosto","status":"publish","type":"post","link":"https:\/\/www.amchambaq.com\/en\/economia-colombiana-ocde-resalto-la-actividad-en-el-pais-en-agosto\/","title":{"rendered":"Econom\u00eda colombiana: Ocde resalt\u00f3 la actividad en el pa\u00eds en agosto"},"content":{"rendered":"<p>La Organizaci\u00f3n para la Cooperaci\u00f3n y el Desarrollo (Ocde) revel\u00f3, este lunes 12 de septiembre, un nuevo informe sobre el<b>\u00a0rendimiento de sus indicadores econ\u00f3micos avanzados,<\/b>\u00a0cuya din\u00e1mica en la gran mayor\u00eda de\u00a0<b>grandes econom\u00edas deja pinceladas de la tan mencionada desaceleraci\u00f3n<\/b>\u00a0que se experimentar\u00e1 este a\u00f1o.<\/p>\n<p id=\"pnull-m200-3-201\" class=\"parrafo\">A la par de ese escenario,<b>\u00a0Colombia resalta como la segunda mejor econom\u00eda de los pa\u00edses de la regi\u00f3n,\u00a0<\/b>por detr\u00e1s de\u00a0<b>M\u00e9xico\u00a0<\/b>y por delante de\u00a0<b>Chile\u00a0<\/b>y\u00a0<b>Brasil,\u00a0<\/b>no miembro del bloque.<\/p>\n<p id=\"pnull-m250-3-251\" class=\"parrafo\">El pa\u00eds &#8216;azteca&#8217; registr\u00f3 101,11 puntos en su Indicadores Adelantados Compuestos (CLI), mientras Colombia logr\u00f3 100,89. Chile marc\u00f3 95,69.<\/p>\n<div id=\"pnull-m264-4-265\" class=\"highlighted\">\n<div id=\"m269-268-270\" class=\"tiemposBold3\"><strong>Debilitamiento en Europa<\/strong><\/div>\n<\/div>\n<p id=\"pnull-m257-4-258\" class=\"parrafo\">La Ocde s\u00ed inform\u00f3 que percibi\u00f3, un mes m\u00e1s, signos de debilitamiento econ\u00f3mico en sus grandes pa\u00edses miembros, con una se\u00f1al particularmente clara en la zona euro y en sus principales miembros, empezando por\u00a0<b>Alemania.<\/b><\/p>\n<p id=\"pnull-m279-6-280\" class=\"parrafo\"><b><\/b>Los CLI de agosto en Europa se\u00f1alaron, por anticipado, cambios en el ciclo econ\u00f3mico y reiteraron una tendencia constatada desde hace varios meses, en particular desde el inicio de la guerra en Ucrania.<\/p>\n<p>En el caso de Alemania la ca\u00edda fue de 44 cent\u00e9simas, a 98,47 puntos).<\/p>\n<p>La dimensi\u00f3n de las bajas (que hay que interpretar m\u00e1s como una indicaci\u00f3n de un cambio de tendencia que como una medida del crecimiento de la actividad) es tambi\u00e9n significativa para\u00a0<b>Italia\u00a0<\/b>(27 cent\u00e9simas, a 98,15 puntos),\u00a0<b>Espa\u00f1a\u00a0<\/b>(18 cent\u00e9simas, a 98,63 puntos) o\u00a0<b>Francia\u00a0<\/b>(14 cent\u00e9simas, a 97,96).<\/p>\n<p id=\"pnull-m300-9-301\" class=\"parrafo\">Fuera de la eurozona, se registran ca\u00eddas, aunque menos pronunciadas que en meses anteriores, en\u00a0<b>Canad\u00e1<\/b>\u00a0(27 cent\u00e9simas, a 98,53 puntos),\u00a0<b>Estados Unidos<\/b>\u00a0(13 cent\u00e9simas a 98,81 puntos).<\/p>\n<p id=\"pnull-m307-10-308\" class=\"parrafo\">En cuanto a las grandes econom\u00edas emergentes que no forman parte de la Ocde, el indicador de China apunta ahora a una inflexi\u00f3n del ritmo de crecimiento (reducci\u00f3n de 15 cent\u00e9simas, a 98,05 puntos).<\/p>\n<p>Tomado de: PORTAFOLIO<\/p>","protected":false},"excerpt":{"rendered":"<p>La Organizaci\u00f3n para la Cooperaci\u00f3n y el Desarrollo (Ocde) revel\u00f3, este lunes 12 de septiembre, un nuevo informe sobre el\u00a0rendimiento de sus indicadores econ\u00f3micos avanzados,\u00a0cuya din\u00e1mica en la gran mayor\u00eda de\u00a0grandes econom\u00edas deja pinceladas de la tan mencionada desaceleraci\u00f3n\u00a0que se experimentar\u00e1 este a\u00f1o. A la par de ese escenario,\u00a0Colombia resalta como la segunda mejor econom\u00eda<\/p>","protected":false},"author":1,"featured_media":9496,"comment_status":"closed","ping_status":"closed","sticky":false,"template":"","format":"standard","meta":{"footnotes":""},"categories":[181],"tags":[],"class_list":["post-9934","post","type-post","status-publish","format-standard","has-post-thumbnail","hentry","category-noticias"],"views":85,"_links":{"self":[{"href":"https:\/\/www.amchambaq.com\/en\/wp-json\/wp\/v2\/posts\/9934","targetHints":{"allow":["GET"]}}],"collection":[{"href":"https:\/\/www.amchambaq.com\/en\/wp-json\/wp\/v2\/posts"}],"about":[{"href":"https:\/\/www.amchambaq.com\/en\/wp-json\/wp\/v2\/types\/post"}],"author":[{"embeddable":true,"href":"https:\/\/www.amchambaq.com\/en\/wp-json\/wp\/v2\/users\/1"}],"replies":[{"embeddable":true,"href":"https:\/\/www.amchambaq.com\/en\/wp-json\/wp\/v2\/comments?post=9934"}],"version-history":[{"count":1,"href":"https:\/\/www.amchambaq.com\/en\/wp-json\/wp\/v2\/posts\/9934\/revisions"}],"predecessor-version":[{"id":9935,"href":"https:\/\/www.amchambaq.com\/en\/wp-json\/wp\/v2\/posts\/9934\/revisions\/9935"}],"wp:featuredmedia":[{"embeddable":true,"href":"https:\/\/www.amchambaq.com\/en\/wp-json\/wp\/v2\/media\/9496"}],"wp:attachment":[{"href":"https:\/\/www.amchambaq.com\/en\/wp-json\/wp\/v2\/media?parent=9934"}],"wp:term":[{"taxonomy":"category","embeddable":true,"href":"https:\/\/www.amchambaq.com\/en\/wp-json\/wp\/v2\/categories?post=9934"},{"taxonomy":"post_tag","embeddable":true,"href":"https:\/\/www.amchambaq.com\/en\/wp-json\/wp\/v2\/tags?post=9934"}],"curies":[{"name":"wp","href":"https:\/\/api.w.org\/{rel}","templated":true}]}}