{"id":9870,"date":"2022-08-24T14:59:20","date_gmt":"2022-08-24T19:59:20","guid":{"rendered":"https:\/\/www.amchambaq.com\/?p=9870"},"modified":"2022-08-24T14:59:20","modified_gmt":"2022-08-24T19:59:20","slug":"arranca-la-instalacion-de-paneles-solares-en-colegios-de-barranquilla","status":"publish","type":"post","link":"https:\/\/www.amchambaq.com\/en\/arranca-la-instalacion-de-paneles-solares-en-colegios-de-barranquilla\/","title":{"rendered":"Arranca la instalaci\u00f3n de paneles solares en colegios de Barranquilla"},"content":{"rendered":"<p>M\u00e1s de 1.283 estudiantes y docentes se beneficiar\u00e1n con un\u00a0proyecto de auto generaci\u00f3n el\u00e9ctrica a partir de energ\u00eda solar, por medio de la instalaci\u00f3n de 100 paneles solares en la\u00a0Instituci\u00f3n Educativa Sim\u00f3n Bol\u00edvar, sede dos, que se logra gracias al\u00a0trabajo articulado entre el\u00a0Distrito y\u00a0Alumbrado P\u00fablico de Barranquilla (APBAQ).<\/p>\n<p>A\u00a0trav\u00e9s de una firma protocolaria se oficializ\u00f3 el proyecto, que significa el comienzo de una \u201cera de autogeneraci\u00f3n\u201d con tecnolog\u00eda fotovoltaica, teniendo como principal protagonista la luz solar por m\u00e1s de siete horas diarias para generar y proveer la electricidad para los estudiantes y docentes del colegio.<\/p>\n<p>El alcalde Jaime Pumarejo indic\u00f3 que esta ser\u00e1 una nueva oportunidad para la ciudad y que se ha dado cuenta que invertir en energ\u00eda renovable es un \u201cbuen\u201d negocio.<\/p>\n<p>\u201cHoy es un d\u00eda muy importante, no solo para Barranquilla, sino para Latinoam\u00e9rica y el mundo. Hoy podemos decir que le estamos mandando un mensaje al mundo entero porque somos una de las pocas ciudades que est\u00e1 generando la energ\u00eda por la luz solar\u201d, dijo Pumarejo.<\/p>\n<p>Estos paneles que permitir\u00e1 el ahorro hasta en un 25 % en la facturaci\u00f3n, la generaci\u00f3n de 500 empleos verdes y la reducci\u00f3n aproximada de 23.000 toneladas de gases de efecto invernadero suministrar\u00e1n energ\u00eda verde a edificios como Caminos y Pasos, colegios, escenarios deportivos, mercados y Centros de Atenci\u00f3n Inmediata para la Seguridad Ciudadana (CAI), entre otros.<\/p>\n<p>Agreg\u00f3 que Barranquilla ha obligado a implementar proyectos \u201cingeniosos\u201d. \u201cSacamos cuenta y nada m\u00e1s en los colegios estamos gastando $18 mil millones al a\u00f1o y por eso estamos invirtiendo\u201d.<\/p>\n<p>\u201cHicimos reemplazar a largo plazo una factura de energ\u00eda a una renovable para invertir nuestros recursos en otros proyectos. Son m\u00e1s de 70 mil paneles solares que instalaremos en la ciudad y vamos a empezar a ofrecerle a los hogares e industrias estos paneles para revisar su comportamiento el cual estar\u00e1 en tu factura de Triple A\u201d, manifest\u00f3.<\/p>\n<p>El mandatario destac\u00f3 que fue en una secci\u00f3n del Concejo\u00a0 los que ayudaron a pensar en este proyecto que ayudar\u00e1 a que a Barranquilla se acerque a ser una biodiverciudad.<\/p>\n<p>A su turno, el gerente de APBAQ, Carlos Sarabia, sostuvo que este nuevo proyecto ayudar\u00e1 a mejorar la calidad de vida y la econom\u00eda de los barranquilleros.<\/p>\n<p>Mencion\u00f3, adem\u00e1s, que este nuevo sistema de energ\u00eda solar pone a la ciudad en la mira de otras zonas del pa\u00eds para que repliquen este modelo.<\/p>\n<p>\u201cHoy en d\u00eda podemos decir que ya comenzamos esta nueva etapa en la ciudad generando energ\u00eda solar. ser\u00e1 la gran contribuci\u00f3n de Barranquilla al pa\u00eds y al mundo para mejorar la calidad del aire que respiramos, aportando al cuidado y equilibrio del medio ambiente\u201d,<\/p>\n<p>El presidente de Entoria Energy (empresa aliada del proyecto), Vicenzo Fagiuoli, explic\u00f3 que en el mundo apenas el 5 % de energ\u00eda est\u00e1 generada por fuentes solares, mientras que en Colombia solo este indicador llega al 1 %.<\/p>\n<p>La secretaria de Educaci\u00f3n, Bibiana Rinc\u00f3n, manifest\u00f3 que con la noticia de este nuevo proyecto, las instalaciones educativas distritales podr\u00e1n invertir recursos que antes se utilizaban para pagar facturas en continuar trabajando por mejorar la calidad e infraestructura de estos colegios.<\/p>\n<p>\u201cEste dinero estar\u00e1 destinado a lo que es realmente importante, la calidad educativa\u201d, agreg\u00f3 Rinc\u00f3n.<\/p>\n<p>Por su parte, el jefe de la Oficina de Servicios P\u00fablicos, Juan Carlos G\u00f3mez Vallejo, sostuvo que los servicios en la ciudad ser\u00e1n beneficiados con este proyecto debido a que ayudar\u00e1 a que esos gastos de funcionamiento del consumo de energ\u00eda se reduzca.<\/p>\n<p>\u201cA trav\u00e9s de Triple A vamos a comenzar los pilotos en algunos sectores de la ciudad porque entendemos la problem\u00e1tica de las altas tarifas que tenemos en la regi\u00f3n\u201d, dijo el funcionario.<\/p>\n<p>Tomado de: EL HERALDO<\/p>","protected":false},"excerpt":{"rendered":"<p>M\u00e1s de 1.283 estudiantes y docentes se beneficiar\u00e1n con un\u00a0proyecto de auto generaci\u00f3n el\u00e9ctrica a partir de energ\u00eda solar, por medio de la instalaci\u00f3n de 100 paneles solares en la\u00a0Instituci\u00f3n Educativa Sim\u00f3n Bol\u00edvar, sede dos, que se logra gracias al\u00a0trabajo articulado entre el\u00a0Distrito y\u00a0Alumbrado P\u00fablico de Barranquilla (APBAQ). A\u00a0trav\u00e9s de una firma protocolaria se oficializ\u00f3<\/p>","protected":false},"author":1,"featured_media":9871,"comment_status":"closed","ping_status":"closed","sticky":false,"template":"","format":"standard","meta":{"footnotes":""},"categories":[181],"tags":[],"class_list":["post-9870","post","type-post","status-publish","format-standard","has-post-thumbnail","hentry","category-noticias"],"views":214,"_links":{"self":[{"href":"https:\/\/www.amchambaq.com\/en\/wp-json\/wp\/v2\/posts\/9870","targetHints":{"allow":["GET"]}}],"collection":[{"href":"https:\/\/www.amchambaq.com\/en\/wp-json\/wp\/v2\/posts"}],"about":[{"href":"https:\/\/www.amchambaq.com\/en\/wp-json\/wp\/v2\/types\/post"}],"author":[{"embeddable":true,"href":"https:\/\/www.amchambaq.com\/en\/wp-json\/wp\/v2\/users\/1"}],"replies":[{"embeddable":true,"href":"https:\/\/www.amchambaq.com\/en\/wp-json\/wp\/v2\/comments?post=9870"}],"version-history":[{"count":1,"href":"https:\/\/www.amchambaq.com\/en\/wp-json\/wp\/v2\/posts\/9870\/revisions"}],"predecessor-version":[{"id":9872,"href":"https:\/\/www.amchambaq.com\/en\/wp-json\/wp\/v2\/posts\/9870\/revisions\/9872"}],"wp:featuredmedia":[{"embeddable":true,"href":"https:\/\/www.amchambaq.com\/en\/wp-json\/wp\/v2\/media\/9871"}],"wp:attachment":[{"href":"https:\/\/www.amchambaq.com\/en\/wp-json\/wp\/v2\/media?parent=9870"}],"wp:term":[{"taxonomy":"category","embeddable":true,"href":"https:\/\/www.amchambaq.com\/en\/wp-json\/wp\/v2\/categories?post=9870"},{"taxonomy":"post_tag","embeddable":true,"href":"https:\/\/www.amchambaq.com\/en\/wp-json\/wp\/v2\/tags?post=9870"}],"curies":[{"name":"wp","href":"https:\/\/api.w.org\/{rel}","templated":true}]}}