{"id":9846,"date":"2022-08-16T08:47:19","date_gmt":"2022-08-16T13:47:19","guid":{"rendered":"https:\/\/www.amchambaq.com\/?p=9846"},"modified":"2022-08-16T08:47:19","modified_gmt":"2022-08-16T13:47:19","slug":"barranquilla-sera-sede-de-foro-sobre-transicion-energetica","status":"publish","type":"post","link":"https:\/\/www.amchambaq.com\/en\/barranquilla-sera-sede-de-foro-sobre-transicion-energetica\/","title":{"rendered":"Barranquilla ser\u00e1 sede de foro sobre transici\u00f3n energ\u00e9tica"},"content":{"rendered":"<p>La transici\u00f3n energ\u00e9tica ser\u00e1 el tema central de un foro que se realiza este jueves 18 de agosto en Barranquilla organizado por AmCham cap\u00edtulo\u00a0 Barranquilla con el apoyo de la Alcald\u00eda y la Embajada de Estados Unidos.<\/p>\n<p>La presidente de Naturgas, Luz Stella Murgas, dijo que durante este evento se analizar\u00e1 el papel importante del gas en la transici\u00f3n, al igual que en el bienestar y calidad de vida de los habitantes de la Costa Atl\u00e1ntica.<\/p>\n<p>\u201cVamos a analizar casos de \u00e9xito locales y participar\u00e1n expertos internacionales en materia de energ\u00eda y uso de tecnolog\u00edas renovables\u201d, explic\u00f3 y dijo que se contar\u00e1 con la asistencia de empresarios, l\u00edderes del sector energ\u00e9tico, l\u00edderes gremiales e invitados especiales de la Embajada de Estados Unidos.<\/p>\n<p>\u201cQueremos conversar en torno al futuro y no solamente en t\u00e9rminos de pol\u00edticas p\u00fablicas, sino tambi\u00e9n de desarrollo de los mercados, que es lo que se requiere para poder acelerar la transici\u00f3n energ\u00e9tica alineados con la gran apuesta que tiene el Gobierno del presidente Gustavo Petro, pues ser\u00e1 muy importante el rol del gas natural\u201d, indico.<\/p>\n<p>Tomado de: EL HERALDO<\/p>","protected":false},"excerpt":{"rendered":"<p>La transici\u00f3n energ\u00e9tica ser\u00e1 el tema central de un foro que se realiza este jueves 18 de agosto en Barranquilla organizado por AmCham cap\u00edtulo\u00a0 Barranquilla con el apoyo de la Alcald\u00eda y la Embajada de Estados Unidos. La presidente de Naturgas, Luz Stella Murgas, dijo que durante este evento se analizar\u00e1 el papel importante del<\/p>","protected":false},"author":1,"featured_media":9847,"comment_status":"closed","ping_status":"closed","sticky":false,"template":"","format":"standard","meta":{"footnotes":""},"categories":[181],"tags":[],"class_list":["post-9846","post","type-post","status-publish","format-standard","has-post-thumbnail","hentry","category-noticias"],"views":182,"_links":{"self":[{"href":"https:\/\/www.amchambaq.com\/en\/wp-json\/wp\/v2\/posts\/9846","targetHints":{"allow":["GET"]}}],"collection":[{"href":"https:\/\/www.amchambaq.com\/en\/wp-json\/wp\/v2\/posts"}],"about":[{"href":"https:\/\/www.amchambaq.com\/en\/wp-json\/wp\/v2\/types\/post"}],"author":[{"embeddable":true,"href":"https:\/\/www.amchambaq.com\/en\/wp-json\/wp\/v2\/users\/1"}],"replies":[{"embeddable":true,"href":"https:\/\/www.amchambaq.com\/en\/wp-json\/wp\/v2\/comments?post=9846"}],"version-history":[{"count":1,"href":"https:\/\/www.amchambaq.com\/en\/wp-json\/wp\/v2\/posts\/9846\/revisions"}],"predecessor-version":[{"id":9848,"href":"https:\/\/www.amchambaq.com\/en\/wp-json\/wp\/v2\/posts\/9846\/revisions\/9848"}],"wp:featuredmedia":[{"embeddable":true,"href":"https:\/\/www.amchambaq.com\/en\/wp-json\/wp\/v2\/media\/9847"}],"wp:attachment":[{"href":"https:\/\/www.amchambaq.com\/en\/wp-json\/wp\/v2\/media?parent=9846"}],"wp:term":[{"taxonomy":"category","embeddable":true,"href":"https:\/\/www.amchambaq.com\/en\/wp-json\/wp\/v2\/categories?post=9846"},{"taxonomy":"post_tag","embeddable":true,"href":"https:\/\/www.amchambaq.com\/en\/wp-json\/wp\/v2\/tags?post=9846"}],"curies":[{"name":"wp","href":"https:\/\/api.w.org\/{rel}","templated":true}]}}