{"id":9843,"date":"2022-08-12T16:34:20","date_gmt":"2022-08-12T21:34:20","guid":{"rendered":"https:\/\/www.amchambaq.com\/?p=9843"},"modified":"2022-08-12T16:34:20","modified_gmt":"2022-08-12T21:34:20","slug":"panorama-de-la-transicion-energetica-desde-el-caribe-colombiano","status":"publish","type":"post","link":"https:\/\/www.amchambaq.com\/en\/panorama-de-la-transicion-energetica-desde-el-caribe-colombiano\/","title":{"rendered":"Panorama de la transici\u00f3n energ\u00e9tica desde el Caribe colombiano"},"content":{"rendered":"<p><strong>Barranquilla, 12 de agosto 2022.<\/strong> En la pr\u00f3xima semana, la capital del departamento del Atl\u00e1ntico ser\u00e1 la sede del Foro Transici\u00f3n Energ\u00e9tica: mejorando la calidad de vida del Caribe.<\/p>\n<p>La implementaci\u00f3n de energ\u00edas limpias y el uso de tecnolog\u00edas renovables juegan un papel fundamental para frenar el calentamiento global y el cambio clim\u00e1tico. Sobre estos temas, han surgido desde hace varios a\u00f1os diferentes an\u00e1lisis a nivel mundial, creando conciencia entre el sector p\u00fablico, privado y las comunidades, con el prop\u00f3sito de acelerar los cambios que pueden contribuir no solo al medio ambiente sino tambi\u00e9n la econom\u00eda y la sociedad.<\/p>\n<p>Teniendo esto en cuenta, la C\u00e1mara de Comercio Colombo Americana (AmCham Barranquilla &amp; Atl\u00e1ntico), con el apoyo de la Alcald\u00eda Distrital, la Embajada de Estados Unidos en Colombia y Naturgas, llevar\u00e1n a cabo el pr\u00f3ximo jueves 18 de agosto, el foro presencial <strong><em>Transici\u00f3n Energ\u00e9tica: mejorando la calidad de vida del Caribe, <\/em><\/strong>un espacio en el que conferencistas e invitados especiales abordar\u00e1n los avances y proyecciones que desde los diferentes sectores se est\u00e1n implementando en esta materia.<\/p>\n<p>En el evento, se contar\u00e1 con la participaci\u00f3n de:<\/p>\n<ul>\n<li>Ricardo Plata Sarabia &#8211; Secretario Distrital de Desarrollo Econ\u00f3mico<\/li>\n<li>Luz Stella Murgas &#8211; Presidente de Naturgas<\/li>\n<li>John Simmons &#8211; Oficial Comercial Regional Andino y Centro Am\u00e9rica. Embajada de los Estados Unidos<\/li>\n<li>Luis Miguel Fern\u00e1ndez &#8211; Presidente de Termocandelaria y Tebsa<\/li>\n<li>Alberto Vives, Gerente Seccional ANDI Atl\u00e1ntico y Magdalena<\/li>\n<li>Federico Echavarr\u00eda, Gerente General, AES<\/li>\n<li>Thomas Black. Cambio Clim\u00e1tico. USAID. Embajada de los EE.UU.<\/li>\n<li>Ryan Klang, Asociado Econ\u00f3mico &#8211; U.S. Department Of State<\/li>\n<li>Ram\u00f3n D\u00e1vila, Presidente, Gases del Caribe<\/li>\n<li>Carlos Sarabia, Gerente, Alumbrado P\u00fablico Distrital de Barranquilla<\/li>\n<li>Andr\u00e9s Yabrudy, Presidente, Gecelca<\/li>\n<li>Marcos San Juan \u2013 Gerente de Innovaci\u00f3n, Promigas<\/li>\n<li>Camilo Morales- Secretario General, Naturgas.<\/li>\n<li>Roberto Garc\u00eda, Gerente Administrativo, Isa Transelca<\/li>\n<\/ul>\n<p>Al foro, que tendr\u00e1 lugar en el Hotel Hilton Garden Inn, asistir\u00e1n m\u00e1s de 100 empresarios, l\u00edderes del sector energ\u00e9tico, l\u00edderes gremiales e invitados especiales de la Embajada de Estados Unidos en Colombia.<\/p>\n<p>Con este espacio, se buscar seguir fortaleciendo el sector empresarial y dar a conocer como desde cada organizaci\u00f3n podemos ser part\u00edcipes y contribuir con energ\u00edas limpias y renovables que mejoren la calidad de vida en el caribe colombiano.<\/p>\n<p>&nbsp;<\/p>\n<p><strong>PARA M\u00c1S INFORMACI\u00d3N<\/strong><\/p>\n<p><strong><em>Mar\u00eda Alejandra Col\u00f3n<\/em><\/strong><\/p>\n<p>Comunicaciones AmCham Barranquilla<\/p>\n<p>comunicaciones@amchambaq.com<\/p>\n<p>Tel: 3176573900<\/p>\n<p><strong>\u00a0<\/strong><\/p>\n<p><strong>REDES SOCIALES<\/strong><\/p>\n<p><em>Facebook:<\/em> https:\/\/www.facebook.com\/AmChamColombiaBarranquilla\/<\/p>\n<p><em>Twitter:<\/em> https:\/\/twitter.com\/AmChamBaq<\/p>\n<p><em>Linkedin:<\/em> https:\/\/co.linkedin.com\/company\/amchambaq<\/p>\n<p><em>Instagram:<\/em> https:\/\/www.instagram.com\/amchambarranquilla\/<\/p>\n<p><em>P\u00e1gina web AmCham:<\/em> <a href=\"http:\/\/www.amchambaq.com\/en\/\">http:\/\/www.amchambaq.com\/<\/a><\/p>","protected":false},"excerpt":{"rendered":"<p>Barranquilla, 12 de agosto 2022. En la pr\u00f3xima semana, la capital del departamento del Atl\u00e1ntico ser\u00e1 la sede del Foro Transici\u00f3n Energ\u00e9tica: mejorando la calidad de vida del Caribe. La implementaci\u00f3n de energ\u00edas limpias y el uso de tecnolog\u00edas renovables juegan un papel fundamental para frenar el calentamiento global y el cambio clim\u00e1tico. Sobre estos<\/p>","protected":false},"author":1,"featured_media":9844,"comment_status":"closed","ping_status":"closed","sticky":false,"template":"","format":"standard","meta":{"footnotes":""},"categories":[181],"tags":[],"class_list":["post-9843","post","type-post","status-publish","format-standard","has-post-thumbnail","hentry","category-noticias"],"views":114,"_links":{"self":[{"href":"https:\/\/www.amchambaq.com\/en\/wp-json\/wp\/v2\/posts\/9843","targetHints":{"allow":["GET"]}}],"collection":[{"href":"https:\/\/www.amchambaq.com\/en\/wp-json\/wp\/v2\/posts"}],"about":[{"href":"https:\/\/www.amchambaq.com\/en\/wp-json\/wp\/v2\/types\/post"}],"author":[{"embeddable":true,"href":"https:\/\/www.amchambaq.com\/en\/wp-json\/wp\/v2\/users\/1"}],"replies":[{"embeddable":true,"href":"https:\/\/www.amchambaq.com\/en\/wp-json\/wp\/v2\/comments?post=9843"}],"version-history":[{"count":1,"href":"https:\/\/www.amchambaq.com\/en\/wp-json\/wp\/v2\/posts\/9843\/revisions"}],"predecessor-version":[{"id":9845,"href":"https:\/\/www.amchambaq.com\/en\/wp-json\/wp\/v2\/posts\/9843\/revisions\/9845"}],"wp:featuredmedia":[{"embeddable":true,"href":"https:\/\/www.amchambaq.com\/en\/wp-json\/wp\/v2\/media\/9844"}],"wp:attachment":[{"href":"https:\/\/www.amchambaq.com\/en\/wp-json\/wp\/v2\/media?parent=9843"}],"wp:term":[{"taxonomy":"category","embeddable":true,"href":"https:\/\/www.amchambaq.com\/en\/wp-json\/wp\/v2\/categories?post=9843"},{"taxonomy":"post_tag","embeddable":true,"href":"https:\/\/www.amchambaq.com\/en\/wp-json\/wp\/v2\/tags?post=9843"}],"curies":[{"name":"wp","href":"https:\/\/api.w.org\/{rel}","templated":true}]}}