{"id":9837,"date":"2022-08-10T08:52:48","date_gmt":"2022-08-10T13:52:48","guid":{"rendered":"https:\/\/www.amchambaq.com\/?p=9837"},"modified":"2022-08-10T08:52:48","modified_gmt":"2022-08-10T13:52:48","slug":"masiva-muestra-de-solidaridad-y-rechazo-a-la-extorsion-en-barranquilla","status":"publish","type":"post","link":"https:\/\/www.amchambaq.com\/en\/masiva-muestra-de-solidaridad-y-rechazo-a-la-extorsion-en-barranquilla\/","title":{"rendered":"Masiva muestra de solidaridad y rechazo a la extorsi\u00f3n en Barranquilla"},"content":{"rendered":"<p>Los gremios de\u00a0<strong>Barranquilla y el Atl\u00e1ntico<\/strong>, la academia y la sociedad civil se unieron, en la tarde de este martes, para rechazar los casos de extorsiones que se registraron durante las \u00faltimas semanas en la ciudad y su \u00e1rea metropolitana.<\/p>\n<p>Los l\u00edderes gremiales se sumaron a las voces de los comerciantes, tenderos y conductores de transporte p\u00fablico para decir al un\u00edsono \u201c<strong>no a la extorsi\u00f3n<\/strong>\u00a0en la ciudad de Barranquilla\u201d.<\/p>\n<p>La<strong>\u00a0C\u00e1mara de Comercio<\/strong>, la Andi, Fenalco, Undeco y el Comit\u00e9 Intergremial del Atl\u00e1ntico lideraron la convocatoria en la plazoleta del centro de eventos Puerta de Oro. En este lugar, un multitudinario grupo de ciudadanos realiz\u00f3 un minuto de silencio y elev\u00f3 oraciones por las v\u00edctimas de la extorsi\u00f3n, en especial por los conductores asesinados en las \u00faltimas semanas.<\/p>\n<p>La ciudadan\u00eda se congreg\u00f3 vestida de blanco, con globos blancos y pancartas en las que pod\u00edan leerse frases como \u201cBarranquilla unida rechaza a los bandidos\u201d, \u201cEsta es la Barranquilla sensible,<strong>\u00a0solidaria y valiente<\/strong>, la que dice no a la extorsi\u00f3n\u201d.<\/p>\n<p>Uno de los que alz\u00f3 su voz fue\u00a0<strong>Orlando Jim\u00e9nez<\/strong>, directivo de Undeco en el Atl\u00e1ntico, quien expres\u00f3 que desde la entidad abrazan, acompa\u00f1an y apoyan a las v\u00edctimas de estos atentados y de la delincuencia.<\/p>\n<p>\u201cDe igual manera vamos a brindar todo el apoyo a las decisiones que tomen las autoridades para contrarrestar este flagelo. El llamado es a que analicemos la problem\u00e1tica a fondo. Barranquilla es una ciudad que siempre se ha caracterizado por ser un remanso de paz. Hoy d\u00eda estamos pasando por un momento dif\u00edcil y esperamos que el nuevo ministro de Justicia, ministro de Defensa y el ministro de Interior analicen la problem\u00e1tica que estamos viviendo ac\u00e1 y destinen los recursos necesarios para\u00a0<strong>combatir la criminalidad<\/strong>\u201d, indic\u00f3.<\/p>\n<p>A su turno,\u00a0<strong>Yilda Castro<\/strong>, directora de Fenalco, pidi\u00f3 que \u201cdejen trabajar tranquilos a los empresarios y comerciantes para que puedan, por fin, recuperarse de la crisis que ocasion\u00f3 la pandemia\u201d.<\/p>\n<p><strong>Alberto Vives<\/strong>, gerente de la Andi en el Atl\u00e1ntico, expres\u00f3 que \u201ceste es un territorio de paz, un territorio pr\u00f3spero que atraviesa un momento dif\u00edcil\u201d, por lo que esperan que las autoridades brinden el acompa\u00f1amiento a la sociedad civil.<\/p>\n<p>As\u00ed mismo hizo un llamado al Gobierno nacional \u201cpara que refuercen el sistema judicial en la capital del Atl\u00e1ntico y puedan judicializar a las personas que est\u00e1n detr\u00e1s de las extorsiones y asesinatos de<strong>\u00a0trabajadores honestos y de comerciantes<\/strong>\u201d.<\/p>\n<div class=\"field-item even\">\n<div class=\"content-titulo\">\n<div class=\"titulo\"><strong>Otras voces<\/strong><\/div>\n<\/div>\n<\/div>\n<div class=\"field-item odd\">\n<div class=\"entity entity-paragraphs-item paragraphs-item-descripcion\">\n<div class=\"content\">\n<div class=\"field field-name-field-descripcion field-type-text-long field-label-hidden\">\n<div class=\"field-items\">\n<div class=\"field-item even\">\n<p><strong>Charles Chapman L\u00f3pez<\/strong>, l\u00edder gremial en Atl\u00e1ntico, indic\u00f3 que como muestra de solidaridad con las v\u00edctimas realizaron la convocatoria para rechazar los actos de los extorsionistas y brindar su apoyo a la fuerza p\u00fablica y las autoridades.<\/p>\n<p>Por su parte,\u00a0<strong>Efra\u00edn Cepeda Tarud<\/strong>, presidente del Comit\u00e9 Intergremial Atl\u00e1ntico, dijo que \u201ctodos en este momento debemos estar unidos. Barranquilla ha demostrado que nada le queda grande y que todos estamos unidos. Vamos a lograr grandes cosas y sacar estos problemas adelante. El empresariado le dice no a la extorsi\u00f3n y rechazamos estos actos criminales\u201d.<\/p>\n<p>Mientras que\u00a0<strong>Manuel Fern\u00e1ndez<\/strong>, director de la C\u00e1mara de Comercio, dijo que \u201choy homenajeamos a todos las mujeres y hombres valientes que contin\u00faan trabajando con determinaci\u00f3n en sus negocios, que levantan su voz y enfrentan desde acciones pac\u00edficas y simb\u00f3licas como esta el desenfreno criminal y violento de unos pocos\u201d.<\/p>\n<p><strong>Acciones de la Polic\u00eda<\/strong><\/p>\n<\/div>\n<\/div>\n<\/div>\n<\/div>\n<\/div>\n<\/div>\n<div class=\"field-item odd\">\n<div class=\"entity entity-paragraphs-item paragraphs-item-descripcion\">\n<div class=\"content\">\n<div class=\"field field-name-field-descripcion field-type-text-long field-label-hidden\">\n<div class=\"field-items\">\n<div class=\"field-item even\">\n<p>A la convocatoria de los gremios y sociedad civil se uni\u00f3 el nuevo comandante de la\u00a0<strong>Polic\u00eda Metropolitana de Barranquilla<\/strong>, coronel Jorge Urquijo, quien asegur\u00f3 que como parte de los operativos contra la extorsi\u00f3n en la capital del Atl\u00e1ntico se realizaron allanamientos este martes en la c\u00e1rcel Modelo, donde encontraron 25 celulares que eran utilizados por los reclusos para extorsionar a la ciudadan\u00eda.<\/p>\n<p>\u201cHemos logrado m\u00e1s de 113 capturas, incautaci\u00f3n de armas de fuego, y hoy (martes) en\u00a0<strong>diferentes operativos en la c\u00e1rcel Modelo<\/strong>\u201d, inform\u00f3 el coronel Urquijo.<\/p>\n<p>As\u00ed mismo indic\u00f3 que trabajan en la captura de otros dos delincuentes vinculados a asesinatos, identificados por los alias de Cheo y \u2018Dami\u00e1n\u2019, por los que ofrecen una recompensa de hasta 100 millones de pesos por cada uno.<\/p>\n<p>Tomado de: EL HERALDO<\/p>\n<\/div>\n<\/div>\n<\/div>\n<\/div>\n<\/div>\n<\/div>\n<p>&nbsp;<\/p>","protected":false},"excerpt":{"rendered":"<p>Los gremios de\u00a0Barranquilla y el Atl\u00e1ntico, la academia y la sociedad civil se unieron, en la tarde de este martes, para rechazar los casos de extorsiones que se registraron durante las \u00faltimas semanas en la ciudad y su \u00e1rea metropolitana. Los l\u00edderes gremiales se sumaron a las voces de los comerciantes, tenderos y conductores de<\/p>","protected":false},"author":1,"featured_media":9838,"comment_status":"closed","ping_status":"closed","sticky":false,"template":"","format":"standard","meta":{"footnotes":""},"categories":[181],"tags":[],"class_list":["post-9837","post","type-post","status-publish","format-standard","has-post-thumbnail","hentry","category-noticias"],"views":100,"_links":{"self":[{"href":"https:\/\/www.amchambaq.com\/en\/wp-json\/wp\/v2\/posts\/9837","targetHints":{"allow":["GET"]}}],"collection":[{"href":"https:\/\/www.amchambaq.com\/en\/wp-json\/wp\/v2\/posts"}],"about":[{"href":"https:\/\/www.amchambaq.com\/en\/wp-json\/wp\/v2\/types\/post"}],"author":[{"embeddable":true,"href":"https:\/\/www.amchambaq.com\/en\/wp-json\/wp\/v2\/users\/1"}],"replies":[{"embeddable":true,"href":"https:\/\/www.amchambaq.com\/en\/wp-json\/wp\/v2\/comments?post=9837"}],"version-history":[{"count":1,"href":"https:\/\/www.amchambaq.com\/en\/wp-json\/wp\/v2\/posts\/9837\/revisions"}],"predecessor-version":[{"id":9839,"href":"https:\/\/www.amchambaq.com\/en\/wp-json\/wp\/v2\/posts\/9837\/revisions\/9839"}],"wp:featuredmedia":[{"embeddable":true,"href":"https:\/\/www.amchambaq.com\/en\/wp-json\/wp\/v2\/media\/9838"}],"wp:attachment":[{"href":"https:\/\/www.amchambaq.com\/en\/wp-json\/wp\/v2\/media?parent=9837"}],"wp:term":[{"taxonomy":"category","embeddable":true,"href":"https:\/\/www.amchambaq.com\/en\/wp-json\/wp\/v2\/categories?post=9837"},{"taxonomy":"post_tag","embeddable":true,"href":"https:\/\/www.amchambaq.com\/en\/wp-json\/wp\/v2\/tags?post=9837"}],"curies":[{"name":"wp","href":"https:\/\/api.w.org\/{rel}","templated":true}]}}