{"id":9820,"date":"2022-08-08T08:59:58","date_gmt":"2022-08-08T13:59:58","guid":{"rendered":"https:\/\/www.amchambaq.com\/?p=9820"},"modified":"2022-08-08T08:59:58","modified_gmt":"2022-08-08T13:59:58","slug":"los-tres-pilares-de-la-nueva-reforma-tributaria","status":"publish","type":"post","link":"https:\/\/www.amchambaq.com\/en\/los-tres-pilares-de-la-nueva-reforma-tributaria\/","title":{"rendered":"Los tres pilares de la nueva reforma tributaria"},"content":{"rendered":"<p>El<strong>\u00a0equipo econ\u00f3mico<\/strong>\u00a0del nuevo gobierno trabaja a toda m\u00e1quina con el fin de radicar la nueva reforma tributaria este lunes 8 de agosto.<\/p>\n<p>La importancia del proyecto que ser\u00e1 puesto a consideraci\u00f3n del\u00a0<strong>Congreso de la Rep\u00fablica<\/strong>\u00a0es que representar\u00e1 ingresos cercanos a los\u00a0<strong>$50 billones\u00a0<\/strong>con los que se financiar\u00e1n varias iniciativas clave para el gobierno de\u00a0<strong>Gustavo Petro.<\/strong><\/p>\n<p>El nuevo\u00a0<strong>ministro de Hacienda, Jos\u00e9 Antonio Ocampo<\/strong>, ha se\u00f1alado que con la reforma se esperan ingresos a corto plazo por unos $25 billones, los que gradualmente subir\u00e1n hasta llegar a unos $45 o $50 billones. \u201cEsto depender\u00e1 b\u00e1sicamente de las medidas contra la evasi\u00f3n, que es un tema central de la reforma\u201d, detall\u00f3.<\/p>\n<p>Igualmente ha descartado que se piense gravar los productos de la canasta familiar, pero s\u00ed se aplicar\u00e1n los llamados \u201cimpuestos saludables\u201d a productos azucarados y<strong>\u00a0alimentos ultraprocesados<\/strong>, por ejemplo.<\/p>\n<p>\u201cEl \u00e9xito de estos impuestos es que no se recaude nada y que cambien sus<strong>\u00a0patrones de consumo<\/strong>\u00a0de los colombianos hacia bebidas y comidas saludables\u201d, a\u00f1adi\u00f3.<\/p>\n<p>Para Ocampo, el Gobierno tiene dos tareas complejas que son terminar de reducir ajuste fiscal, lo cual qued\u00f3 pendiente, y responder a las demandas sociales financiando los programas adicionales como el de lucha contra el hambre. \u201cHay que hacer una<strong>\u00a0reforma tributaria<\/strong>\u00a0grande, es la \u00fanica manera de manejar este doble reto\u201d, dijo.<\/p>\n<p>Otras disposiciones que estar\u00edan contenidas en la reforma son el aumento de la tarifa del impuesto a las ganancias ocasionales que actualmente es de un 10 % a cerca del 20 %, y la eliminaci\u00f3n de la figura de los<strong>\u00a0d\u00edas sin IVA.<\/strong><\/p>\n<p>Sobre los objetivos de esta nueva reforma, el director del\u00a0<strong>Observatorio Fiscal de la Universidad Javieriana, Oliver Pardo,<\/strong>\u00a0se\u00f1al\u00f3 que hay una disyuntiva, ya que por un lado se promete que los impuestos solo van a aumentar para un porcentaje muy peque\u00f1o de la poblaci\u00f3n, pero por el otro hay una meta ambiciosa de recaudo.<\/p>\n<p>En l\u00ednea con esto se espera que las personas de m\u00e1s altos ingresos tendr\u00e1n un aumento significativo de su carga tributaria.<\/p>\n<p>Pardo afirm\u00f3 que en este proceso ser\u00e1 clave el fortalecimiento de las capacidades de la\u00a0<strong>Direcci\u00f3n de Impuestos y Aduanas Nacionales<\/strong>\u00a0(Dian) para la luchar contra la elusi\u00f3n y evasi\u00f3n, al igual que agilizar las reglamentaciones necesarias.<\/p>\n<p>\u201cTodo esto toma algo de tiempo y la pregunta que surge es que si las metas de recaudo podr\u00e1n lograrse dado que son cambios muy importantes para un grupo de personas\u201d, dijo el experto.<\/p>\n<p>Con respecto a la unificaci\u00f3n de\u00a0\u00a0<strong>beneficios tributarios<\/strong>\u00a0para que se apliquen a todos los sectores econ\u00f3micos, se\u00f1al\u00f3 que esta fue una recomendaci\u00f3n de la\u00a0<strong>Comisi\u00f3n de Expertos\u00a0<\/strong>y que es positiva ya que los incentivos para ciertos sectores al final aumentan la carga tributaria para otros.<\/p>\n<p>\u201cSi se reducen significativamente esos beneficios tributarios y se ampl\u00eda la base gravable se abre la oportunidad de que se reduzca la tarifa para las empresas. Desafortunadamente ese no parece ser el inter\u00e9s de gobierno dado que est\u00e1 m\u00e1s enfocado en aumentar el ingreso con prop\u00f3sitos de aumentar el gasto\u201d, se\u00f1al\u00f3 Pardo.<\/p>\n<div class=\"field-item odd\">\n<div class=\"content-titulo\">\n<div class=\"titulo\"><strong>Impuesto de renta a personas naturales<\/strong><\/div>\n<\/div>\n<\/div>\n<div class=\"field-item even\">\n<div class=\"entity entity-paragraphs-item paragraphs-item-descripcion\">\n<div class=\"content\">\n<div class=\"field field-name-field-descripcion field-type-text-long field-label-hidden\">\n<div class=\"field-items\">\n<div class=\"field-item even\">\n<p>El ministro Jos\u00e9 Antonio Ocampo afirm\u00f3 que el<strong>\u00a0primer pilar\u00a0<\/strong>d<strong>e la reforma tributaria\u00a0<\/strong>es el impuesto de renta para las\u00a0<strong>personas naturales\u00a0<\/strong>de m\u00e1s altos ingresos, por lo que se buscar\u00e1 captar las rentas de esos sectores. \u201cTanto en personas naturales como jur\u00eddicas vamos a poner un l\u00edmite que indique el m\u00e1ximo de beneficios tributarios que pueden usar\u201d, agreg\u00f3.<\/p>\n<p>Un informe de la\u00a0<strong>Ocde\u00a0<\/strong>de 2021 se\u00f1ala que los ingresos por el pago de impuestos de renta de las personas naturales representan el 1,2 % del\u00a0<strong>PIB\u00a0<\/strong>de Colombia, mientras que el promedio de la organizaci\u00f3n es del 8,1 %. \u201cHay una estructura tributaria muy recargada sobre las empresas y poco sobre las personas, y en el caso de las de altos ingresos la tasa de tributaci\u00f3n efectiva disminuye\u201d, se\u00f1al\u00f3.<\/p>\n<p>Entre las iniciativas que se pondr\u00e1n en marcha est\u00e1n retomar el impuesto al patrimonio, el cual aplicar\u00e1 para los patrimonios superiores a $2.000 millones.<\/p>\n<p>Ocampo tambi\u00e9n ha se\u00f1alado que no se establecer\u00eda un impuesto de renta presuntiva.<\/p>\n<p>La modificaci\u00f3n del impuesto de renta para personas naturales aplicar\u00e1 a quienes tengan ingresos superiores a $10 millones y habr\u00e1 modificaci\u00f3n a las exenciones vigentes, con lo que se reducir\u00eda el monto del beneficio existente en las cuentas para el\u00a0<strong>fomento de la construcci\u00f3n\u00a0<\/strong>(AFC) a cerca de 700 unidades de valor tributario (UVT) como m\u00e1ximo.<\/p>\n<p>El experto\u00a0<strong>Oliver Pardo<\/strong>\u00a0se\u00f1al\u00f3 que aumentar los impuestos a los de mayores ingresos es bueno para la\u00a0<strong>progresividad\u00a0<\/strong>y el sistema tributario, pero genera preguntas con respecto a la capacidad administrativa que tenga la<strong>\u00a0Dian<\/strong>\u00a0para evitar que esas personas escondan sus recursos con el objetivo de no tributar.<\/p>\n<div class=\"field-item even\">\n<div class=\"content-titulo\">\n<div class=\"titulo\"><strong>Tributaci\u00f3n del sector empresarial<\/strong><\/div>\n<\/div>\n<\/div>\n<div class=\"field-item odd\">\n<div class=\"entity entity-paragraphs-item paragraphs-item-descripcion\">\n<div class=\"content\">\n<div class=\"field field-name-field-descripcion field-type-text-long field-label-hidden\">\n<div class=\"field-items\">\n<div class=\"field-item even\">\n<p>Si bien se reconoce que el nivel de tributaci\u00f3n de las empresas en<strong>\u00a0Colombia\u00a0<\/strong>es alto, se plantea realizar una serie de revisiones, en especial al\u00a0<strong>impuesto de renta\u00a0<\/strong>que pagan, con el fin de racionalizar los beneficios. Se plantea eliminar los beneficios sectoriales para que todas las empresas cuenten con el mismo tratamiento.<\/p>\n<p>El ministro Ocampo dijo que si hay \u00e9xito con los objetivos de esta reforma se podr\u00e1 tramitar otra orientada a reducir impuestos a las empresas. \u201cLa tasa de impuestos de las empresas de un 35 % es una de las m\u00e1s altas del mundo\u201d, agreg\u00f3.<\/p>\n<p>La<strong>\u00a0presidente de Acopi, Rosmery Quintero<\/strong>, dijo que tras una reuni\u00f3n con el ministro Ocampo y el director de la Dian,<strong>\u00a0Luis Carlos Reyes,\u00a0<\/strong>se mostraron a favor de hacer ajustes al<strong>\u00a0R\u00e9gimen Simple de Tributaci\u00f3n<\/strong>, con miras a lograr una mayor formalizaci\u00f3n.<\/p>\n<p>Adem\u00e1s, se contempla la revisi\u00f3n de los beneficios que reciben las empresas que se encuentran en las zonas francas, las cuales deber\u00e1n tener un m\u00ednimo de exportaciones. Es as\u00ed como las empresas que estando en dichas zonas francas no cumplan con esa cuota deber\u00e1n tributar renta normal sobre el 35 %.<\/p>\n<div class=\"field-item odd\">\n<div class=\"content-titulo\">\n<div class=\"titulo\"><strong>Lucha frontal contra la evasi\u00f3n y la elusi\u00f3n<\/strong><\/div>\n<\/div>\n<\/div>\n<div class=\"field-item even\">\n<div class=\"entity entity-paragraphs-item paragraphs-item-descripcion\">\n<div class=\"content\">\n<div class=\"field field-name-field-descripcion field-type-text-long field-label-hidden\">\n<div class=\"field-items\">\n<div class=\"field-item even\">\n<p>La\u00a0<strong>evasi\u00f3n<\/strong>\u00a0en Colombia se calcula en unos $80 billones y uno de los pilares de la nueva reforma es reducir esta cifra. \u201cSi pudi\u00e9ramos controlarla (la evasi\u00f3n y la elusi\u00f3n) a lo mejor no habr\u00eda necesidad de hacer ninguna reforma tributaria, nos sobrar\u00eda plata\u201d, precis\u00f3 el ministro Ocampo. Destac\u00f3 que \u201ces un tema gradual, pero esencial que requiere mejoras en la administraci\u00f3n de la Dian, en lo que ya se ha avanzado en gobiernos anteriores\u201d. El director del la Dian se\u00f1al\u00f3 que se intensificar\u00e1n los sistemas de intercambio de informaci\u00f3n con otros pa\u00edses para combatir la evasi\u00f3n fiscal.<\/p>\n<p><strong>Jaime Enrique G\u00f3mez, socio de Posse Herrera Ruiz,\u00a0<\/strong>asegur\u00f3 que si bien es un prop\u00f3sito com\u00fan de todas las reformas tributarias, la experiencia demuestra que si no se acompa\u00f1a con una gesti\u00f3n eficiente de las autoridades es muy dif\u00edcil lograr una reducci\u00f3n de los \u00edndices. \u201cSe deber\u00eda buscar simplificar el sistema tributario, para facilitar la determinaci\u00f3n y pago de impuestos para los contribuyentes y propiciar tarifas razonables que no los incentiven a implementar estructuras agresivas de planeaci\u00f3n tributaria\u201d, a\u00f1adi\u00f3.\u00a0 A su vez, el director del Observatorio Fiscal de la Universidad Javeriana dijo que \u201cel Gobierno sabe cu\u00e1l es el potencial de recaudo a trav\u00e9s del control de la evasi\u00f3n y efectivamente habr\u00e1 un aumento de recursos para la Dian para que pueda cumplir esa labor de fiscalizaci\u00f3n\u201d.<\/p>\n<p>Se\u00f1al\u00f3 que se debe analizar cu\u00e1nto tiempo se tomar\u00e1 montar todas estas esas infraestructuras administrativas y si ser\u00e1\u00a0 suficiente para aumentar el recaudo por concepto de control de evasi\u00f3n, al menos en el corto plazo.<\/p>\n<p>La elusi\u00f3n fiscal se da cuando el contribuyente manipula medidas que son permitidas por la ley para no pagar impuestos, mientras la evasi\u00f3n consiste en ocultar la obligaci\u00f3n tributaria, evitar el pago de impuestos.<\/p>\n<p>Tomado de: EL HERALDO<\/p>\n<\/div>\n<\/div>\n<\/div>\n<\/div>\n<\/div>\n<\/div>\n<\/div>\n<\/div>\n<\/div>\n<\/div>\n<\/div>\n<\/div>\n<\/div>\n<\/div>\n<\/div>\n<\/div>\n<\/div>\n<\/div>","protected":false},"excerpt":{"rendered":"<p>El\u00a0equipo econ\u00f3mico\u00a0del nuevo gobierno trabaja a toda m\u00e1quina con el fin de radicar la nueva reforma tributaria este lunes 8 de agosto. La importancia del proyecto que ser\u00e1 puesto a consideraci\u00f3n del\u00a0Congreso de la Rep\u00fablica\u00a0es que representar\u00e1 ingresos cercanos a los\u00a0$50 billones\u00a0con los que se financiar\u00e1n varias iniciativas clave para el gobierno de\u00a0Gustavo Petro. El<\/p>","protected":false},"author":1,"featured_media":9821,"comment_status":"closed","ping_status":"closed","sticky":false,"template":"","format":"standard","meta":{"footnotes":""},"categories":[181],"tags":[],"class_list":["post-9820","post","type-post","status-publish","format-standard","has-post-thumbnail","hentry","category-noticias"],"views":81,"_links":{"self":[{"href":"https:\/\/www.amchambaq.com\/en\/wp-json\/wp\/v2\/posts\/9820","targetHints":{"allow":["GET"]}}],"collection":[{"href":"https:\/\/www.amchambaq.com\/en\/wp-json\/wp\/v2\/posts"}],"about":[{"href":"https:\/\/www.amchambaq.com\/en\/wp-json\/wp\/v2\/types\/post"}],"author":[{"embeddable":true,"href":"https:\/\/www.amchambaq.com\/en\/wp-json\/wp\/v2\/users\/1"}],"replies":[{"embeddable":true,"href":"https:\/\/www.amchambaq.com\/en\/wp-json\/wp\/v2\/comments?post=9820"}],"version-history":[{"count":1,"href":"https:\/\/www.amchambaq.com\/en\/wp-json\/wp\/v2\/posts\/9820\/revisions"}],"predecessor-version":[{"id":9822,"href":"https:\/\/www.amchambaq.com\/en\/wp-json\/wp\/v2\/posts\/9820\/revisions\/9822"}],"wp:featuredmedia":[{"embeddable":true,"href":"https:\/\/www.amchambaq.com\/en\/wp-json\/wp\/v2\/media\/9821"}],"wp:attachment":[{"href":"https:\/\/www.amchambaq.com\/en\/wp-json\/wp\/v2\/media?parent=9820"}],"wp:term":[{"taxonomy":"category","embeddable":true,"href":"https:\/\/www.amchambaq.com\/en\/wp-json\/wp\/v2\/categories?post=9820"},{"taxonomy":"post_tag","embeddable":true,"href":"https:\/\/www.amchambaq.com\/en\/wp-json\/wp\/v2\/tags?post=9820"}],"curies":[{"name":"wp","href":"https:\/\/api.w.org\/{rel}","templated":true}]}}